{"id":320988,"date":"2025-08-15T14:37:10","date_gmt":"2025-08-15T14:37:10","guid":{"rendered":"https:\/\/www.europesays.com\/fr\/320988\/"},"modified":"2025-08-15T14:37:10","modified_gmt":"2025-08-15T14:37:10","slug":"deux-vehicules-impliques-dans-un-accident-sur-la7-a-la-sortie-de-marseille","status":"publish","type":"post","link":"https:\/\/www.europesays.com\/fr\/320988\/","title":{"rendered":"deux v\u00e9hicules impliqu\u00e9s dans un accident sur l&rsquo;A7 \u00e0 la sortie de Marseille"},"content":{"rendered":"<p>Sur l&rsquo;autoroute A7, \u00e0 la sortie de Marseille et dans le secteur des Arnavaux, deux v\u00e9hicules sont impliqu\u00e9s dans un accident de la circulation.<\/p>\n<p>Une voie, celle de droite (la voie lente), est coup\u00e9e au trafic dans cette zone. Les marins-pompiers sont sur place, une personne \u00e9tant l\u00e9g\u00e8rement bless\u00e9e selon les premi\u00e8res informations.<\/p>\n<p>Les patrouilleurs de la Direction interd\u00e9partementale M\u00e9diterran\u00e9e (Dirmed) sont aussi venus s\u00e9curiser la circulation. Et une d\u00e9panneuse va arriver afin de prendre en charge une voiture ou les deux. Un bouchon est en cours sur cette portion autorouti\u00e8re : il s&rsquo;\u00e9tale sur un kilom\u00e8tre. Le secteur est \u00e0 \u00e9viter pour l&rsquo;heure.<\/p>\n<p>Par ricochet, la rocade L2 est aussi touch\u00e9e par une retenue, \u00e0 l&rsquo;arriv\u00e9e sur l&rsquo;A7.<\/p>\n","protected":false},"excerpt":{"rendered":"Sur l&rsquo;autoroute A7, \u00e0 la sortie de Marseille et dans le secteur des Arnavaux, deux v\u00e9hicules sont impliqu\u00e9s&hellip;\n","protected":false},"author":2,"featured_media":320989,"comment_status":"","ping_status":"","sticky":false,"template":"","format":"standard","meta":{"footnotes":""},"categories":[2814],"tags":[17,119,1111,11,1102,1446,4070,1777,674,274,1011,27,15543,1922,884,12,882,25,1097,7727],"class_list":{"0":"post-320988","1":"post","2":"type-post","3":"status-publish","4":"format-standard","5":"has-post-thumbnail","7":"category-marseille","8":"tag-17","9":"tag-accident","10":"tag-actu","11":"tag-actualites","12":"tag-breakingnews","13":"tag-dans","14":"tag-deux","15":"tag-eu","16":"tag-europe","17":"tag-faits-divers-justice","18":"tag-fr","19":"tag-france","20":"tag-impliques","21":"tag-info","22":"tag-marseille","23":"tag-news","24":"tag-provence-alpes-cote-dazur","25":"tag-republique-francaise","26":"tag-trafic","27":"tag-vehicules"},"share_on_mastodon":{"url":"https:\/\/pubeurope.com\/@fr\/115033292373643157","error":""},"_links":{"self":[{"href":"https:\/\/www.europesays.com\/fr\/wp-json\/wp\/v2\/posts\/320988","targetHints":{"allow":["GET"]}}],"collection":[{"href":"https:\/\/www.europesays.com\/fr\/wp-json\/wp\/v2\/posts"}],"about":[{"href":"https:\/\/www.europesays.com\/fr\/wp-json\/wp\/v2\/types\/post"}],"author":[{"embeddable":true,"href":"https:\/\/www.europesays.com\/fr\/wp-json\/wp\/v2\/users\/2"}],"replies":[{"embeddable":true,"href":"https:\/\/www.europesays.com\/fr\/wp-json\/wp\/v2\/comments?post=320988"}],"version-history":[{"count":0,"href":"https:\/\/www.europesays.com\/fr\/wp-json\/wp\/v2\/posts\/320988\/revisions"}],"wp:featuredmedia":[{"embeddable":true,"href":"https:\/\/www.europesays.com\/fr\/wp-json\/wp\/v2\/media\/320989"}],"wp:attachment":[{"href":"https:\/\/www.europesays.com\/fr\/wp-json\/wp\/v2\/media?parent=320988"}],"wp:term":[{"taxonomy":"category","embeddable":true,"href":"https:\/\/www.europesays.com\/fr\/wp-json\/wp\/v2\/categories?post=320988"},{"taxonomy":"post_tag","embeddable":true,"href":"https:\/\/www.europesays.com\/fr\/wp-json\/wp\/v2\/tags?post=320988"}],"curies":[{"name":"wp","href":"https:\/\/api.w.org\/{rel}","templated":true}]}}