{"id":320990,"date":"2025-08-15T14:38:22","date_gmt":"2025-08-15T14:38:22","guid":{"rendered":"https:\/\/www.europesays.com\/fr\/320990\/"},"modified":"2025-08-15T14:38:22","modified_gmt":"2025-08-15T14:38:22","slug":"marseille-veut-recruter-4-joueurs-de-plus","status":"publish","type":"post","link":"https:\/\/www.europesays.com\/fr\/320990\/","title":{"rendered":"Marseille veut recruter 4 joueurs de plus"},"content":{"rendered":"<p style=\"text-align: justify;\"><strong>TRANSFERTS OM \u2013 Selon <a href=\"https:\/\/www.lequipe.fr\/Football\/Actualites\/Rowe-sur-le-marche-un-defenseur-espere-l-om-encore-actif-au-moment-de-lancer-sa-saison\/1585207\" target=\"_blank\" rel=\"noopener\">L\u2019\u00c9quipe<\/a>, l\u2019Olympique de Marseille veut recruter encore quatre joueurs pour la saison 2025-2026.\u00a0<\/strong><\/p>\n<p style=\"text-align: justify;\">L\u2019<strong>Olympique<\/strong> <strong>de<\/strong> <strong>Marseille<\/strong>, qui d\u00e9marre sa saison ce vendredi face au <strong>Stade<\/strong> <strong>Rennais<\/strong>, a d\u00e9j\u00e0 r\u00e9alis\u00e9 un mercato int\u00e9ressant avec plusieurs recrues. Mais <strong>Medhi<\/strong> <strong>Benatia<\/strong> et <strong>Pablo<\/strong> <strong>Longoria<\/strong> sont toujours au four et au moulin avec deux objectifs : vendre les joueurs ind\u00e9sirables pour remplir les caisses et recruter pour compl\u00e9ter l\u2019effectif.<\/p>\n<p>4 recrues encore vis\u00e9es<\/p>\n<p style=\"text-align: justify;\">Les <strong>Olympiens<\/strong> cherchent encore quatre joueurs pour ce mercato estival, \u00e0 commencer par un d\u00e9fenseur central. <strong>Joel Ord\u00f3\u00f1ez<\/strong> est la priorit\u00e9 de l\u2019<strong>OM<\/strong>, mais\u00a0le club doit vendre pour d\u00e9gager des liquidit\u00e9s. D\u2019autres profils sont suivis comme <strong>Nayef<\/strong> <strong>Aguerd,<\/strong> mais la concurrence est rude sur ce dossier. Toujours en d\u00e9fense, <strong>Marseille<\/strong> cherche un d\u00e9fenseur gauche et aimerait le trouver sous la forme d\u2019un pr\u00eat.<\/p>\n<p style=\"text-align: justify;\">L\u2019<strong>Olympique de Marseille<\/strong> cherche aussi toujours un milieu de terrain et n\u2019a pour le moment pas l\u00e2ch\u00e9 <strong>Isma\u00ebl<\/strong> <strong>Bennacer<\/strong>. Si le club fran\u00e7ais aimerait un nouveau pr\u00eat, le <strong>Milan<\/strong> <strong>AC<\/strong> r\u00e9clame un transfert sec. Les <strong>Phoc\u00e9ens<\/strong> esp\u00e8rent faire plier leurs homologues en toute fin de mercato. Enfin, un joueur offensif est toujours recherch\u00e9 et la piste la plus s\u00e9rieuse m\u00e8ne \u00e0 <strong>Edon<\/strong> <strong>Zhegrova<\/strong>. Le milieu offensif de Lille veut rejoindre l\u2019<strong>OM<\/strong> mais les clubs n\u2019ont pour le moment pas trouv\u00e9 d\u2019accord.<\/p>\n<p>\u00c0 ce sujet<br \/>\n<a href=\"https:\/\/dicodusport.fr\/blog\/mercato-om-2025-2026-le-tableau-complet-des-transferts-arrivees-et-departs\/\" class=\"vlp-link\" title=\"Mercato OM 2025-2026 : Le tableau complet des transferts, arriv\u00e9es et d\u00e9parts\" target=\"_blank\" rel=\"noopener\"><img loading=\"lazy\" decoding=\"async\" style=\"max-width: 792px;\" width=\"792\" height=\"445\" class=\"attachment-800x445 size-800x445 perfmatters-lazy\" alt=\"Mercato OM 2025-2026 Le tableau complet des transferts, arriv\u00e9es et d\u00e9parts\" src=\"https:\/\/www.europesays.com\/fr\/wp-content\/uploads\/2025\/08\/Mercato-OM-2025-2026-Le-tableau-complet-des-transferts-arrivees-et-departs.png\"  data-\/><\/p>\n<p>Mercato OM 2025-2026 : Le tableau complet des transferts, arriv\u00e9es et d\u00e9parts<\/p>\n<p>TRANSFERTS OM &#8211; Retrouvez tous les mouvements de l&rsquo;Olympique de Marseille pour l&rsquo;intersaison 2025 en Ligue 1. Arriv\u00e9es, d\u00e9part, pr\u00eats, transferts d\u00e9finitifs, ne ratez rien du mercato estival.\u00a0<\/p>\n<p>Lire l&rsquo;article<\/p>\n<p>dicodusport.fr<\/p>\n","protected":false},"excerpt":{"rendered":"TRANSFERTS OM \u2013 Selon L\u2019\u00c9quipe, l\u2019Olympique de Marseille veut recruter encore quatre joueurs pour la saison 2025-2026.\u00a0 L\u2019Olympique&hellip;\n","protected":false},"author":2,"featured_media":320991,"comment_status":"","ping_status":"","sticky":false,"template":"","format":"standard","meta":{"footnotes":""},"categories":[2814],"tags":[1111,11,2113,1777,674,1011,27,66,884,12,882,25],"class_list":{"0":"post-320990","1":"post","2":"type-post","3":"status-publish","4":"format-standard","5":"has-post-thumbnail","7":"category-marseille","8":"tag-actu","9":"tag-actualites","10":"tag-breve","11":"tag-eu","12":"tag-europe","13":"tag-fr","14":"tag-france","15":"tag-ligue-1","16":"tag-marseille","17":"tag-news","18":"tag-provence-alpes-cote-dazur","19":"tag-republique-francaise"},"share_on_mastodon":{"url":"https:\/\/pubeurope.com\/@fr\/115033296439488551","error":""},"_links":{"self":[{"href":"https:\/\/www.europesays.com\/fr\/wp-json\/wp\/v2\/posts\/320990","targetHints":{"allow":["GET"]}}],"collection":[{"href":"https:\/\/www.europesays.com\/fr\/wp-json\/wp\/v2\/posts"}],"about":[{"href":"https:\/\/www.europesays.com\/fr\/wp-json\/wp\/v2\/types\/post"}],"author":[{"embeddable":true,"href":"https:\/\/www.europesays.com\/fr\/wp-json\/wp\/v2\/users\/2"}],"replies":[{"embeddable":true,"href":"https:\/\/www.europesays.com\/fr\/wp-json\/wp\/v2\/comments?post=320990"}],"version-history":[{"count":0,"href":"https:\/\/www.europesays.com\/fr\/wp-json\/wp\/v2\/posts\/320990\/revisions"}],"wp:featuredmedia":[{"embeddable":true,"href":"https:\/\/www.europesays.com\/fr\/wp-json\/wp\/v2\/media\/320991"}],"wp:attachment":[{"href":"https:\/\/www.europesays.com\/fr\/wp-json\/wp\/v2\/media?parent=320990"}],"wp:term":[{"taxonomy":"category","embeddable":true,"href":"https:\/\/www.europesays.com\/fr\/wp-json\/wp\/v2\/categories?post=320990"},{"taxonomy":"post_tag","embeddable":true,"href":"https:\/\/www.europesays.com\/fr\/wp-json\/wp\/v2\/tags?post=320990"}],"curies":[{"name":"wp","href":"https:\/\/api.w.org\/{rel}","templated":true}]}}