{"id":321011,"date":"2025-08-15T14:50:09","date_gmt":"2025-08-15T14:50:09","guid":{"rendered":"https:\/\/www.europesays.com\/fr\/321011\/"},"modified":"2025-08-15T14:50:09","modified_gmt":"2025-08-15T14:50:09","slug":"des-deputes-britanniques-reclament-lexpulsion-de-lambassadrice-israelienne","status":"publish","type":"post","link":"https:\/\/www.europesays.com\/fr\/321011\/","title":{"rendered":"Des D\u00e9put\u00e9s Britanniques R\u00e9clament L\u2019expulsion De L\u2019ambassadrice Isra\u00e9lienne"},"content":{"rendered":"<p class=\"\" data-is=\"component-paragraph\">Un groupe transpartisan de d\u00e9put\u00e9s britanniques a appel\u00e9 le Premier ministre Keir Starmer \u00e0 expulser \u00ab imm\u00e9diatement \u00bb l\u2019ambassadrice d\u2019Isra\u00ebl au Royaume-Uni, Tzipi Hotovely, invoquant les obligations l\u00e9gales du pays au titre de la \u00ab\u00a0Convention sur le g\u00e9nocide\u00a0\u00bb et d\u00e9non\u00e7ant la campagne militaire en cours \u00e0 Gaza.<\/p>\n<p class=\"\" data-is=\"component-paragraph\">Dans une lettre men\u00e9e par le d\u00e9put\u00e9 ind\u00e9pendant Adnan Hussain et cosign\u00e9e par des \u00e9lus de l\u2019Independent Alliance, du Parti vert, du SNP et de la travailliste Abtisam Mohamed, les parlementaires accusent Isra\u00ebl de mener \u00ab une campagne g\u00e9nocidaire \u00bb. Ils estiment que \u00ab le silence ou l\u2019inaction face au g\u00e9nocide n\u2019est pas de la neutralit\u00e9, mais de la complicit\u00e9 \u00bb et exhortent Londres \u00e0 faire preuve de fermet\u00e9.<\/p>\n<p class=\"\" data-is=\"component-paragraph\">Les signataires demandent aussi au gouvernement britannique de soutenir les sanctions internationales contre Isra\u00ebl et d\u2019appuyer les enqu\u00eates de la Cour p\u00e9nale internationale.<\/p>\n<p class=\"\" data-is=\"component-paragraph\">Tzipi Hotovely est ambassadrice \u00e0 Londres depuis 2020.<\/p>\n","protected":false},"excerpt":{"rendered":"Un groupe transpartisan de d\u00e9put\u00e9s britanniques a appel\u00e9 le Premier ministre Keir Starmer \u00e0 expulser \u00ab imm\u00e9diatement \u00bb&hellip;\n","protected":false},"author":2,"featured_media":321012,"comment_status":"","ping_status":"","sticky":false,"template":"","format":"standard","meta":{"footnotes":""},"categories":[1588],"tags":[11,1777,674,12,473,1853,1851,1850,1852],"class_list":{"0":"post-321011","1":"post","2":"type-post","3":"status-publish","4":"format-standard","5":"has-post-thumbnail","7":"category-royaume-uni","8":"tag-actualites","9":"tag-eu","10":"tag-europe","11":"tag-news","12":"tag-royaume-uni","13":"tag-royaume-uni-de-grande-bretagne-et-dirlande-du-nord","14":"tag-uk","15":"tag-united-kingdom","16":"tag-united-kingdom-of-great-britain-and-northern-ireland"},"share_on_mastodon":{"url":"https:\/\/pubeurope.com\/@fr\/115033343630040078","error":""},"_links":{"self":[{"href":"https:\/\/www.europesays.com\/fr\/wp-json\/wp\/v2\/posts\/321011","targetHints":{"allow":["GET"]}}],"collection":[{"href":"https:\/\/www.europesays.com\/fr\/wp-json\/wp\/v2\/posts"}],"about":[{"href":"https:\/\/www.europesays.com\/fr\/wp-json\/wp\/v2\/types\/post"}],"author":[{"embeddable":true,"href":"https:\/\/www.europesays.com\/fr\/wp-json\/wp\/v2\/users\/2"}],"replies":[{"embeddable":true,"href":"https:\/\/www.europesays.com\/fr\/wp-json\/wp\/v2\/comments?post=321011"}],"version-history":[{"count":0,"href":"https:\/\/www.europesays.com\/fr\/wp-json\/wp\/v2\/posts\/321011\/revisions"}],"wp:featuredmedia":[{"embeddable":true,"href":"https:\/\/www.europesays.com\/fr\/wp-json\/wp\/v2\/media\/321012"}],"wp:attachment":[{"href":"https:\/\/www.europesays.com\/fr\/wp-json\/wp\/v2\/media?parent=321011"}],"wp:term":[{"taxonomy":"category","embeddable":true,"href":"https:\/\/www.europesays.com\/fr\/wp-json\/wp\/v2\/categories?post=321011"},{"taxonomy":"post_tag","embeddable":true,"href":"https:\/\/www.europesays.com\/fr\/wp-json\/wp\/v2\/tags?post=321011"}],"curies":[{"name":"wp","href":"https:\/\/api.w.org\/{rel}","templated":true}]}}