{"id":321033,"date":"2025-08-15T15:03:10","date_gmt":"2025-08-15T15:03:10","guid":{"rendered":"https:\/\/www.europesays.com\/fr\/321033\/"},"modified":"2025-08-15T15:03:10","modified_gmt":"2025-08-15T15:03:10","slug":"le-grand-slam-track-suspendu-en-attendant-le-paiement-des-athletes-pour-lannee-2025","status":"publish","type":"post","link":"https:\/\/www.europesays.com\/fr\/321033\/","title":{"rendered":"le Grand Slam Track suspendu en attendant le paiement des athl\u00e8tes pour l\u2019ann\u00e9e 2025"},"content":{"rendered":"<p>En grande difficult\u00e9 financi\u00e8re, ce nouveau circuit port\u00e9 par l\u2019ancien sprinteur am\u00e9ricain Michael Johnson pourrait mourir apr\u00e8s seulement une \u00e9dition.<\/p>\n<p class=\"fig-paragraph\">Il n&rsquo;y aura pas de\u00a0<a href=\"http:\/\/www.lefigaro.fr\/sports\/athletisme\/athletisme-le-dernier-meeting-du-grand-slam-track-a-los-angeles-annule-20250612\" data-fig-type=\"NewsFlash\" data-gtm-custom-categorie=\"navigation\" data-gtm-custom-action=\"crossclick\" data-gtm-custom-label=\"Contextuel\" data-gtm-event=\"customEventSPE\" data-fig-domain=\"LEFIGARO\" target=\"_blank\" rel=\"noopener\">Grand Slam Track<\/a>\u00a0en 2026 tant que les athl\u00e8tes ayant particip\u00e9 en 2025 n&rsquo;ont pas \u00e9t\u00e9 pay\u00e9s, a annonc\u00e9 vendredi Michael Johnson, \u00e0 l&rsquo;initiative de ce nouveau circuit de comp\u00e9titions d&rsquo;athl\u00e9tisme qui fait face \u00e0 de gros probl\u00e8mes financiers.<\/p>\n<p class=\"fig-paragraph\">\u00abLa situation actuelle et l&rsquo;incapacit\u00e9 de payer nos athl\u00e8tes et nos partenaires est un des d\u00e9fis les plus difficiles que j&rsquo;ai eu \u00e0 vivre\u00bb, a \u00e9crit\u00a0<a href=\"http:\/\/www.lefigaro.fr\/sports\/athletisme\/athletisme-le-projet-revolutionnaire-de-michael-johnson-dans-les-starting-blocks-a-kingston-20250403\" data-fig-type=\"NewsFlash\" data-gtm-custom-categorie=\"navigation\" data-gtm-custom-action=\"crossclick\" data-gtm-custom-label=\"Contextuel\" data-gtm-event=\"customEventSPE\" data-fig-domain=\"LEFIGARO\" target=\"_blank\" rel=\"noopener\">Michael Johnson<\/a>\u00a0dans un communiqu\u00e9. \u00abLa saison 2026 n&rsquo;aura pas lieu tant que ces obligations ne sont pas remplies.\u00bb<\/p>\n","protected":false},"excerpt":{"rendered":"En grande difficult\u00e9 financi\u00e8re, ce nouveau circuit port\u00e9 par l\u2019ancien sprinteur am\u00e9ricain Michael Johnson pourrait mourir apr\u00e8s seulement&hellip;\n","protected":false},"author":2,"featured_media":321034,"comment_status":"","ping_status":"","sticky":false,"template":"","format":"standard","meta":{"footnotes":""},"categories":[1412],"tags":[8238,4132,8239,525,2212,1451,1452,1453,1454,1455,1011,27,3996,8241,8240,3918,1980,60],"class_list":{"0":"post-321033","1":"post","2":"type-post","3":"status-publish","4":"format-standard","5":"has-post-thumbnail","7":"category-f1","8":"tag-athle","9":"tag-athletisme","10":"tag-bolt","11":"tag-calendrier","12":"tag-championnat-du-monde","13":"tag-f1","14":"tag-formula-1","15":"tag-formula1","16":"tag-formule-1","17":"tag-formule1","18":"tag-fr","19":"tag-france","20":"tag-jeux-olympiques","21":"tag-lavillenie","22":"tag-lemaitre","23":"tag-meeting","24":"tag-resultats","25":"tag-sports"},"share_on_mastodon":{"url":"https:\/\/pubeurope.com\/@fr\/115033394619588459","error":""},"_links":{"self":[{"href":"https:\/\/www.europesays.com\/fr\/wp-json\/wp\/v2\/posts\/321033","targetHints":{"allow":["GET"]}}],"collection":[{"href":"https:\/\/www.europesays.com\/fr\/wp-json\/wp\/v2\/posts"}],"about":[{"href":"https:\/\/www.europesays.com\/fr\/wp-json\/wp\/v2\/types\/post"}],"author":[{"embeddable":true,"href":"https:\/\/www.europesays.com\/fr\/wp-json\/wp\/v2\/users\/2"}],"replies":[{"embeddable":true,"href":"https:\/\/www.europesays.com\/fr\/wp-json\/wp\/v2\/comments?post=321033"}],"version-history":[{"count":0,"href":"https:\/\/www.europesays.com\/fr\/wp-json\/wp\/v2\/posts\/321033\/revisions"}],"wp:featuredmedia":[{"embeddable":true,"href":"https:\/\/www.europesays.com\/fr\/wp-json\/wp\/v2\/media\/321034"}],"wp:attachment":[{"href":"https:\/\/www.europesays.com\/fr\/wp-json\/wp\/v2\/media?parent=321033"}],"wp:term":[{"taxonomy":"category","embeddable":true,"href":"https:\/\/www.europesays.com\/fr\/wp-json\/wp\/v2\/categories?post=321033"},{"taxonomy":"post_tag","embeddable":true,"href":"https:\/\/www.europesays.com\/fr\/wp-json\/wp\/v2\/tags?post=321033"}],"curies":[{"name":"wp","href":"https:\/\/api.w.org\/{rel}","templated":true}]}}