{"id":321043,"date":"2025-08-15T15:09:14","date_gmt":"2025-08-15T15:09:14","guid":{"rendered":"https:\/\/www.europesays.com\/fr\/321043\/"},"modified":"2025-08-15T15:09:14","modified_gmt":"2025-08-15T15:09:14","slug":"france-4-bouleverse-sa-soiree-du-15-aout-pour-rendre-hommage-a-lacteur-de-navarro-jacques-martial","status":"publish","type":"post","link":"https:\/\/www.europesays.com\/fr\/321043\/","title":{"rendered":"France 4 bouleverse sa soir\u00e9e du 15 ao\u00fbt pour rendre hommage \u00e0 l\u2019acteur de Navarro Jacques Martial"},"content":{"rendered":"<p>    Jacques Martial.<br \/>\n                Ait Adjedjou Karim\/ABACA<\/p>\n<p>Disparu cette semaine, le com\u00e9dien \u00e9tait bien plus populaire que les g\u00e9n\u00e9rations Y et Z l\u2019imaginent. La 4 c\u00e9l\u00e8bre sa m\u00e9moire avec la rediffusion de la captation d\u2019une de ses mises en sc\u00e8ne.<\/p>\n<p class=\"fig-paragraph\">Jacques Martial, c\u2019\u00e9tait \u00abBain-Marie\u00bb dans la s\u00e9rie polici\u00e8re de TF1 de la fin des ann\u00e9es 80\u00a0<a href=\"https:\/\/tvmag.lefigaro.fr\/le-scan-tele\/series\/2015\/02\/11\/28005-20150211ARTFIG00346-mort-de-roger-hanin-cinq-anecdotes-a-connaitre-sur-navarro.php\" target=\"_blank\" data-fig-type=\"Article\" rel=\"noopener\" data-gtm-custom-categorie=\"navigation\" data-gtm-custom-action=\"crossclick\" data-gtm-custom-label=\"Contextuel\" data-gtm-event=\"customEventSPE\" data-fig-domain=\"TVMAG\">Navarro<\/a> . D\u00e9j\u00e0 il faisait merveille aux c\u00f4t\u00e9s de Roger Hanin, dans la peau du c\u00e9l\u00e8bre commissaire. Jacques Martial, c\u2019\u00e9tait aussi l\u2019adjoint de\u00a0<a href=\"http:\/\/www.lefigaro.fr\/elections\/municipales\/municipales-2026-tournee-vers-sa-vie-d-apres-paris-anne-hidalgo-prepare-sa-sortie-20250727\" target=\"_blank\" data-fig-type=\"Article\" rel=\"noopener\" data-gtm-custom-categorie=\"navigation\" data-gtm-custom-action=\"crossclick\" data-gtm-custom-label=\"Contextuel\" data-gtm-event=\"customEventSPE\" data-fig-domain=\"LEFIGARO\">la maire de Paris<\/a>, en charge des Outremers. Mais Jacques Martial, c\u2019\u00e9tait surtout une passion jamais \u00e9teinte pour le th\u00e9\u00e2tre. Et pas n\u2019importe quel th\u00e9\u00e2tre.<\/p>\n<p class=\"fig-paragraph\">Disparu le 13 ao\u00fbt dernier, \u00e0 70 ans, apr\u00e8s des mois d\u2019un combat sans rel\u00e2che contre la maladie, il \u00e9tait non seulement acteur et doubleur. Il \u00e9tait aussi amoureux des grands textes et de la sc\u00e9nographie. France 4 voulait rendre hommage \u00e0 l\u2019ensemble de ses talents.<\/p>\n<p class=\"fig-body-link\">\n            \u00c0 lire aussi<br \/>\n        <a class=\"fig-body-link__link\" href=\"http:\/\/tvmag.lefigaro.fr\/programme-tv\/actu-tele\/mort-de-jacques-martial-alias-bain-marie-dans-navarro-20250813\" data-fig-type=\"Article\" data-gtm-custom-categorie=\"navigation\" data-gtm-custom-action=\"crossclick\" data-gtm-custom-label=\"Contextuel\" data-gtm-event=\"customEventSPE\" data-fig-domain=\"TVMAG\" target=\"_blank\" rel=\"noopener\">Mort de Jacques Martial, alias Bain-Marie dans Navarro<br \/>\n    <\/a>\n<\/p>\n<p>                                    <a class=\"fig-a11y-skip a11y-hidden\" href=\"#fig-a11y-skip-main-inarticle\"><br \/>\n        Passer la publicit\u00e9<br \/>\n    <\/a><\/p>\n<p>Un po\u00e8me d\u2019Aim\u00e9 C\u00e9saire<\/p>\n<p class=\"fig-paragraph\">La cha\u00eene a choisi l\u2019une de ses mises en sc\u00e8ne et bouleverse sa grille de programmes, ce 15 ao\u00fbt, pour rediffuser Cahier d\u2019un retour au pays natal, spectacle cr\u00e9\u00e9 et capt\u00e9 en 2022 au Th\u00e9\u00e2tre de l\u2019\u00c9p\u00e9e de bois, \u00e0 Paris, d\u2019apr\u00e8s l\u2019\u0153uvre, publi\u00e9e en 1939, du grand \u00e9crivain et po\u00e8te\u00a0<a href=\"https:\/\/www.lefigaro.fr\/theatre\/2017\/02\/03\/03003-20170203ARTFIG00223-aime-cesaire-le-chant-profond-d-haiti.php\" target=\"_blank\" data-fig-type=\"Article\" rel=\"noopener\" data-gtm-custom-categorie=\"navigation\" data-gtm-custom-action=\"crossclick\" data-gtm-custom-label=\"Contextuel\" data-gtm-event=\"customEventSPE\" data-fig-domain=\"LEFIGARO\">Aim\u00e9 C\u00e9saire<\/a>.<\/p>\n<p class=\"fig-paragraph\">Dans une interview, le com\u00e9dien avait expliqu\u00e9 pourquoi il avait ardemment souhait\u00e9 incarner ce po\u00e8me explosif et bouleversant, \u00e0 l\u2019heure o\u00f9 les luttes antiracistes sont parfois d\u00e9sign\u00e9es comme \u00abidentitaires\u00bb ou \u00abcommunautaristes\u00bb.<\/p>\n<p class=\"fig-paragraph\">Comme le rappelle le communiqu\u00e9 envoy\u00e9 ce matin par la cha\u00eene\u00a0: \u00abEn 1939, \u00e0 26 ans, Aim\u00e9 C\u00e9saire, n\u00e9 en Martinique, publie la premi\u00e8re version de \u2019Cahier d\u2019un retour au pays natal\u2019. Premier po\u00e8me d\u2019une \u0153uvre qui allait faire de lui l\u2019un des plus grands po\u00e8tes de la langue fran\u00e7aise du XXe si\u00e8cle. Texte fondamental symbolisant la fiert\u00e9 et la dignit\u00e9 retrouv\u00e9e des peuples noirs mais aussi des peuples opprim\u00e9s \u00e0 travers le monde\u00bb.<\/p>\n<p class=\"fig-paragraph\">Le programme sera diffus\u00e9 \u00e0 22H20.<\/p>\n","protected":false},"excerpt":{"rendered":"Jacques Martial. Ait Adjedjou Karim\/ABACA Disparu cette semaine, le com\u00e9dien \u00e9tait bien plus populaire que les g\u00e9n\u00e9rations Y&hellip;\n","protected":false},"author":2,"featured_media":321044,"comment_status":"","ping_status":"","sticky":false,"template":"","format":"standard","meta":{"footnotes":""},"categories":[1356],"tags":[58,59,1011,27,22363,5240,252,1364],"class_list":{"0":"post-321043","1":"post","2":"type-post","3":"status-publish","4":"format-standard","5":"has-post-thumbnail","7":"category-television","8":"tag-divertissement","9":"tag-entertainment","10":"tag-fr","11":"tag-france","12":"tag-france-4","13":"tag-programme","14":"tag-television","15":"tag-tv"},"share_on_mastodon":{"url":"https:\/\/pubeurope.com\/@fr\/115033418250374559","error":""},"_links":{"self":[{"href":"https:\/\/www.europesays.com\/fr\/wp-json\/wp\/v2\/posts\/321043","targetHints":{"allow":["GET"]}}],"collection":[{"href":"https:\/\/www.europesays.com\/fr\/wp-json\/wp\/v2\/posts"}],"about":[{"href":"https:\/\/www.europesays.com\/fr\/wp-json\/wp\/v2\/types\/post"}],"author":[{"embeddable":true,"href":"https:\/\/www.europesays.com\/fr\/wp-json\/wp\/v2\/users\/2"}],"replies":[{"embeddable":true,"href":"https:\/\/www.europesays.com\/fr\/wp-json\/wp\/v2\/comments?post=321043"}],"version-history":[{"count":0,"href":"https:\/\/www.europesays.com\/fr\/wp-json\/wp\/v2\/posts\/321043\/revisions"}],"wp:featuredmedia":[{"embeddable":true,"href":"https:\/\/www.europesays.com\/fr\/wp-json\/wp\/v2\/media\/321044"}],"wp:attachment":[{"href":"https:\/\/www.europesays.com\/fr\/wp-json\/wp\/v2\/media?parent=321043"}],"wp:term":[{"taxonomy":"category","embeddable":true,"href":"https:\/\/www.europesays.com\/fr\/wp-json\/wp\/v2\/categories?post=321043"},{"taxonomy":"post_tag","embeddable":true,"href":"https:\/\/www.europesays.com\/fr\/wp-json\/wp\/v2\/tags?post=321043"}],"curies":[{"name":"wp","href":"https:\/\/api.w.org\/{rel}","templated":true}]}}