{"id":321045,"date":"2025-08-15T15:10:12","date_gmt":"2025-08-15T15:10:12","guid":{"rendered":"https:\/\/www.europesays.com\/fr\/321045\/"},"modified":"2025-08-15T15:10:12","modified_gmt":"2025-08-15T15:10:12","slug":"vianney-en-famille-dans-le-morbihan-le-chanteur-sest-rendu-dans-un-endroit-particulier-pour-lui","status":"publish","type":"post","link":"https:\/\/www.europesays.com\/fr\/321045\/","title":{"rendered":"Vianney en famille dans le Morbihan, le chanteur s\u2019est rendu dans un endroit particulier pour lui"},"content":{"rendered":"<p>            <img loading=\"lazy\" decoding=\"async\" src=\"https:\/\/www.europesays.com\/fr\/wp-content\/uploads\/2025\/04\/4-656d937be89b8-35x35-1.jpg\" class=\"author-article-picture\" width=\"35\" height=\"35\"\/><\/p>\n<p>                Par<br \/>\n                                    <a class=\"author-article-bio-link\" href=\"https:\/\/www.purepeople.com\/auteur\/olivia-maunoury_a4\" rel=\"nofollow noopener\" target=\"_blank\">Olivia Maunoury<\/a><br \/>\n                                                    | R\u00e9dactrice en chef<\/p>\n<p>\n                Apr\u00e8s des \u00e9tudes de sciences politiques et une \u00e9cole de journalisme, le people s&rsquo;est invit\u00e9 dans son quotidien. Comment, pourquoi ? Elle ne le sait toujours pas vraiment&#8230; Mais une chose est s\u00fbre, suivre les p\u00e9rip\u00e9ties des stars est l&rsquo;assurance de ne jamais s&rsquo;ennuyer. Et on ne s\u2019ennuie jamais chez Purepeople !\n            <\/p>\n<p>\n    Alors que Vianney s&rsquo;est lanc\u00e9 dans un projet in\u00e9dit, construire lui-m\u00eame une cabane en pleine nature, le chanteur a fait une pause. Il a mis le cap sur le Morbihan et s&rsquo;est rendu dans un lieu important pour lui comme l&rsquo;a rapport\u00e9 \u00ab\u00a0Ouest-France\u00a0\u00bb.\n<\/p>\n<p>                            <img loading=\"lazy\" decoding=\"async\" class=\"player-thumbnail\" src=\"https:\/\/www.europesays.com\/fr\/wp-content\/uploads\/2025\/08\/5959c956248adb32-580x326-1.jpg\" width=\"580\" height=\"326\"\/><\/p>\n<p>                    Vianney en famille dans le Morbihan, le chanteur s\u2019est rendu dans un endroit particulier pour lui<\/p>\n<p>La suite apr\u00e8s la publicit\u00e9<\/p>\n<p>En juin dernier, <a href=\"https:\/\/www.purepeople.com\/article\/vianney-dit-stop-a-the-voice-et-sisole-en-pleine-nature-avec-un-projet-surprenant-jy-connais-rien-mais_a539673\/1\" rel=\"nofollow noopener\" target=\"_blank\">Vianney surprenait tout le monde en annon\u00e7ant un nouveau projet fou<\/a> : construire de A \u00e0 Z une cabane, de ses propres mains et en pleine nature. Cette annonce inattendue, le chanteur de 34 ans avait choisi de la faire dans une vid\u00e9o publi\u00e9e sur son compte Instagram dans laquelle il faisait savoir qu&rsquo;il mettait un terme \u00e0 l&rsquo;aventure The Voice dans laquelle il officiait en tant que coach.<\/p>\n<p>\u00a0\u00ab\u00a0\u00c7a fait cinq ans que je mets tout mon c\u0153ur et tout mon temps au service de projets pour d&rsquo;autres, avec d&rsquo;autres, et j&rsquo;ai ador\u00e9 \u00e7a. J&rsquo;ai aussi essay\u00e9 de transmettre un petit peu, comme j&rsquo;ai pu, je pense \u00e0<strong> <\/strong>The Voice qui a \u00e9t\u00e9 vraiment l&rsquo;une des aventures les plus belles de ma vie. Mais je ressens le besoin de tourner ces pages-l\u00e0 pour un temps\u00a0\u00bb, avait confi\u00e9 Vianney. Et celui qui <a href=\"https:\/\/www.purepeople.com\/article\/ils-ont-un-peu-galere-vianney-decouvre-sa-statue-au-musee-grevin-et-revele-quelques-indiscretions_a538656\/1\" rel=\"nofollow noopener\" target=\"_blank\">a inaugur\u00e9 sa statue au mus\u00e9e Gr\u00e9vin, \u00e0 Paris, en mai dernier<\/a>, en disait plus sur ce qu&rsquo;il comptait faire dans un avenir proche : \u00ab\u00a0Ces prochains mois j&rsquo;ai pr\u00e9vu d&rsquo;\u00eatre plus seul, plus dans le silence, un peu plus loin aussi. Cet endroit-l\u00e0 c&rsquo;est mon bureau de ces prochains mois, il n&rsquo;y a plus de studio. J&rsquo;ai pr\u00e9vu ici de construire une cabane, un refuge, un endroit o\u00f9 je puisse mettre un piano, un lit, une table, et que je construise de mes mains. Je crois que c&rsquo;est cet aspect-l\u00e0 qui m&rsquo;int\u00e9resse, non plus de produire, mais de construire. Je me lance l\u00e0-dedans, je suis nul, je n\u2019y connais rien, mais je sais que j&rsquo;en ai besoin.\u00a0\u00bb<\/p>\n<p>Ce projet, Vianney l&rsquo;a donc entam\u00e9 et m\u00eame s&rsquo;il prend du retard, le chanteur reste tr\u00e8s motiv\u00e9 comme il l&rsquo;a fait savoir sur ses r\u00e9seaux sociaux et YouTube. <a href=\"https:\/\/www.purepeople.com\/article\/un-projet-en-famille-vianney-porte-par-son-fils-edgar-3-ans-et-demi-le-chanteur-devoile-en-images-ou-il-en-est-dans-sa-fameuse-construction-retiree-de-tout_a540974\/1\" rel=\"nofollow noopener\" target=\"_blank\">Il peut notamment compter sur le soutien de son fils Edgar, 3 ans et demi<\/a>, fruit de son amour pour <a href=\"https:\/\/www.purepeople.com\/article\/vianney-complice-aux-cotes-de-sa-femme-catherine-non-loin-de-superstars-hollywoodiennes-a-roland-garros_a539039\/1\" rel=\"nofollow noopener\" target=\"_blank\">sa femme Catherine<\/a> qui est \u00e9galement la maman d&rsquo;une fille n\u00e9e d&rsquo;une pr\u00e9c\u00e9dente union.\u00a0<\/p>\n<p>Vianney est le parrain d&rsquo;un parc refuge animalier dans le Morbihan<\/p>\n<p>Mais l&rsquo;\u00e9t\u00e9 est aussi le moment de se reposer et de passer du temps en famille pour Vianney. Le chanteur a quitt\u00e9 la r\u00e9gion parisienne le temps de quelques jours et s&rsquo;est rendu dans le Morbihan. <a href=\"https:\/\/www.purepeople.com\/article\/vianney-vu-sur-une-aire-dautoroute-du-morbihan-qui-voit-defiler-les-stars-le-chanteur-prend-la-pose-avec-deux-membres-du-personnel_a541402\/1\" rel=\"nofollow noopener\" target=\"_blank\">Il n&rsquo;a pas seulement \u00e9t\u00e9 vu dans une station service pr\u00e8s de Vannes<\/a>, o\u00f9 il a gentiment pris la pose avec des employ\u00e9es, il s&rsquo;est \u00e9galement rendu aux <strong>Terres de Nata\u00e9, un parc refuge animalier de Pont-Scorff important pour Vianney. En en effet, depuis sa reprise en 2022, il en est le parrain.<\/strong><\/p>\n<p>C&rsquo;est le 10 ao\u00fbt dernier que Vianney et sa famille y ont pass\u00e9 la journ\u00e9e. \u00ab\u00a0<strong>Il est arriv\u00e9 \u00e0 9 h avec sa famille et est reparti vers 19 h<\/strong>, a racont\u00e9 S\u00e9bastien Musset, le directeur, \u00e0 Ouest-France. <strong>Ce n\u2019est pas la premi\u00e8re fois qu\u2019il vient, mais cette fois beaucoup de visiteurs l\u2019ont vu.<\/strong>\u00ab\u00a0<\/p>\n<p>Et cette visite a \u00e9t\u00e9 partag\u00e9e en images sur Instagram par le parc refuge. \u00ab\u00a0Hier, nous avons eu le plaisir d\u2019accueillir Vianney, le parrain des Terres de Nata\u00e9. Tr\u00e8s attach\u00e9 \u00e0 notre mission, il soutient le parc refuge depuis sa reprise.. Vianney a partag\u00e9 avec nos \u00e9quipes des moments pr\u00e9cieux et pleins d\u2019\u00e9motions : une journ\u00e9e suspendue, emplie de joie, que nous ne sommes pas pr\u00e8s d\u2019oublier\u00a0\u00bb, peut-on lire en l\u00e9gende.\u00a0<\/p>\n<p>\u00ab\u00a0Pour pr\u00e9server la tranquillit\u00e9 de cette journ\u00e9e et lui permettre de se ressourcer pleinement, nous avions choisi de ne rien annoncer. Comme beaucoup de nos visiteurs, Vianney est venu chercher ici un moment simple, vrai, \u00e0 partager en famille. Ce fut un bonheur discret mais intense, autant pour nos \u00e9quipes que pour les visiteurs qui ont eu la chance de croiser son chemin ! Merci \u00e0 lui pour sa fid\u00e9lit\u00e9, sa g\u00e9n\u00e9rosit\u00e9 et sa bienveillance envers les Terres de Nata\u00e9\u00a0\u00bb, a-t-il \u00e9t\u00e9 ajout\u00e9. Une tr\u00e8s belle journ\u00e9e au coeur de l&rsquo;\u00e9t\u00e9 !\u00a0<\/p>\n","protected":false},"excerpt":{"rendered":"Par Olivia Maunoury | R\u00e9dactrice en chef Apr\u00e8s des \u00e9tudes de sciences politiques et une \u00e9cole de journalisme,&hellip;\n","protected":false},"author":2,"featured_media":321046,"comment_status":"","ping_status":"","sticky":false,"template":"","format":"standard","meta":{"footnotes":""},"categories":[1355],"tags":[58,59,1011,27,1361,873],"class_list":{"0":"post-321045","1":"post","2":"type-post","3":"status-publish","4":"format-standard","5":"has-post-thumbnail","7":"category-musique","8":"tag-divertissement","9":"tag-entertainment","10":"tag-fr","11":"tag-france","12":"tag-music","13":"tag-musique"},"share_on_mastodon":{"url":"https:\/\/pubeurope.com\/@fr\/115033422200715130","error":""},"_links":{"self":[{"href":"https:\/\/www.europesays.com\/fr\/wp-json\/wp\/v2\/posts\/321045","targetHints":{"allow":["GET"]}}],"collection":[{"href":"https:\/\/www.europesays.com\/fr\/wp-json\/wp\/v2\/posts"}],"about":[{"href":"https:\/\/www.europesays.com\/fr\/wp-json\/wp\/v2\/types\/post"}],"author":[{"embeddable":true,"href":"https:\/\/www.europesays.com\/fr\/wp-json\/wp\/v2\/users\/2"}],"replies":[{"embeddable":true,"href":"https:\/\/www.europesays.com\/fr\/wp-json\/wp\/v2\/comments?post=321045"}],"version-history":[{"count":0,"href":"https:\/\/www.europesays.com\/fr\/wp-json\/wp\/v2\/posts\/321045\/revisions"}],"wp:featuredmedia":[{"embeddable":true,"href":"https:\/\/www.europesays.com\/fr\/wp-json\/wp\/v2\/media\/321046"}],"wp:attachment":[{"href":"https:\/\/www.europesays.com\/fr\/wp-json\/wp\/v2\/media?parent=321045"}],"wp:term":[{"taxonomy":"category","embeddable":true,"href":"https:\/\/www.europesays.com\/fr\/wp-json\/wp\/v2\/categories?post=321045"},{"taxonomy":"post_tag","embeddable":true,"href":"https:\/\/www.europesays.com\/fr\/wp-json\/wp\/v2\/tags?post=321045"}],"curies":[{"name":"wp","href":"https:\/\/api.w.org\/{rel}","templated":true}]}}