{"id":321058,"date":"2025-08-15T15:17:11","date_gmt":"2025-08-15T15:17:11","guid":{"rendered":"https:\/\/www.europesays.com\/fr\/321058\/"},"modified":"2025-08-15T15:17:11","modified_gmt":"2025-08-15T15:17:11","slug":"au-moins-1-760-palestiniens-tues-depuis-la-fin-de-mai-en-cherchant-de-laide-annonce-lonu","status":"publish","type":"post","link":"https:\/\/www.europesays.com\/fr\/321058\/","title":{"rendered":"au moins 1\u00a0760 Palestiniens tu\u00e9s depuis la fin de mai en cherchant de l\u2019aide, annonce l\u2019ONU"},"content":{"rendered":"<br \/>\n<blockquote class=\"post__live-container--comment-blockquote\"><p>Bonjour,<br \/>\nPouvez nous en dire plus sur le raid de Itamar Ben Gvir dans la cellule de Marwan Barghouti.<br \/>\nMerci<\/p><\/blockquote>\n<p>    Aladin                        <\/p>\n<p class=\"post__live-container--answer-text post__space-node\">Dans une vid\u00e9o \u2013 dont on ne conna\u00eet pas la date d\u2019enregistrement \u2013 publi\u00e9e sur les r\u00e9seaux sociaux, on voit le ministre de la s\u00e9curit\u00e9 nationale isra\u00e9lien d\u2019extr\u00eame droite, Itamar Ben Gvir, prendre \u00e0 partie et sermonner, dans sa cellule, Marwan Barghouti, leader palestinien emprisonn\u00e9 depuis 2002.<\/p>\n<p class=\"post__live-container--answer-text post__space-node\">Sur les images, M.\u00a0Ben Gvir et deux autres personnes, dont un garde p\u00e9nitentiaire, se tiennent debout devant M. Barghouti et l\u2019entourent dans un coin de sa cellule. \u00ab\u00a0Vous ne nous vaincrez pas. Quiconque fait du mal au peuple d\u2019Isra\u00ebl, quiconque tue des enfants, quiconque tue des femmes (\u2026) nous l\u2019effacerons\u00a0\u00bb, lance en h\u00e9breu le ministre. Le leader du Fatah et membre \u00e9lu du Conseil l\u00e9gislatif palestinien tente alors de parler, mais le ministre l\u2019interrompt\u00a0: \u00ab\u00a0Non, vous devez le savoir, et ce, tout au long de l\u2019histoire.\u00a0\u00bb<\/p>\n<p class=\"post__live-container--answer-text post__space-node\">Devenu au fil des ann\u00e9es une figure embl\u00e9matique de la cause palestinienne, Marwan Barghouti a \u00e9t\u00e9 condamn\u00e9 \u00e0 la perp\u00e9tuit\u00e9 pour meurtres et pour son r\u00f4le dans diff\u00e9rents attentats anti-isra\u00e9liens commis au cours de la seconde Intifada. Selon un membre de l\u2019entourage du ministre, interrog\u00e9 par l\u2019Agence France-Presse, la rencontre a eu lieu \u00ab\u00a0par hasard\u00a0\u00bb dans la prison de Ganot, au cours d\u2019une visite d\u2019inspection de M. Ben Gvir.<\/p>\n<p class=\"post__live-container--answer-text post__space-node\">Dans un <a href=\"https:\/\/www.wafa.ps\/Pages\/Details\/127900\" target=\"_blank\" rel=\"noopener\" title=\"Nouvelle fen\u00eatre\">communiqu\u00e9 relay\u00e9 par l\u2019agence de presse palestinienne WAFa,<\/a> le minist\u00e8re des affaires \u00e9trang\u00e8res de l\u2019Autorit\u00e9 palestinienne d\u00e9nonce \u00ab\u00a0une provocation sans pr\u00e9c\u00e9dent\u00a0\u00bb et qualifie l\u2019incident de \u00ab\u00a0terrorisme d\u2019Etat organis\u00e9\u00a0\u00bb. Pour l\u2019Autorit\u00e9 palestinienne, Itamar Ben Gvir a \u00ab\u00a0pris d\u2019assaut\u00a0\u00bb la cellule de M. Barghouti.<\/p>\n","protected":false},"excerpt":{"rendered":"Bonjour, Pouvez nous en dire plus sur le raid de Itamar Ben Gvir dans la cellule de Marwan&hellip;\n","protected":false},"author":2,"featured_media":321059,"comment_status":"","ping_status":"","sticky":false,"template":"","format":"standard","meta":{"footnotes":""},"categories":[5],"tags":[11,1011,27,14,12,28],"class_list":{"0":"post-321058","1":"post","2":"type-post","3":"status-publish","4":"format-standard","5":"has-post-thumbnail","7":"category-international","8":"tag-actualites","9":"tag-fr","10":"tag-france","11":"tag-international","12":"tag-news","13":"tag-world"},"share_on_mastodon":{"url":"https:\/\/pubeurope.com\/@fr\/115033449648941732","error":""},"_links":{"self":[{"href":"https:\/\/www.europesays.com\/fr\/wp-json\/wp\/v2\/posts\/321058","targetHints":{"allow":["GET"]}}],"collection":[{"href":"https:\/\/www.europesays.com\/fr\/wp-json\/wp\/v2\/posts"}],"about":[{"href":"https:\/\/www.europesays.com\/fr\/wp-json\/wp\/v2\/types\/post"}],"author":[{"embeddable":true,"href":"https:\/\/www.europesays.com\/fr\/wp-json\/wp\/v2\/users\/2"}],"replies":[{"embeddable":true,"href":"https:\/\/www.europesays.com\/fr\/wp-json\/wp\/v2\/comments?post=321058"}],"version-history":[{"count":0,"href":"https:\/\/www.europesays.com\/fr\/wp-json\/wp\/v2\/posts\/321058\/revisions"}],"wp:featuredmedia":[{"embeddable":true,"href":"https:\/\/www.europesays.com\/fr\/wp-json\/wp\/v2\/media\/321059"}],"wp:attachment":[{"href":"https:\/\/www.europesays.com\/fr\/wp-json\/wp\/v2\/media?parent=321058"}],"wp:term":[{"taxonomy":"category","embeddable":true,"href":"https:\/\/www.europesays.com\/fr\/wp-json\/wp\/v2\/categories?post=321058"},{"taxonomy":"post_tag","embeddable":true,"href":"https:\/\/www.europesays.com\/fr\/wp-json\/wp\/v2\/tags?post=321058"}],"curies":[{"name":"wp","href":"https:\/\/api.w.org\/{rel}","templated":true}]}}