{"id":321060,"date":"2025-08-15T15:18:11","date_gmt":"2025-08-15T15:18:11","guid":{"rendered":"https:\/\/www.europesays.com\/fr\/321060\/"},"modified":"2025-08-15T15:18:11","modified_gmt":"2025-08-15T15:18:11","slug":"les-parents-entre-detresse-et-choc-veulent-faire-entendre-leur-voix","status":"publish","type":"post","link":"https:\/\/www.europesays.com\/fr\/321060\/","title":{"rendered":"les parents, \u00abentre d\u00e9tresse et choc\u00bb, veulent faire entendre leur voix"},"content":{"rendered":"<p><strong>EXCLUSIF &#8211; <\/strong>De nombreux parents, dont les nourrissons ont \u00e9t\u00e9 pris en charge par l\u2019infirmi\u00e8re mise en examen pour agressions sexuelles, n\u2019ont qu\u2019une angoisse\u00a0: d\u00e9couvrir que leur enfant figure parmi les victimes.<\/p>\n<p class=\"fig-paragraph\">Leur monde s\u2019est \u00e9croul\u00e9 il y a deux semaines quand une affaire de\u00a0<a href=\"http:\/\/www.lefigaro.fr\/faits-divers\/d-une-conversation-anodine-aux-chasseurs-de-pedophiles-comment-a-eclate-l-affaire-d-agressions-sexuelles-sur-des-bebes-a-montreuil-20250805\" data-fig-type=\"Article\" data-gtm-custom-categorie=\"navigation\" data-gtm-custom-action=\"crossclick\" data-gtm-custom-label=\"Contextuel\" data-gtm-event=\"customEventSPE\" data-fig-domain=\"LEFIGARO\" rel=\"nofollow noopener\" target=\"_blank\">violences sexuelles sur des nourrissons<\/a>\u00a0au service n\u00e9onatal de l\u2019h\u00f4pital Andr\u00e9-Gr\u00e9goire de Montreuil a \u00e9clat\u00e9. Depuis, ces familles &#8211; dont les b\u00e9b\u00e9s ont \u00e9t\u00e9 pris en charge dans ce service &#8211; vivent dans l\u2019angoisse que leur enfant fasse partie des victimes de Juliette S. et Redwan E.\u00a0<a href=\"http:\/\/www.lefigaro.fr\/faits-divers\/agressions-sexuelles-sur-des-bebes-a-montreuil-l-infirmiere-maintenue-sous-controle-judiciaire-20250814\" data-fig-type=\"NewsFlash\" data-gtm-custom-categorie=\"navigation\" data-gtm-custom-action=\"crossclick\" data-gtm-custom-label=\"Contextuel\" data-gtm-event=\"customEventSPE\" data-fig-domain=\"LEFIGARO\" rel=\"nofollow noopener\" target=\"_blank\">La jeune infirmi\u00e8re a avou\u00e9<\/a>\u00a0s\u2019\u00eatre film\u00e9e en train de mettre son doigt dans la bouche d\u2019un b\u00e9b\u00e9 et en faisant des va-et-vient avec sa main sur le sexe d\u2019une petite victime. Des vid\u00e9os command\u00e9es par son ex-compagnon, Redwan E., qui a reconnu des d\u00e9viances paraphiliques. \u00abQui me dit qu\u2019elle ne s\u2019en est pas prise \u00e0 ma fille aussi\u00a0?\u00bb s\u2019inqui\u00e8te Rose.<\/p>\n<p class=\"fig-paragraph\">Cette jeune maman a accouch\u00e9 le 11 novembre 2024 par c\u00e9sarienne d\u2019urgence car son b\u00e9b\u00e9 pr\u00e9sentait une anomalie du rythme cardiaque. D\u00e8s sa naissance, la petite fille a \u00e9t\u00e9 transf\u00e9r\u00e9e en r\u00e9animation avant d\u2019\u00eatre prise en charge, quatre jours plus tard, dans le service n\u00e9onatal. C\u2019est Juliette S\u2026<\/p>\n<p class=\"fig-premium-paywall__infos\">\n        Cet article est r\u00e9serv\u00e9 aux abonn\u00e9s.        Il vous reste 81% \u00e0 d\u00e9couvrir.\n    <\/p>\n<p>                <img  data- alt=\"Le Figaro\" class=\"fig-img--complete fig-img\"\/><\/p>\n<p class=\"fig-premium-paywall__title\">Vente Flash<\/p>\n<p class=\"fig-premium-paywall__subtitle\">4,99\u20ac par mois pendant 12 mois. Sans engagement<\/p>\n<p class=\"fig-premium-paywall__connect\">\n                D\u00e9j\u00e0 abonn\u00e9\u00a0?                <a class=\"fig-premium-paywall__connect-link\" href=\"https:\/\/connect.lefigaro.fr\/login?client=horizon_web&amp;type=main&amp;redirect_uri=https%3A%2F%2Fwww.lefigaro.fr%2Ffaits-divers%2Fagressions-sexuelles-sur-des-bebes-a-l-hopital-de-montreuil-les-parents-entre-detresse-et-choc-veulent-faire-entendre-leur-voix-20250815\" data-js-gtm=\"{&quot;customCategorie&quot;: &quot;conversion&quot;, &quot;customAction&quot;: &quot;before_Landing_Connexion_paywall_auto&quot;, &quot;customLabel&quot;: &quot;bGVmaWdhcm8uZnJfXzFmMDc5YzBlLTIxYzYtNjY2ZS1iNzM3LWU1YTJjZGI0MmQ4OV9fQXJ0aWNsZQ==_Agressions sexuelles sur des b\u00e9b\u00e9s \u00e0 l\u2019h\u00f4pital de Montreuil\u00a0: les parents, \u00abentre d\u00e9tresse et choc\u00bb, veulent faire entendre leur voix_296&quot;, &quot;customIDSPE&quot;: &quot;bGVmaWdhcm8uZnJfXzFmMDc5YzBlLTIxYzYtNjY2ZS1iNzM3LWU1YTJjZGI0MmQ4OV9fQXJ0aWNsZQ==&quot;, &quot;event&quot;: &quot;customEventSPE&quot;}\" rel=\"nofollow noopener\" target=\"_blank\"><br \/>\n                    Connectez-vous<br \/>\n                <\/a>\n            <\/p>\n","protected":false},"excerpt":{"rendered":"EXCLUSIF &#8211; De nombreux parents, dont les nourrissons ont \u00e9t\u00e9 pris en charge par l\u2019infirmi\u00e8re mise en examen&hellip;\n","protected":false},"author":2,"featured_media":321061,"comment_status":"","ping_status":"","sticky":false,"template":"","format":"standard","meta":{"footnotes":""},"categories":[4],"tags":[11,1401,1011,27,12,25],"class_list":{"0":"post-321060","1":"post","2":"type-post","3":"status-publish","4":"format-standard","5":"has-post-thumbnail","7":"category-france","8":"tag-actualites","9":"tag-agressions-sexuelles","10":"tag-fr","11":"tag-france","12":"tag-news","13":"tag-republique-francaise"},"share_on_mastodon":{"url":"https:\/\/pubeurope.com\/@fr\/115033453605677728","error":""},"_links":{"self":[{"href":"https:\/\/www.europesays.com\/fr\/wp-json\/wp\/v2\/posts\/321060","targetHints":{"allow":["GET"]}}],"collection":[{"href":"https:\/\/www.europesays.com\/fr\/wp-json\/wp\/v2\/posts"}],"about":[{"href":"https:\/\/www.europesays.com\/fr\/wp-json\/wp\/v2\/types\/post"}],"author":[{"embeddable":true,"href":"https:\/\/www.europesays.com\/fr\/wp-json\/wp\/v2\/users\/2"}],"replies":[{"embeddable":true,"href":"https:\/\/www.europesays.com\/fr\/wp-json\/wp\/v2\/comments?post=321060"}],"version-history":[{"count":0,"href":"https:\/\/www.europesays.com\/fr\/wp-json\/wp\/v2\/posts\/321060\/revisions"}],"wp:featuredmedia":[{"embeddable":true,"href":"https:\/\/www.europesays.com\/fr\/wp-json\/wp\/v2\/media\/321061"}],"wp:attachment":[{"href":"https:\/\/www.europesays.com\/fr\/wp-json\/wp\/v2\/media?parent=321060"}],"wp:term":[{"taxonomy":"category","embeddable":true,"href":"https:\/\/www.europesays.com\/fr\/wp-json\/wp\/v2\/categories?post=321060"},{"taxonomy":"post_tag","embeddable":true,"href":"https:\/\/www.europesays.com\/fr\/wp-json\/wp\/v2\/tags?post=321060"}],"curies":[{"name":"wp","href":"https:\/\/api.w.org\/{rel}","templated":true}]}}