{"id":321078,"date":"2025-08-15T15:34:16","date_gmt":"2025-08-15T15:34:16","guid":{"rendered":"https:\/\/www.europesays.com\/fr\/321078\/"},"modified":"2025-08-15T15:34:16","modified_gmt":"2025-08-15T15:34:16","slug":"classement-de-shanghai-2025-luniversite-de-rennes-toujours-parmi-les-500-meilleures-du-monde","status":"publish","type":"post","link":"https:\/\/www.europesays.com\/fr\/321078\/","title":{"rendered":"Classement de Shanghai\u00a02025 : l&rsquo;Universit\u00e9 de Rennes toujours parmi les 500 meilleures du monde"},"content":{"rendered":"<p>L&rsquo;universit\u00e9 de Rennes, ex-Rennes 1, reste parmi les 500 meilleures universit\u00e9s du monde dans le classement de Shanghai 2025 r\u00e9v\u00e9l\u00e9 ce vendredi 15 ao\u00fbt 2025.<\/p>\n<p>\u00ab\u00a0Cette nouvelle distinction dans le classement de Shanghai 2025 est une fiert\u00e9 pour notre communaut\u00e9\u00a0\u00bb, r\u00e9agit David Alis pr\u00e9sident de l&rsquo;universit\u00e9 de Rennes, ex-Rennes 1.\u00a0\u00a0<strong>L&rsquo;\u00e9tablissement reste parmi les 500 meilleures universit\u00e9s du monde<\/strong> dans <a target=\"_blank\" rel=\"nofollow noopener noreferrer\" class=\"IciLink ici-link IciArticleLink g-ici-body-regular-1 underline brand svelte-lu7k6w\" href=\"https:\/\/www.shanghairanking.com\/rankings\/arwu\/2025\">le classement de Shanghai 2025<\/a>\u00a0r\u00e9v\u00e9l\u00e9 ce vendredi 15 ao\u00fbt. Pour la troisi\u00e8me ann\u00e9e cons\u00e9cutive, elle se classe entre la 401e et la 500e place et entre la 15e et la 18e place fran\u00e7aise. Cinq grandes \u00e9coles font aussi partie de cette universit\u00e9, notamment l&rsquo;INSA Rennes et Sciences Po Rennes.<\/p>\n<p>Des disciplines vari\u00e9es<\/p>\n<p><strong>Les th\u00e9matiques les mieux class\u00e9es<\/strong> sont les math\u00e9matiques, la chimie, les sciences de la Terre, la technologie m\u00e9dicale, les sciences de l\u2019eau et les statistiques. Six autres disciplines se distinguent au rang 201-300 : les sciences informatiques et l\u2019ing\u00e9nierie, les t\u00e9l\u00e9communications, les sciences m\u00e9dicales et pharmaceutiques, la m\u00e9decine clinique, l\u2019ing\u00e9nierie des mat\u00e9riaux et la gestion des entreprises.<\/p>\n<p>Ces bons r\u00e9sultats dans le classement de Shanghai, r\u00e9alis\u00e9 sur la base de plusieurs crit\u00e8res, <strong>facilitent le d\u00e9veloppement de l&rsquo;Universit\u00e9 de Rennes 1 \u00e0 l&rsquo;international.<\/strong><\/p>\n<p>\u00c0 lire aussi   <img decoding=\"async\" src=\"https:\/\/www.europesays.com\/fr\/wp-content\/uploads\/2025\/08\/560x315_sc_sc_lionel-le-saux.jpg\" alt=\"Rennes 2 est 7e, l\u2019UBO est 10e, l'UBS est 12e et Rennes 1 est 27e\" style=\"--_image-preview:url('data:image\/jpeg;base64,\/9j\/2wBDACgcHiMeGSgjISMtKygwPGRBPDc3PHtYXUlkkYCZlo+AjIqgtObDoKrarYqMyP\/L2u71\/\/\/\/m8H\/\/\/\/6\/+b9\/\/j\/2wBDASstLTw1PHZBQXb4pYyl+Pj4+Pj4+Pj4+Pj4+Pj4+Pj4+Pj4+Pj4+Pj4+Pj4+Pj4+Pj4+Pj4+Pj4+Pj4+Pj4+Pj\/wAARCAAXACoDASIAAhEBAxEB\/8QAGAAAAwEBAAAAAAAAAAAAAAAAAAEDAgT\/xAAYEAEBAQEBAAAAAAAAAAAAAAAAAQIREv\/EABYBAQEBAAAAAAAAAAAAAAAAAAABAv\/EABURAQEAAAAAAAAAAAAAAAAAAAAR\/9oADAMBAAIRAxEAPwDnlajEUkYbpwcakPyFSsZ8rXJeQSwtmACKTJ8AQKxngAr\/2Q==');\" loading=\"lazy\" fetchpriority=\"low\" aria-hidden=\"true\" class=\"svelte-1pnmlwx rounded\" onload=\"this.__e=event\" onerror=\"this.__e=event\"\/><\/p>\n","protected":false},"excerpt":{"rendered":"L&rsquo;universit\u00e9 de Rennes, ex-Rennes 1, reste parmi les 500 meilleures universit\u00e9s du monde dans le classement de Shanghai&hellip;\n","protected":false},"author":2,"featured_media":321079,"comment_status":"","ping_status":"","sticky":false,"template":"","format":"standard","meta":{"footnotes":""},"categories":[2821],"tags":[1111,11,829,1777,674,1011,27,12,584,25],"class_list":{"0":"post-321078","1":"post","2":"type-post","3":"status-publish","4":"format-standard","5":"has-post-thumbnail","7":"category-rennes","8":"tag-actu","9":"tag-actualites","10":"tag-bretagne","11":"tag-eu","12":"tag-europe","13":"tag-fr","14":"tag-france","15":"tag-news","16":"tag-rennes","17":"tag-republique-francaise"},"share_on_mastodon":{"url":"https:\/\/pubeurope.com\/@fr\/115033516826465348","error":""},"_links":{"self":[{"href":"https:\/\/www.europesays.com\/fr\/wp-json\/wp\/v2\/posts\/321078","targetHints":{"allow":["GET"]}}],"collection":[{"href":"https:\/\/www.europesays.com\/fr\/wp-json\/wp\/v2\/posts"}],"about":[{"href":"https:\/\/www.europesays.com\/fr\/wp-json\/wp\/v2\/types\/post"}],"author":[{"embeddable":true,"href":"https:\/\/www.europesays.com\/fr\/wp-json\/wp\/v2\/users\/2"}],"replies":[{"embeddable":true,"href":"https:\/\/www.europesays.com\/fr\/wp-json\/wp\/v2\/comments?post=321078"}],"version-history":[{"count":0,"href":"https:\/\/www.europesays.com\/fr\/wp-json\/wp\/v2\/posts\/321078\/revisions"}],"wp:featuredmedia":[{"embeddable":true,"href":"https:\/\/www.europesays.com\/fr\/wp-json\/wp\/v2\/media\/321079"}],"wp:attachment":[{"href":"https:\/\/www.europesays.com\/fr\/wp-json\/wp\/v2\/media?parent=321078"}],"wp:term":[{"taxonomy":"category","embeddable":true,"href":"https:\/\/www.europesays.com\/fr\/wp-json\/wp\/v2\/categories?post=321078"},{"taxonomy":"post_tag","embeddable":true,"href":"https:\/\/www.europesays.com\/fr\/wp-json\/wp\/v2\/tags?post=321078"}],"curies":[{"name":"wp","href":"https:\/\/api.w.org\/{rel}","templated":true}]}}