{"id":321080,"date":"2025-08-15T15:35:16","date_gmt":"2025-08-15T15:35:16","guid":{"rendered":"https:\/\/www.europesays.com\/fr\/321080\/"},"modified":"2025-08-15T15:35:16","modified_gmt":"2025-08-15T15:35:16","slug":"om-habib-beye-ecarte-mikayil-faye-pour-une-drole-de-raison","status":"publish","type":"post","link":"https:\/\/www.europesays.com\/fr\/321080\/","title":{"rendered":"OM : Habib Beye \u00e9carte Mikayil Faye pour une dr\u00f4le de raison"},"content":{"rendered":"<p>La <a href=\"https:\/\/www.footmercato.net\/france\/ligue-1\/\" rel=\"nofollow noopener\" target=\"_blank\">Ligue 1<\/a> reprend ses droits ce soir, mais a priori, pas pour <a href=\"https:\/\/www.footmercato.net\/joueur\/mikayil-ngor-faye\/\" rel=\"nofollow noopener\" target=\"_blank\">Mikayil Faye<\/a>. Le d\u00e9fenseur s\u00e9n\u00e9galais du Stade Rennais ne devrait pas participer \u00e0 la premi\u00e8re rencontre de la saison des Bretons <a href=\"https:\/\/www.footmercato.net\/live\/8876509254758270988-rennes-vs-marseille\" rel=\"nofollow noopener\" target=\"_blank\">face \u00e0 l\u2019OM<\/a>. Selon le journaliste Fran\u00e7ois Rauzy d\u2019Ici Armorique, <a href=\"https:\/\/www.footmercato.net\/entraineur\/habib-beye\" rel=\"nofollow noopener\" target=\"_blank\">Habib<\/a> Beye a en effet pris la d\u00e9cision d\u2019\u00e9carter son jeune compatriote.<\/p>\n<p>            La suite apr\u00e8s cette publicit\u00e9<\/p>\n<p>L\u2019ancien d\u00e9fenseur du Bar\u00e7a serait arriv\u00e9 en retard ce matin au rassemblement de l\u2019\u00e9quipe. Un retard qui n\u2019aurait pas plu \u00e0 son entra\u00eeneur, puisqu\u2019il aurait \u00e9t\u00e9 pri\u00e9 de quitter l\u2019h\u00f4tel apr\u00e8s avoir rejoint ses co\u00e9quipiers par ses propres moyens ce midi. S\u2019il \u00e9tait indiqu\u00e9 pr\u00e9sent dans le groupe d\u00e9voil\u00e9 par le Stade Rennais en fin de matin\u00e9e, <a href=\"https:\/\/www.footmercato.net\/a328911600032575362-stade-rennais-om-les-compositions-probables\" rel=\"nofollow noopener\" target=\"_blank\">et m\u00eame annonc\u00e9 titulaire<\/a>, il ne devrait donc finalement pas en faire partie.<\/p>\n<p><a href=\"https:\/\/dazn.prf.hn\/click\/camref:1100lRrtL\" class=\"textBlue\" rel=\"nofollow noopener\" target=\"_blank\">Suivez cette rencontre sur DAZN avec l\u2019offre Ligue 1+<\/a><\/p>\n<p>\n    Pub. le 15\/08\/2025 16:55<br \/>\n            &#8211; MAJ le 15\/08\/2025 17:31\n    <\/p>\n","protected":false},"excerpt":{"rendered":"La Ligue 1 reprend ses droits ce soir, mais a priori, pas pour Mikayil Faye. Le d\u00e9fenseur s\u00e9n\u00e9galais&hellip;\n","protected":false},"author":2,"featured_media":321081,"comment_status":"","ping_status":"","sticky":false,"template":"","format":"standard","meta":{"footnotes":""},"categories":[2821],"tags":[1111,11,829,1777,674,1011,27,12,584,25],"class_list":{"0":"post-321080","1":"post","2":"type-post","3":"status-publish","4":"format-standard","5":"has-post-thumbnail","7":"category-rennes","8":"tag-actu","9":"tag-actualites","10":"tag-bretagne","11":"tag-eu","12":"tag-europe","13":"tag-fr","14":"tag-france","15":"tag-news","16":"tag-rennes","17":"tag-republique-francaise"},"share_on_mastodon":{"url":"https:\/\/pubeurope.com\/@fr\/115033520346360315","error":""},"_links":{"self":[{"href":"https:\/\/www.europesays.com\/fr\/wp-json\/wp\/v2\/posts\/321080","targetHints":{"allow":["GET"]}}],"collection":[{"href":"https:\/\/www.europesays.com\/fr\/wp-json\/wp\/v2\/posts"}],"about":[{"href":"https:\/\/www.europesays.com\/fr\/wp-json\/wp\/v2\/types\/post"}],"author":[{"embeddable":true,"href":"https:\/\/www.europesays.com\/fr\/wp-json\/wp\/v2\/users\/2"}],"replies":[{"embeddable":true,"href":"https:\/\/www.europesays.com\/fr\/wp-json\/wp\/v2\/comments?post=321080"}],"version-history":[{"count":0,"href":"https:\/\/www.europesays.com\/fr\/wp-json\/wp\/v2\/posts\/321080\/revisions"}],"wp:featuredmedia":[{"embeddable":true,"href":"https:\/\/www.europesays.com\/fr\/wp-json\/wp\/v2\/media\/321081"}],"wp:attachment":[{"href":"https:\/\/www.europesays.com\/fr\/wp-json\/wp\/v2\/media?parent=321080"}],"wp:term":[{"taxonomy":"category","embeddable":true,"href":"https:\/\/www.europesays.com\/fr\/wp-json\/wp\/v2\/categories?post=321080"},{"taxonomy":"post_tag","embeddable":true,"href":"https:\/\/www.europesays.com\/fr\/wp-json\/wp\/v2\/tags?post=321080"}],"curies":[{"name":"wp","href":"https:\/\/api.w.org\/{rel}","templated":true}]}}