{"id":321091,"date":"2025-08-15T15:44:12","date_gmt":"2025-08-15T15:44:12","guid":{"rendered":"https:\/\/www.europesays.com\/fr\/321091\/"},"modified":"2025-08-15T15:44:12","modified_gmt":"2025-08-15T15:44:12","slug":"plus-de-6-000-abonnes-des-loges-vendues-engouement-surprise-pour-la-deuxieme-saison-en-national-2","status":"publish","type":"post","link":"https:\/\/www.europesays.com\/fr\/321091\/","title":{"rendered":"plus de 6\u00a0000 abonn\u00e9s, des loges vendues\u2026 Engouement surprise pour la deuxi\u00e8me saison en National 2"},"content":{"rendered":"<p>Entre la canicule annonc\u00e9e et un week-end prolong\u00e9 au c\u0153ur des vacances scolaires, on a connu meilleur moment pour lancer une deuxi\u00e8me saison cons\u00e9cutive en National 2, la quatri\u00e8me division. Pourtant, les Girondins attireront encore une jolie foule, ce samedi soir au Stade Atlantique, <a href=\"https:\/\/www.sudouest.fr\/sport\/football\/girondins-de-bordeaux\/girondins-de-bordeaux-le-match-contre-avranches-devrait-etre-decale-a-21-heures-ce-samedi-25555909.php\" target=\"_blank\" rel=\"follow nofollow noopener\">pour leur match contre Avranches<\/a>. Un peu plus de 11\u00a0000 billets ont trouv\u00e9 preneurs, l\u00e9g\u00e8rement au-dessus de la belle affluence moyenne r\u00e9alis\u00e9e l\u2019an pass\u00e9 (10\u00a0800).<\/p>\n<p>Ce premier rendez-vous confirme la tendance observ\u00e9e dans la campagne d\u2019abonnements qui est un franc succ\u00e8s. La barre des 6\u00a0000 a \u00e9t\u00e9 franchie ces derniers jours. Il n\u2019en manque plus que 200 pour \u00e9galer le score r\u00e9alis\u00e9 \u00e0 l\u2019issue de la saison 2024-2025. Si les r\u00e9sultats sont vite au rendez-vous, cela ne fera pas un pli. \u00ab\u00a0C\u2019est une surprise vu qu\u2019on est toujours en N2, mais cet engouement prouve qu\u2019il y a une base toujours l\u00e0 quoi qu\u2019il arrive\u00a0\u00bb, se r\u00e9jouit Marion Darcourt, responsable billetterie du club.<\/p>\n<p>La tribune famille cartonne<\/p>\n<p>Apr\u00e8s avoir vu leur club fr\u00f4ler la liquidation judiciaire \u00e0 l\u2019\u00e9t\u00e9 2024, les supporters \u00e9taient tr\u00e8s heureux de pouvoir continuer \u00e0 aller au stade, tant pis pour le faible niveau de comp\u00e9tition et les affiches peu prestigieuses. Malgr\u00e9 une fin de saison derni\u00e8re en eau de boudin (quatri\u00e8me place finale), le public r\u00e9pond encore pr\u00e9sent. Par habitude, par passion, ou parce que le recrutement de joueurs permet d\u2019esp\u00e9rer jouer la mont\u00e9e pour de bon.<\/p>\n<p>Les tarifs restent tr\u00e8s abordables pour quinze matchs\u00a0: 45\u00a0euros le r\u00e9abonnement en virage, 94 dans les \u00ab\u00a0corners\u00a0\u00bb, 155 pour la pr\u00e9sidentielle. Le club est aussi parti \u00e0 la conqu\u00eate des plus jeunes, son public de demain, avec une partie de la tribune lat\u00e9rale et un salon VIP reconverti en espaces pour les enfants avec animations, jeux, mascotte et d\u00e9dicaces avec les joueurs. Cette tribune famille affiche complet contre Avranches.<\/p>\n<p>Certes, le virage Sud, peupl\u00e9 et anim\u00e9 par les Ultramarines, rassemble comme chaque ann\u00e9e 75\u00a0% des abonn\u00e9s. Mais cette ferveur tire la billetterie vers le haut. D\u2019apr\u00e8s Chlo\u00e9 Laurent, responsable des partenariats, \u00ab\u00a0l\u2019ambiance au stade fait partie des arguments\u00a0\u00bb avanc\u00e9s par les entreprises qui ont achet\u00e9 des loges pour la saison. C\u2019est la nouveaut\u00e9 et la surprise de l\u2019\u00e9t\u00e9. Cinq de ces espaces ont \u00e9t\u00e9 vendus, un sixi\u00e8me est sur le point de l\u2019\u00eatre, alors qu\u2019il n\u2019y en avait aucun la saison derni\u00e8re.<\/p>\n<p>Loyer fixe quoi qu\u2019il arrive<\/p>\n<p>\u00ab\u00a0On en avait juste vendu trois pour le gros match contre Saint-Malo, \u00e7a nous avait montr\u00e9 qu\u2019il y avait potentiellement une demande, prolonge Chlo\u00e9 Laurent. Le stade Atlantique est moderne, accueillant, et des partenaires croient en la reconstruction des Girondins.\u00a0\u00bb \u00c0\u00a011\u00a0500\u00a0euros la saison pour une loge six places et 17\u00a0000\u00a0euros pour une douze places, ces ventes repr\u00e9sentent des recettes non n\u00e9gligeables pour le club, sorti de redressement judiciaire fin juin.<\/p>\n<p>D\u2019autant que la reprise de l\u2019exploitation du stade par la M\u00e9tropole facilite le dialogue\u2026 et les affaires\u00a0: contrairement \u00e0 SBA, la collectivit\u00e9 ne pr\u00e9l\u00e8ve aucun pourcentage sur les ventes de loges. Et le loyer vers\u00e9 par les Girondins (1,1\u00a0million d\u2019euros pour la saison) est fixe quelle que soit la jauge, alors qu\u2019auparavant les frais de location augmentaient avec l\u2019affluence.<\/p>\n","protected":false},"excerpt":{"rendered":"Entre la canicule annonc\u00e9e et un week-end prolong\u00e9 au c\u0153ur des vacances scolaires, on a connu meilleur moment&hellip;\n","protected":false},"author":2,"featured_media":321092,"comment_status":"","ping_status":"","sticky":false,"template":"","format":"standard","meta":{"footnotes":""},"categories":[2817],"tags":[1111,11,1997,1777,674,1011,27,12,2219,25],"class_list":{"0":"post-321091","1":"post","2":"type-post","3":"status-publish","4":"format-standard","5":"has-post-thumbnail","7":"category-bordeaux","8":"tag-actu","9":"tag-actualites","10":"tag-bordeaux","11":"tag-eu","12":"tag-europe","13":"tag-fr","14":"tag-france","15":"tag-news","16":"tag-nouvelle-aquitaine","17":"tag-republique-francaise"},"share_on_mastodon":{"url":"https:\/\/pubeurope.com\/@fr\/115033555972959882","error":""},"_links":{"self":[{"href":"https:\/\/www.europesays.com\/fr\/wp-json\/wp\/v2\/posts\/321091","targetHints":{"allow":["GET"]}}],"collection":[{"href":"https:\/\/www.europesays.com\/fr\/wp-json\/wp\/v2\/posts"}],"about":[{"href":"https:\/\/www.europesays.com\/fr\/wp-json\/wp\/v2\/types\/post"}],"author":[{"embeddable":true,"href":"https:\/\/www.europesays.com\/fr\/wp-json\/wp\/v2\/users\/2"}],"replies":[{"embeddable":true,"href":"https:\/\/www.europesays.com\/fr\/wp-json\/wp\/v2\/comments?post=321091"}],"version-history":[{"count":0,"href":"https:\/\/www.europesays.com\/fr\/wp-json\/wp\/v2\/posts\/321091\/revisions"}],"wp:featuredmedia":[{"embeddable":true,"href":"https:\/\/www.europesays.com\/fr\/wp-json\/wp\/v2\/media\/321092"}],"wp:attachment":[{"href":"https:\/\/www.europesays.com\/fr\/wp-json\/wp\/v2\/media?parent=321091"}],"wp:term":[{"taxonomy":"category","embeddable":true,"href":"https:\/\/www.europesays.com\/fr\/wp-json\/wp\/v2\/categories?post=321091"},{"taxonomy":"post_tag","embeddable":true,"href":"https:\/\/www.europesays.com\/fr\/wp-json\/wp\/v2\/tags?post=321091"}],"curies":[{"name":"wp","href":"https:\/\/api.w.org\/{rel}","templated":true}]}}