{"id":321120,"date":"2025-08-15T16:03:15","date_gmt":"2025-08-15T16:03:15","guid":{"rendered":"https:\/\/www.europesays.com\/fr\/321120\/"},"modified":"2025-08-15T16:03:15","modified_gmt":"2025-08-15T16:03:15","slug":"confronte-a-des-incendies-records-le-colorado-declare-letat-durgence","status":"publish","type":"post","link":"https:\/\/www.europesays.com\/fr\/321120\/","title":{"rendered":"confront\u00e9 \u00e0 des incendies records, le Colorado d\u00e9clare l\u2019\u00e9tat d\u2019urgence"},"content":{"rendered":"<p style=\"text-align: justify\"><strong>Confront\u00e9 \u00e0 des incendies d\u2019ampleur historique, l\u2019Etat du Colorado, dans l\u2019ouest des Etats-Unis, a d\u00e9cr\u00e9t\u00e9 l\u2019\u00e9tat d\u2019urgence afin de mobiliser des moyens suppl\u00e9mentaires, renforcer la coordination avec les autorit\u00e9s locales et intervenir rapidement sur les d\u00e9parts de feu.<\/strong><\/p>\n<p style=\"text-align: justify\">Annonc\u00e9e par le gouverneur de l\u2019Etat, Jared Polis, cette mesure r\u00e9pond \u00e0 une situation critique, marqu\u00e9e par la prolif\u00e9ration de foyers incontr\u00f4l\u00e9s et un risque d\u2019incendie \u00e0 des niveaux records. Au total, 24 incendies non ma\u00eetris\u00e9s br\u00fblent dans tout le Colorado.<\/p>\n<p style=\"text-align: justify\">\u00ab\u00a0Le Colorado est confront\u00e9 \u00e0 plusieurs incendies majeurs, et nos pompiers se mobilisent pour prot\u00e9ger nos communaut\u00e9s (\u2026) Cette nouvelle mesure renforcera notre capacit\u00e9 d\u00e8s les premiers instants, en collaboration avec les communaut\u00e9s locales pour lutter contre les incendies cette saison\u00a0\u00bb, a indiqu\u00e9 le gouverneur dans un communiqu\u00e9.<\/p>\n<p style=\"text-align: justify\">Il a \u00e9galement fait savoir que l\u2019\u00c9tat soutenait activement les efforts de d\u00e9tection et de lutte contre les incendies sur de multiples fronts, saluant, dans ce sens, la coop\u00e9ration \u00e9troite entre les gouvernements locaux et l\u2019\u00c9tat pour prot\u00e9ger les habitants, les biens et le b\u00e9tail, tout en pr\u00e9servant les activit\u00e9s \u00e9conomiques du Colorado malgr\u00e9 cette saison d\u2019incendies particuli\u00e8rement \u00e9prouvante.<\/p>\n<p style=\"text-align: justify\">Plus de 2.300 personnels sont mobilis\u00e9s sur 9 incendies majeurs, qui ont consum\u00e9 pr\u00e8s de 75.000 hectares, tandis qu\u2019au total, 24 incendies non ma\u00eetris\u00e9s continuent de ravager le Colorado.<\/p>\n<p style=\"text-align: justify\">La lutte contre ces incendies s\u2019appuie \u00e9galement sur 41 a\u00e9ronefs, relevant des autorit\u00e9s f\u00e9d\u00e9rales, de l\u2019\u00c9tat, de la Garde nationale, des comt\u00e9s et des municipalit\u00e9s, d\u00e9ploy\u00e9s sur plusieurs fronts pour contenir ces feux d\u00e9vastateurs.<\/p>\n<p style=\"text-align: justify\">Parmi eux, le \u00ab\u00a0Lee Fire\u00a0\u00bb, un feu de for\u00eat d\u2019une ampleur exceptionnelle qui a d\u00e9j\u00e0 consum\u00e9 pr\u00e8s de 50.000 hectares et entra\u00een\u00e9 des \u00e9vacuations dans l\u2019ouest de l\u2019\u00c9tat, touchant notamment un \u00e9tablissement p\u00e9nitentiaire.<\/p>\n<p style=\"text-align: justify\">D\u2019apr\u00e8s le site d\u2019informations sur les incendies Inciweb, \u00ab\u00a0Lee Fire\u00a0\u00bb, n\u2019est pour l\u2019heure contenu qu\u2019\u00e0 3%. En termes de superficie, il s\u2019agit d\u00e9j\u00e0 du cinqui\u00e8me plus grand incendie de l\u2019histoire du Colorado.<\/p>\n<p style=\"text-align: justify\">L\u2019ordre ex\u00e9cutif pr\u00e9voit \u00e9galement un financement d\u2019urgence de 2,5 millions de dollars au Fonds d\u2019intervention d\u2019urgence contre les incendies de for\u00eat, en vue de contenir les foyers avant qu\u2019ils ne deviennent ing\u00e9rables et co\u00fbteux, tout en minimisant les d\u00e9placements forc\u00e9s de populations et les dommages mat\u00e9riels.<\/p>\n<p style=\"text-align: justify\">Au-del\u00e0 des mesures d\u2019urgence, les autorit\u00e9s insistent sur l\u2019importance d\u2019une vigilance accrue et d\u2019une coop\u00e9ration continue avec les communaut\u00e9s locales.<\/p>\n<p style=\"text-align: justify\">Des \u00e9quipes sp\u00e9cialis\u00e9es restent en alerte maximale, scrutant les zones \u00e0 risque et intervenant d\u00e8s les premiers signaux d\u2019incendie, tandis que les conditions m\u00e9t\u00e9orologiques restent extr\u00eamement d\u00e9favorables, amplifiant la rapidit\u00e9 et la violence de la propagation des flammes.<\/p>\n","protected":false},"excerpt":{"rendered":"Confront\u00e9 \u00e0 des incendies d\u2019ampleur historique, l\u2019Etat du Colorado, dans l\u2019ouest des Etats-Unis, a d\u00e9cr\u00e9t\u00e9 l\u2019\u00e9tat d\u2019urgence afin&hellip;\n","protected":false},"author":2,"featured_media":321121,"comment_status":"","ping_status":"","sticky":false,"template":"","format":"standard","meta":{"footnotes":""},"categories":[1589],"tags":[11,73,1866,12,1864,1865,1863,308],"class_list":{"0":"post-321120","1":"post","2":"type-post","3":"status-publish","4":"format-standard","5":"has-post-thumbnail","7":"category-etats-unis","8":"tag-actualites","9":"tag-etats-unis","10":"tag-etats-unis-damerique","11":"tag-news","12":"tag-united-states","13":"tag-united-states-of-america","14":"tag-us","15":"tag-usa"},"share_on_mastodon":{"url":"https:\/\/pubeurope.com\/@fr\/115033630651540535","error":""},"_links":{"self":[{"href":"https:\/\/www.europesays.com\/fr\/wp-json\/wp\/v2\/posts\/321120","targetHints":{"allow":["GET"]}}],"collection":[{"href":"https:\/\/www.europesays.com\/fr\/wp-json\/wp\/v2\/posts"}],"about":[{"href":"https:\/\/www.europesays.com\/fr\/wp-json\/wp\/v2\/types\/post"}],"author":[{"embeddable":true,"href":"https:\/\/www.europesays.com\/fr\/wp-json\/wp\/v2\/users\/2"}],"replies":[{"embeddable":true,"href":"https:\/\/www.europesays.com\/fr\/wp-json\/wp\/v2\/comments?post=321120"}],"version-history":[{"count":0,"href":"https:\/\/www.europesays.com\/fr\/wp-json\/wp\/v2\/posts\/321120\/revisions"}],"wp:featuredmedia":[{"embeddable":true,"href":"https:\/\/www.europesays.com\/fr\/wp-json\/wp\/v2\/media\/321121"}],"wp:attachment":[{"href":"https:\/\/www.europesays.com\/fr\/wp-json\/wp\/v2\/media?parent=321120"}],"wp:term":[{"taxonomy":"category","embeddable":true,"href":"https:\/\/www.europesays.com\/fr\/wp-json\/wp\/v2\/categories?post=321120"},{"taxonomy":"post_tag","embeddable":true,"href":"https:\/\/www.europesays.com\/fr\/wp-json\/wp\/v2\/tags?post=321120"}],"curies":[{"name":"wp","href":"https:\/\/api.w.org\/{rel}","templated":true}]}}