{"id":321138,"date":"2025-08-15T16:13:13","date_gmt":"2025-08-15T16:13:13","guid":{"rendered":"https:\/\/www.europesays.com\/fr\/321138\/"},"modified":"2025-08-15T16:13:13","modified_gmt":"2025-08-15T16:13:13","slug":"pro-d2-carcassonne-agen-le-pragmatisme-etait-agenais-a-domec","status":"publish","type":"post","link":"https:\/\/www.europesays.com\/fr\/321138\/","title":{"rendered":"Pro D2 &#8211; Carcassonne &#8211; Agen : le pragmatisme \u00e9tait agenais \u00e0 Domec"},"content":{"rendered":"<p>\n                En mode construction, l\u2019USC s\u2019est inclin\u00e9e 14-28 face \u00e0 des Agenais inspir\u00e9s offensivement et bien en place sur le plan d\u00e9fensif.\n            <\/p>\n<p>Une \u00e9quipe frapp\u00e9e du sceau de la jeunesse \u00e0 Albi, lors du pr\u00e9c\u00e9dent rendez-vous. Une \u00e9quipe beaucoup plus chevronn\u00e9e pour ce second match de pr\u00e9paration. Bernard Goutta et Mehadji Tidjini avaient ainsi align\u00e9 un groupe fort de quinze champions de France, au sein de cet effectif \u00e9largi.<\/p>\n<p>\u00ab\u2005Un groupe en construction\u2005\u00bb, tient \u00e0 pr\u00e9ciser le manager de l\u2019USC. Jeudi, dans la fournaise d\u2019Albert-Domec, le quatorzi\u00e8me du Pro D2 2025 est apparu un ton au-dessus par rapport \u00e0 son rival audois en qu\u00eate de rep\u00e8res en pouss\u00e9e ainsi qu\u2019en d\u00e9fense. Dans ce domaine, les Audois ont \u00e9t\u00e9 fragilis\u00e9s par les offensives agenaises qui ont trouv\u00e9 le chemin de l\u2019en-but \u00e0 trois reprises en premi\u00e8re p\u00e9riode et \u00e0 l\u2019entame de la seconde pour un score de 21-0 en faveur du SUA. Au cours de ce deuxi\u00e8me acte, la charni\u00e8re Munilla \u2013 McPhilips a donn\u00e9 un peu plus de relief aux offensives de l\u2019USC. Les Carcassonnais ont adouci la s\u00e9v\u00e9rit\u00e9 du tableau d\u2019affichage, non pas par ses attaquants, mais par deux serviteurs du pack (Romain Manchia, Nicolas Fenuafanote).<\/p>\n<p>Cap sur Aurillac pour l\u2019USC<\/p>\n<p>Une deuxi\u00e8me prestation riche d\u2019enseignements pour l\u2019encadrement audois lequel a d\u00e9sormais deux semaines pour pr\u00e9parer le d\u00e9placement \u00e0 Jean-Alric, une enceinte aurillacoise dont l\u2019USC est toujours revenue bredouille en Pro D2. Quant \u00e0 Agen, la copie rendue a \u00e9t\u00e9 dans l\u2019ensemble correcte m\u00eame si le secteur de l\u2019alignement doit \u00eatre am\u00e9lior\u00e9. La principale ombre au tableau, c\u2019est la blessure \u00e0 l\u2019entame du gaucher Hans Lombard-Buret se tordant atrocement de douleur. Renseignement pris aupr\u00e8s de l\u2019encadrement m\u00e9dical bleu et blanc, le diagnostic serait une rupture du tendon d\u2019Achille qui compromet s\u00e9rieusement la saison du pilier suaviste.<\/p>\n","protected":false},"excerpt":{"rendered":"En mode construction, l\u2019USC s\u2019est inclin\u00e9e 14-28 face \u00e0 des Agenais inspir\u00e9s offensivement et bien en place sur&hellip;\n","protected":false},"author":2,"featured_media":321139,"comment_status":"","ping_status":"","sticky":false,"template":"","format":"standard","meta":{"footnotes":""},"categories":[1416],"tags":[1011,27,479,1468,60],"class_list":{"0":"post-321138","1":"post","2":"type-post","3":"status-publish","4":"format-standard","5":"has-post-thumbnail","7":"category-rugby","8":"tag-fr","9":"tag-france","10":"tag-rugby","11":"tag-rugby-football","12":"tag-sports"},"share_on_mastodon":{"url":"https:\/\/pubeurope.com\/@fr\/115033669984122796","error":""},"_links":{"self":[{"href":"https:\/\/www.europesays.com\/fr\/wp-json\/wp\/v2\/posts\/321138","targetHints":{"allow":["GET"]}}],"collection":[{"href":"https:\/\/www.europesays.com\/fr\/wp-json\/wp\/v2\/posts"}],"about":[{"href":"https:\/\/www.europesays.com\/fr\/wp-json\/wp\/v2\/types\/post"}],"author":[{"embeddable":true,"href":"https:\/\/www.europesays.com\/fr\/wp-json\/wp\/v2\/users\/2"}],"replies":[{"embeddable":true,"href":"https:\/\/www.europesays.com\/fr\/wp-json\/wp\/v2\/comments?post=321138"}],"version-history":[{"count":0,"href":"https:\/\/www.europesays.com\/fr\/wp-json\/wp\/v2\/posts\/321138\/revisions"}],"wp:featuredmedia":[{"embeddable":true,"href":"https:\/\/www.europesays.com\/fr\/wp-json\/wp\/v2\/media\/321139"}],"wp:attachment":[{"href":"https:\/\/www.europesays.com\/fr\/wp-json\/wp\/v2\/media?parent=321138"}],"wp:term":[{"taxonomy":"category","embeddable":true,"href":"https:\/\/www.europesays.com\/fr\/wp-json\/wp\/v2\/categories?post=321138"},{"taxonomy":"post_tag","embeddable":true,"href":"https:\/\/www.europesays.com\/fr\/wp-json\/wp\/v2\/tags?post=321138"}],"curies":[{"name":"wp","href":"https:\/\/api.w.org\/{rel}","templated":true}]}}