{"id":321143,"date":"2025-08-15T16:17:14","date_gmt":"2025-08-15T16:17:14","guid":{"rendered":"https:\/\/www.europesays.com\/fr\/321143\/"},"modified":"2025-08-15T16:17:14","modified_gmt":"2025-08-15T16:17:14","slug":"basket-les-bleus-sans-risacher-ni-poirier-pour-le-deuxieme-duel-face-a-lespagne-le-figaro","status":"publish","type":"post","link":"https:\/\/www.europesays.com\/fr\/321143\/","title":{"rendered":"Basket : les Bleus sans Risacher ni Poirier pour le deuxi\u00e8me duel face \u00e0 l&#039;Espagne &#8211; Le Figaro"},"content":{"rendered":"<ol>\n<li><a href=\"https:\/\/news.google.com\/rss\/articles\/CBMiqAFBVV95cUxPRHljVy1xb1pUVmlhbDlzVlBEVEI5N210eHNJaWtmTjEtS0VhRkFfYWI0Sk92S1dqVWNOMjFPYzJnWWpJZGx4MXlhZnNmbmJmYldySFc5SnRQbmR0QVQzRWJEczNsSFNvd3dYZEhiTXdUNDdSbWg1V1lxVmluUmNtajRaNllLbGwzWWJTaG1DUjNtRWYtNmIwQXZpWUZZNTRteUZrS2k4aGY?oc=5\" target=\"_blank\" rel=\"noopener\">Basket : les Bleus sans Risacher ni Poirier pour le deuxi\u00e8me duel face \u00e0 l&rsquo;Espagne<\/a>&nbsp;&nbsp;Le Figaro<\/li>\n<li><a href=\"https:\/\/news.google.com\/rss\/articles\/CBMiqgFBVV95cUxQb1NaZGd5Yk9xcmlRY2VCc3pVaC1XZzFPMjI0TmtHWUdmdE1Pb0RzYnRHM0dFeWxhR054ZU81N0FPSDFWb0tNNUxWTUVsOTI3QkMwQU1PU1RKYkNXQndCcGd6TmRyOVgxak9NOWl3RU05SzRTcWs0WElreWxRcW1HVGE5T3FnTW5hbUhtYmdYRmF1MEdFZmdhRzFhQjBRdUY4d0xpZ3ZHRVBmUQ?oc=5\" target=\"_blank\" rel=\"noopener\">Onze ans apr\u00e8s, l&rsquo;\u00e9quipe de France bat \u00e0 nouveau l&rsquo;Espagne<\/a>&nbsp;&nbsp;L&rsquo;\u00c9quipe<\/li>\n<li><a href=\"https:\/\/news.google.com\/rss\/articles\/CBMihwJBVV95cUxOTnpsWjRPdDJYWWtaaWdLeTBQM0h4cDBucWtvOTZjLTJLazJzQVNYZmJ4TUdLTU4xNEpIWFE0bWZBNGlMV001SHUxV2dzcjA0WXVwY1k0YU5wTnBQckI5X1NOMVZ3NGd5NTFTZ052MkJOX0o4cDdlYno2Wlh1Z1E2U0xIZjJWMWJwLUxkbGVKem43XzNBVWNSUXcyT2I2Zk9DUlp5THQySkotNnhaSlUyS2VqcHVoUnNCeFp4dnZLaC1TQ2ctaldkTUc1aEhVeFVBWjNWUFpMVmJveER4bG1wOTIwSHZVcEZPdWhENGFKa1o4X0VRV1pXS0RDaHRJaW9OeW5LQ2h2NA?oc=5\" target=\"_blank\" rel=\"noopener\">EuroBasket: \u00ab\u00a0Rien \u00e0 envier \u00e0 aucune \u00e9quipe\u00a0\u00bb, Florent Pi\u00e9trus y croit pour les Bleus malgr\u00e9 les absents<\/a>&nbsp;&nbsp;RMC Sport<\/li>\n<li><a href=\"https:\/\/news.google.com\/rss\/articles\/CBMizwFBVV95cUxOUkZxQ2ZEMTd0bWllRmdkZnBQMEZYOFlZUmRNQmhzYWk1YmQ3QVJPWGRnd2o2Nk9rVXVXVExrQ2FibzZwaW5hSWJaUFoxT0tRN2taY3p5dlAtazI3MDhvdG1EbmRVYVhOaHNnMW56WWdWSDVLLTdvQ2hVeUNIQU9EYWxMSWQxMGFaLVAtZW1NeF81eTR0YmFnMU0yekYzNlBDalp2T1Y3V0VpWFVuUDRFeU1YZy1zMHVjaGJTeERqOVNmekVZbm8xTkkxZFpFT0E?oc=5\" target=\"_blank\" rel=\"noopener\">L&rsquo;Espagne battue chez elle : Les Bleus frappent fort avant l&rsquo;Euro<\/a>&nbsp;&nbsp;Eurosport<\/li>\n<li><a href=\"https:\/\/news.google.com\/rss\/articles\/CBMiywFBVV95cUxQeTI2aEUwNUVVc2pHd2pnaTRkX19vWUFvYTM0RHJmMl9OMEh4OHpEU1VXSEptNEdWbFdhdGhvR0p1c245N2ZkemJJLWp0SDJUUXNFb25MdDNJQWdOcmMzUFQ1UGNNNkN1WGFoLUpmaHBkdWpTMjhGMWhtcHVaYmRobWVvMGVoVDZEajdpODhIOEIzZkw4aUUzTWJJNTE0cFdoUkNiZHlac1d4b3djM3JnN04wQnRFNUs3aE9jUDAwMzZGakVYRzJONmFXVdIBygFBVV95cUxOemFqT0tPUUdPaXNrd1VmbnVPTUNrNGJaQXAzbFBZMlltMkVhTEtfdS1kUEtzRnZQTl9oZ3BRYUtvcFktTlB3MWVnWGc1ZXpkMS1CT3pmLWZmc0hVSDdkNld0S3hHTEdFaHYyRHpQRnQwNC1iUk00YWdLbUZjOUU2R1dxXzZPOFhEb0NsaDJpYlNsTnJaWW1GVlVBb0tGMkV3ZnJTLUhEaFZlSVpxVmRIbVZ3eDVNdmFscWhfek5KTGJzT21lZDZHa2hR?oc=5\" target=\"_blank\" rel=\"noopener\">Amical : Les Bleus brisent le signe indien face \u00e0 l&rsquo;Espagne<\/a>&nbsp;&nbsp;Orange Actualit\u00e9s | Sports<\/li>\n<\/ol>\n","protected":false},"excerpt":{"rendered":"Basket : les Bleus sans Risacher ni Poirier pour le deuxi\u00e8me duel face \u00e0 l&rsquo;Espagne&nbsp;&nbsp;Le Figaro Onze ans&hellip;\n","protected":false},"author":2,"featured_media":321144,"comment_status":"","ping_status":"","sticky":false,"template":"","format":"standard","meta":{"footnotes":""},"categories":[1412],"tags":[2190,1465,1464,2180,2192,814,64,450,2183,1451,1452,1453,1454,1455,1011,27,2191,2193,820,2181,2182,2189,2186,2184,2185,1980,60,2188,2187],"class_list":{"0":"post-321143","1":"post","2":"type-post","3":"status-publish","4":"format-standard","5":"has-post-thumbnail","7":"category-f1","8":"tag-asvel","9":"tag-basket","10":"tag-basketball","11":"tag-championnats-deurope","12":"tag-cholet","13":"tag-direct","14":"tag-equipe-de-france","15":"tag-euro","16":"tag-euroligue","17":"tag-f1","18":"tag-formula-1","19":"tag-formula1","20":"tag-formule-1","21":"tag-formule1","22":"tag-fr","23":"tag-france","24":"tag-le-mans","25":"tag-limoges","26":"tag-live","27":"tag-mondial","28":"tag-nba","29":"tag-photos","30":"tag-play-offs","31":"tag-pro-a","32":"tag-pro-b","33":"tag-resultats","34":"tag-sports","35":"tag-statistiques","36":"tag-stats"},"share_on_mastodon":{"url":"https:\/\/pubeurope.com\/@fr\/115033685691575775","error":""},"_links":{"self":[{"href":"https:\/\/www.europesays.com\/fr\/wp-json\/wp\/v2\/posts\/321143","targetHints":{"allow":["GET"]}}],"collection":[{"href":"https:\/\/www.europesays.com\/fr\/wp-json\/wp\/v2\/posts"}],"about":[{"href":"https:\/\/www.europesays.com\/fr\/wp-json\/wp\/v2\/types\/post"}],"author":[{"embeddable":true,"href":"https:\/\/www.europesays.com\/fr\/wp-json\/wp\/v2\/users\/2"}],"replies":[{"embeddable":true,"href":"https:\/\/www.europesays.com\/fr\/wp-json\/wp\/v2\/comments?post=321143"}],"version-history":[{"count":0,"href":"https:\/\/www.europesays.com\/fr\/wp-json\/wp\/v2\/posts\/321143\/revisions"}],"wp:featuredmedia":[{"embeddable":true,"href":"https:\/\/www.europesays.com\/fr\/wp-json\/wp\/v2\/media\/321144"}],"wp:attachment":[{"href":"https:\/\/www.europesays.com\/fr\/wp-json\/wp\/v2\/media?parent=321143"}],"wp:term":[{"taxonomy":"category","embeddable":true,"href":"https:\/\/www.europesays.com\/fr\/wp-json\/wp\/v2\/categories?post=321143"},{"taxonomy":"post_tag","embeddable":true,"href":"https:\/\/www.europesays.com\/fr\/wp-json\/wp\/v2\/tags?post=321143"}],"curies":[{"name":"wp","href":"https:\/\/api.w.org\/{rel}","templated":true}]}}