{"id":321149,"date":"2025-08-15T16:20:16","date_gmt":"2025-08-15T16:20:16","guid":{"rendered":"https:\/\/www.europesays.com\/fr\/321149\/"},"modified":"2025-08-15T16:20:16","modified_gmt":"2025-08-15T16:20:16","slug":"taylor-swift-evoque-le-choix-de-la-couleur-orange-pour-son-nouvel-album-the-life-of-a-showgirl","status":"publish","type":"post","link":"https:\/\/www.europesays.com\/fr\/321149\/","title":{"rendered":"Taylor Swift \u00e9voque le choix de la couleur orange pour son nouvel album \u00ab The Life of a Showgirl \u00bb"},"content":{"rendered":"<p>Une nouvelle couleur sur la palette de <a href=\"https:\/\/www.google.com\/url?sa=t&amp;source=web&amp;rct=j&amp;opi=89978449&amp;url=https:\/\/www.elle.fr\/Personnalites\/Taylor-Swift&amp;ved=2ahUKEwjpz-nN8YyPAxXgUaQEHSuuOBkQFnoECBgQAQ&amp;usg=AOvVaw3_ZcXInGBpPr0_O3wPrOkp\" rel=\"nofollow noopener\" target=\"_blank\" data-ylk=\"slk:Taylor Swift;elm:context_link;itc:0;sec:content-canvas\" class=\"link \">Taylor Swift<\/a>. C\u2019est ce mercredi 13 ao\u00fbt que la chanteuse \u00e0 annonc\u00e9 la sortie de son 12 album \u00ab\u00a0Life of a show girl\u00a0\u00bb. Cette annonce qui a fait l\u2019effet d\u2019un s\u00e9isme chez les swifties \u00e0 suffit pour lancer de nombreuses sp\u00e9culations autour de la couverture de l\u2019artiste.<\/p>\n<p>Taylor Swift a pour habitude de cr\u00e9er un v\u00e9ritable storetelling autour de ses albums. Si chacun de ces anciennes cr\u00e9ations correspond \u00e0 une couleur et un univers pr\u00e9cis, <a href=\"https:\/\/fr.style.yahoo.com\/taylor-swift-annonce-album-the-094600114.html\" data-ylk=\"slk:ce 12e album qui comporte 12 titres in\u00e9dits;elm:context_link;itc:0;sec:content-canvas;outcm:mb_qualified_link;_E:mb_qualified_link;ct:story;\" class=\"link  yahoo-link\" target=\"_blank\" rel=\"noopener\">ce 12e album qui comporte 12 titres in\u00e9dits<\/a> est associ\u00e9\u00a0par l\u2019artiste \u00e0 la couleur orange et le vert menthe \u00e0 en croire sa cover. Si certains fans ont vu des signaux manqu\u00e9s lors des apparitions de Taylor Swifgt en orange sur les sc\u00e8nes de sa pr\u00e9c\u00e9dente tourn\u00e9e, d\u2019autres y voit un rapport avec les couleurs de l\u2019\u00e9quipe sportive de son compagnon Travis Kelce. Ce dernier est joueur dans l\u2019\u00e9quipe des Chiefs dont les couleurs sont le rouge et le jaune.<\/p>\n<p>Un choix du coeur<\/p>\n<p>Taylor Swift s\u2019est livr\u00e9e sur ce nouvel album \u00e0 l\u2019occasion d\u2019une invitation sur le podcast anim\u00e9 par <a href=\"https:\/\/fr.style.yahoo.com\/taylor-swift-rares-confidences-compagnon-121700691.html\" data-ylk=\"slk:son ch\u00e9ri Travis Kelce;elm:context_link;itc:0;sec:content-canvas;outcm:mb_qualified_link;_E:mb_qualified_link;ct:story;\" class=\"link  yahoo-link\" target=\"_blank\" rel=\"noopener\">son ch\u00e9ri Travis Kelce<\/a> et son fr\u00e8re Jason Kelce : \u00ab\u00a0New Heights\u00a0\u00bb. \u00c0 cette occasion l\u2019artiste a r\u00e9v\u00e9l\u00e9 l\u2019intention derri\u00e8re ce nouvel album qui lui a insuffl\u00e9 l\u2019id\u00e9e de la couleur orange pour sa couverture d\u2019album.<\/p>\n<p>\u00c0 lire aussi :\u00a0 <a href=\"https:\/\/www.elle.fr\/Loisirs\/Musique\/News\/D-Yseult-a-Marguerite-rencontre-avec-ces-chanteuses-engagees-qui-redefinissent-le-paysage-musical-4353410#\" rel=\"nofollow noopener\" target=\"_blank\" data-ylk=\"slk:D&#039;Yseult \u00e0 Marguerite, rencontre avec ces chanteuses engag\u00e9es qui red\u00e9finissent le paysage musical;elm:context_link;itc:0;sec:content-canvas\" class=\"link \">D&rsquo;Yseult \u00e0 Marguerite, rencontre avec ces chanteuses engag\u00e9es qui red\u00e9finissent le paysage musical<\/a><\/p>\n<p>Elle t\u00e9moigne lors de cet \u00e9pisode de podcast : \u00ab\u00a0Cet album parle de ce qui se passait en coulisse, dans ma vie priv\u00e9e pendant cette tourn\u00e9e qui \u00e9tait tellement exub\u00e9rante, \u00e9lectrique et intense.\u00a0\u00bb Une \u00e9nergie sp\u00e9ciale qui l\u2019a alors inspir\u00e9 vers cette couleur qu\u2019elle appr\u00e9cie : \u00ab\u00a0C\u2019est simplement une couleur que j&rsquo;ai toujours aim\u00e9. Elle repr\u00e9sente bien l&rsquo;\u00e9nergie que j&rsquo;ai ressentie dans ma vie (lors cette tourn\u00e9e, ndlr).\u00a0\u00bb Ce nouvel album est annonc\u00e9 pour le 3 octobre prochain.<\/p>\n<p><a href=\"https:\/\/www.elle.fr\/Loisirs\/Musique\/News\/Taylor-Swift-evoque-le-choix-de-la-couleur-orange-pour-son-nouvel-album-The-Life-of-a-Showgirl-4373790\" rel=\"nofollow noopener\" target=\"_blank\" data-ylk=\"slk:Voir l&#039;article original sur ELLE;elm:context_link;itc:0;sec:content-canvas\" class=\"link \">Voir l&rsquo;article original sur ELLE<\/a><\/p>\n","protected":false},"excerpt":{"rendered":"Une nouvelle couleur sur la palette de Taylor Swift. C\u2019est ce mercredi 13 ao\u00fbt que la chanteuse \u00e0&hellip;\n","protected":false},"author":2,"featured_media":321150,"comment_status":"","ping_status":"","sticky":false,"template":"","format":"standard","meta":{"footnotes":""},"categories":[1359],"tags":[27576,58,59,1011,27,7206,738,973,2713,45903],"class_list":{"0":"post-321149","1":"post","2":"type-post","3":"status-publish","4":"format-standard","5":"has-post-thumbnail","7":"category-people","8":"tag-couleur","9":"tag-divertissement","10":"tag-entertainment","11":"tag-fr","12":"tag-france","13":"tag-nouvel-album","14":"tag-orange","15":"tag-people","16":"tag-taylor-swift","17":"tag-travis-kelce"},"share_on_mastodon":{"url":"https:\/\/pubeurope.com\/@fr\/115033697832407872","error":""},"_links":{"self":[{"href":"https:\/\/www.europesays.com\/fr\/wp-json\/wp\/v2\/posts\/321149","targetHints":{"allow":["GET"]}}],"collection":[{"href":"https:\/\/www.europesays.com\/fr\/wp-json\/wp\/v2\/posts"}],"about":[{"href":"https:\/\/www.europesays.com\/fr\/wp-json\/wp\/v2\/types\/post"}],"author":[{"embeddable":true,"href":"https:\/\/www.europesays.com\/fr\/wp-json\/wp\/v2\/users\/2"}],"replies":[{"embeddable":true,"href":"https:\/\/www.europesays.com\/fr\/wp-json\/wp\/v2\/comments?post=321149"}],"version-history":[{"count":0,"href":"https:\/\/www.europesays.com\/fr\/wp-json\/wp\/v2\/posts\/321149\/revisions"}],"wp:featuredmedia":[{"embeddable":true,"href":"https:\/\/www.europesays.com\/fr\/wp-json\/wp\/v2\/media\/321150"}],"wp:attachment":[{"href":"https:\/\/www.europesays.com\/fr\/wp-json\/wp\/v2\/media?parent=321149"}],"wp:term":[{"taxonomy":"category","embeddable":true,"href":"https:\/\/www.europesays.com\/fr\/wp-json\/wp\/v2\/categories?post=321149"},{"taxonomy":"post_tag","embeddable":true,"href":"https:\/\/www.europesays.com\/fr\/wp-json\/wp\/v2\/tags?post=321149"}],"curies":[{"name":"wp","href":"https:\/\/api.w.org\/{rel}","templated":true}]}}