{"id":321151,"date":"2025-08-15T16:21:16","date_gmt":"2025-08-15T16:21:16","guid":{"rendered":"https:\/\/www.europesays.com\/fr\/321151\/"},"modified":"2025-08-15T16:21:16","modified_gmt":"2025-08-15T16:21:16","slug":"6-expos-a-ne-pas-rater-pour-la-journee-mondiale-de-la-photographie-2","status":"publish","type":"post","link":"https:\/\/www.europesays.com\/fr\/321151\/","title":{"rendered":"6 expos \u00e0 ne pas rater pour la Journ\u00e9e mondiale de la photographie"},"content":{"rendered":"<p>\u00cele de Jeju, vivre avec la mer au Centre Culturel Cor\u00e9en&#13;<\/p>\n<p>Avez-vous d\u00e9j\u00e0 r\u00eav\u00e9 de <strong>nager aux c\u00f4t\u00e9s des haenyeo<\/strong>, ces myst\u00e9rieuses <strong>plongeuses en apn\u00e9e<\/strong> originaires de<strong> l&rsquo;\u00eele de Jeju\u00a0?<\/strong> Avec sa nouvelle exposition, le<strong><a href=\"https:\/\/www.lebonbon.fr\/paris\/culture\/jeju-femmes-mer-invite-centre-culturel-core\/\" rel=\"nofollow noopener\" target=\"_blank\"> Centre Culturel Cor\u00e9en<\/a> <\/strong>embarque les visiteurs pour une <strong>immersion au c\u0153ur de cette \u00eele volcanique <\/strong>du sud de la Cor\u00e9e, territoire \u00e0 la fois <strong>sauvage, spirituel<\/strong> <strong>et habit\u00e9 par des si\u00e8cles de traditions<\/strong>. \u00cele de Jeju, vivre avec la mer r\u00e9v\u00e8le une <strong>culture maritime rare,<\/strong> fa\u00e7onn\u00e9e par des <strong>femmes d\u2019exception,<\/strong> dont la<strong> force tranquille <\/strong>et la <strong>solidarit\u00e9 <\/strong>d\u00e9fient vents et mar\u00e9es. Le parcours retrace le <strong>lien<\/strong> entre les <strong>habitants de Jeju<\/strong> et <strong>leur environnement,<\/strong> dans un hommage vibrant \u00e0 une \u00eele fa\u00e7onn\u00e9e par la mer\u2026 et <strong>par les femmes qui la prennent chaque jour.<\/strong><\/p>\n<p>&#13;<\/p>\n<blockquote class=\"instagram-media\" data-instgrm-permalink=\"https:\/\/www.instagram.com\/p\/DKWpvPez_T_\/?utm_source=ig_embed&amp;utm_campaign=loading\" data-instgrm-version=\"14\" style=\"background: #FFF; border: 0; border-radius: 3px; box-shadow: 0 0 1px 0 rgba(0,0,0,0.5),0 1px 10px 0 rgba(0,0,0,0.15); margin: 1px; max-width: 540px; min-width: 326px; padding: 0; width: calc(100% - 2px);\"><p>&#13;<br \/>\n&#13;\n<\/p><\/blockquote>\n<p>&#13;<br \/>\n&#13;<\/p>\n<p><strong>\u00cele de Jeju, vivre avec la mer <\/strong><br \/><strong>Centre Culturel Cor\u00e9en <\/strong><br \/><strong>20, rue La Bo\u00e9tie \u2013 8e <\/strong><br \/><strong>Jusqu\u2019au 6 septembre <\/strong><br \/><strong><a href=\"https:\/\/www.coree-culture.org\/taste-korea-2025-ile-de-jeju-vivre,6278.html\" rel=\"nofollow noopener noreferrer\" target=\"_blank\">Plus d\u2019infos<\/a><\/strong><\/p>\n<p>&#13;<br \/>\n<br \/>Superfacial au Quai de la photo&#13;<\/p>\n<p><a href=\"https:\/\/www.lebonbon.fr\/paris\/culture\/mille-visages-audrey-tautou-exposent-autoportraits-quai-photo\/\" rel=\"nofollow noopener\" target=\"_blank\"><strong>Audrey Tautou<\/strong><\/a> n\u2019a jamais vraiment<strong> aim\u00e9 les projecteurs<\/strong>, ou du moins ce qu\u2019ils refl\u00e8tent, mais peut-\u00eatre pr\u00e9f\u00e8re-t-elle <strong>son image captur\u00e9e par l&rsquo;objectif d&rsquo;un appareil photo<\/strong>. Depuis quelques ann\u00e9es, et alors qu\u2019elle a mis de c\u00f4t\u00e9 l\u2019acting, c\u2019est <strong>dans la photographie <\/strong>qu\u2019elle s\u2019\u00e9panouit. En t\u00e9moigne <strong>Superfacial,<\/strong> sa<strong> toute premi\u00e8re exposition parisienne,<\/strong> au<strong> Quai de la Photo<\/strong>, dans laquelle<strong> l&rsquo;interpr\u00e8te d&rsquo;Am\u00e9lie Poulain<\/strong> se joue des apparences et <strong>d\u00e9tourne l\u2019autoportrait<\/strong> pour en faire une exp\u00e9rience <strong>\u00e0 la fois plastique et personnelle<\/strong>. Au fil du parcours, compos\u00e9 d\u2019une <strong>cinquantaine de tirages,<\/strong> elle <strong>questionne son image<\/strong>, la notori\u00e9t\u00e9 et le regard que la soci\u00e9t\u00e9 \u2013 et elle-m\u00eame \u2013 pose sur son corps, sa carri\u00e8re, son myst\u00e8re.<\/p>\n<p>&#13;<\/p>\n<blockquote class=\"instagram-media\" data-instgrm-permalink=\"https:\/\/www.instagram.com\/p\/DJuGcLMo1WI\/?utm_source=ig_embed&amp;utm_campaign=loading\" data-instgrm-version=\"14\" style=\"background: #FFF; border: 0; border-radius: 3px; box-shadow: 0 0 1px 0 rgba(0,0,0,0.5),0 1px 10px 0 rgba(0,0,0,0.15); margin: 1px; max-width: 540px; min-width: 326px; padding: 0; width: calc(100% - 2px);\"><p>&#13;<br \/>\n&#13;\n<\/p><\/blockquote>\n<p>&#13;<br \/>\n&#13;<\/p>\n<p><strong>Superfacial, par Audrey Tautou <\/strong><br \/><strong>Quai de la Photo <\/strong><br \/><strong>9, port de la Gare \u2013 13e <\/strong><br \/><strong>Jusqu&rsquo;au 10 septembre <\/strong><br \/><strong><a href=\"https:\/\/quaidelaphoto.fr\/evenement\/superfacial-par-audrey-tautou\/\" rel=\"nofollow noopener noreferrer\" target=\"_blank\">Plus d\u2019infos<\/a><\/strong><\/p>\n<p>&#13;<br \/>\n<br \/>L\u2019image comme engagement \u00e0 la MEP&#13;<\/p>\n<p>La <strong>Maison Europ\u00e9enne de la Photographie <\/strong>consacre pour la premi\u00e8re fois au monde une <strong>immense r\u00e9trospective<\/strong> \u00e0 l\u2019une des <strong>pionni\u00e8res<\/strong> du <strong>photojournalisme, Marie-Laure de Decker<\/strong>. \u00c0 travers des<strong> clich\u00e9s bluffants en noir et blanc<\/strong>, l\u2019artiste nous livre une <strong>vision du monde <\/strong>entre <strong>histoire g\u00e9n\u00e9rale<\/strong> et <strong>intimit\u00e9 du quotidien<\/strong>. En traversant la <a href=\"https:\/\/www.lebonbon.fr\/paris\/pepites\/mythique-cafe-parisien-grands-auteurs-xxe-siecle-les-deux-magots\/\" rel=\"nofollow noopener\" target=\"_blank\"><strong>deuxi\u00e8me moiti\u00e9 du XXe<\/strong><\/a> si\u00e8cle avec son appareil, Decker nous propose <strong>un voyage dans le temps,<\/strong> au gr\u00e9 des <strong>grands \u00e9v\u00e9nements<\/strong> et <strong>bouleversements<\/strong> de son \u00e9poque. Une exposition qui met en avant le <strong>talent,<\/strong> le <strong>courage,<\/strong> la <strong>d\u00e9termination<\/strong> et la <strong>passion<\/strong> de cette <strong>femme hors du commun.<\/strong><\/p>\n<p>&#13;<\/p>\n<blockquote class=\"instagram-media\" data-instgrm-permalink=\"https:\/\/www.instagram.com\/p\/DJ179O8hpA6\/?utm_source=ig_embed&amp;utm_campaign=loading\" data-instgrm-version=\"14\" style=\"background: #FFF; border: 0; border-radius: 3px; box-shadow: 0 0 1px 0 rgba(0,0,0,0.5),0 1px 10px 0 rgba(0,0,0,0.15); margin: 1px; max-width: 540px; min-width: 326px; padding: 0; width: calc(100% - 2px);\"><p>&#13;<br \/>\n&#13;\n<\/p><\/blockquote>\n<p>&#13;<br \/>\n&#13;<\/p>\n<p><strong>Marie-Laure de Decker \u2013 L\u2019image comme engagement <\/strong><br \/><strong>Maison Europ\u00e9enne de la Photographie <\/strong><br \/><strong>5\/7, rue de Fourcy \u2013 4e <\/strong><br \/><strong>Jusqu&rsquo;au 28 septembre 2025 <\/strong><br \/><strong><a href=\"https:\/\/www.mep-fr.org\/event\/marie-laure-de-decker-2\/\" rel=\"nofollow noopener noreferrer\" target=\"_blank\">Plus d\u2019infos<\/a><\/strong><\/p>\n<p>&#13;<br \/>\n<br \/>Ha\u00efkus d&rsquo;argent au Mus\u00e9e Guimet&#13;<\/p>\n<p>V\u00e9ritable <strong>pionnier<\/strong> de la <strong>photographie minimaliste, Michael Kenna<\/strong> s\u2019est longtemps<strong> passionn\u00e9 pour l\u2019Asie<\/strong>, sa culture et sa richesse. Et c\u2019est ce pan de son art que le <strong><a href=\"https:\/\/www.lebonbon.fr\/paris\/rooftops\/musee-guimet-rooftop-estival-coreen-tour-eiffel\/\" rel=\"nofollow noopener\" target=\"_blank\">Mus\u00e9e<\/a> <a href=\"https:\/\/www.lebonbon.fr\/paris\/rooftops\/musee-guimet-rooftop-estival-coreen-tour-eiffel\/\" rel=\"nofollow noopener\" target=\"_blank\">Guimet<\/a><\/strong> met aujourd\u2019hui \u00e0 l&rsquo;honneur, en organisant la <strong>premi\u00e8re r\u00e9trospective<\/strong> consacr\u00e9e \u00e0 son travail<strong> sur le continent asiatique.<\/strong> Une exposition sensible, qui dresse des <strong>ponts entre art et traditions<\/strong>, entre <strong>cr\u00e9ations et rites.<\/strong> Pour <strong>renforcer les liens<\/strong> entre le <strong>photographe<\/strong> et <strong>l\u2019Asie,<\/strong> chacun de ses clich\u00e9s sera propos\u00e9 en dialogue avec <strong>l\u2019une des \u0153uvres de l\u2019institution <\/strong>d\u00e9di\u00e9e aux arts asiatiques.<\/p>\n<p>&#13;<\/p>\n<blockquote class=\"instagram-media\" data-instgrm-permalink=\"https:\/\/www.instagram.com\/p\/DKIL5e_yACv\/?utm_source=ig_embed&amp;utm_campaign=loading\" data-instgrm-version=\"14\" style=\"background: #FFF; border: 0; border-radius: 3px; box-shadow: 0 0 1px 0 rgba(0,0,0,0.5),0 1px 10px 0 rgba(0,0,0,0.15); margin: 1px; max-width: 540px; min-width: 326px; padding: 0; width: calc(100% - 2px);\"><p>&#13;<br \/>\n&#13;\n<\/p><\/blockquote>\n<p>&#13;<br \/>\n&#13;<\/p>\n<p><strong>Ha\u00efkus d&rsquo;argent, l&rsquo;Asie photographi\u00e9e par Michael Kenna <\/strong><br \/><strong>Mus\u00e9e national des arts asiatiques \u2013 Guimet <\/strong><br \/><strong>6, place d&rsquo;I\u00e9na \u2013 16e<\/strong><br \/><strong>Jusqu&rsquo;au 29 septembre 2025 <\/strong><br \/><strong><a href=\"https:\/\/www.guimet.fr\/fr\/expositions\/haikus-dargent-lasie-photographiee-par-michael-kenna\" rel=\"nofollow noopener noreferrer\" target=\"_blank\">Plus d\u2019infos<\/a><\/strong><\/p>\n<p>&#13;<br \/>\n<br \/>Instants Donn\u00e9s au Mus\u00e9e Maillol&#13;<\/p>\n<p>Il \u00e9tait <strong>braconnier de l\u2019\u00e9ph\u00e9m\u00e8re,<\/strong> mercenaire de la pellicule, <strong>r\u00e9volt\u00e9 du merveilleux<\/strong> ou encore <strong>p\u00eacheur d\u2019images.<\/strong> Jusqu\u2019au 12 octobre prochain, le <a href=\"https:\/\/www.lebonbon.fr\/paris\/expo\/instants-donnes-paris-doisneau-musee-maillol\/\" rel=\"nofollow noopener\" target=\"_blank\"><strong>Mus\u00e9e Maillol<\/strong> <\/a>nous plonge dans <strong>l&rsquo;\u0153uvre po\u00e9tique<\/strong> et <strong>fascinante<\/strong> de <strong>Robert Doisneau,<\/strong> v\u00e9ritable l\u00e9gende fran\u00e7aise de la photographie. Une <strong>r\u00e9trospective immense<\/strong>, qui illustre tout le g\u00e9nie de cet artiste qui <strong>raconte l&rsquo;humain comme personne<\/strong>. De salle en salle, ce sont <strong>plus de 400 clich\u00e9s<\/strong> (s\u00e9lectionn\u00e9s parmi les plus de 450 000 de l\u2019artiste) qui se succ\u00e8dent,<strong> telles des tranches de vie vol\u00e9es<\/strong>, t\u00e9moignages inestimables de la <strong>po\u00e9sie de l\u2019instant pr\u00e9sent<\/strong>. <strong>Petit conseil<\/strong> cependant, on vous recommande fortement de <strong>r\u00e9server vos billets \u00e0 l&rsquo;avance<\/strong>, histoire d&rsquo;\u00eatre plus tranquille\u00a0!\u00a0<\/p>\n<p>&#13;<\/p>\n<blockquote class=\"instagram-media\" data-instgrm-permalink=\"https:\/\/www.instagram.com\/p\/DIv7lghN-uH\/?utm_source=ig_embed&amp;utm_campaign=loading\" data-instgrm-version=\"14\" style=\"background: #FFF; border: 0; border-radius: 3px; box-shadow: 0 0 1px 0 rgba(0,0,0,0.5),0 1px 10px 0 rgba(0,0,0,0.15); margin: 1px; max-width: 540px; min-width: 326px; padding: 0; width: calc(100% - 2px);\"><p>&#13;<br \/>\n&#13;\n<\/p><\/blockquote>\n<p>&#13;<br \/>\n&#13;<\/p>\n<p><strong>Robert Doisneau. Instants Donn\u00e9s <\/strong><br \/><strong>Mus\u00e9e Maillol <\/strong><br \/><strong>59-61, rue de Grenelle \u2013 7e <\/strong><br \/><strong>Jusqu\u2019au 12 octobre 2025<\/strong><br \/><strong><a href=\"https:\/\/museemaillol.com\/expositions\/robert-doisneau-instants-donnes\/\" rel=\"nofollow noopener noreferrer\" target=\"_blank\">Plus d\u2019infos<\/a><\/strong><\/p>\n<p>&#13;<br \/>\n<br \/>Auschwitz-Birkenau au M\u00e9morial de la Shoah&#13;<\/p>\n<p>En <strong>1979,<\/strong> pour <strong>Paris Match, Raymond Depardon<\/strong> passe deux semaines sur le <strong>site d\u2019Auschwitz-Birkenau<\/strong>. Pour la <strong>premi\u00e8re fois,<\/strong> les clich\u00e9s qu\u2019il a effectu\u00e9s sur place sont<strong> d\u00e9voil\u00e9s tous ensemble<\/strong> dans une <strong>institution parisienne,<\/strong> pour comm\u00e9morer les <a href=\"https:\/\/www.lebonbon.fr\/paris\/culture\/80-ans-liberation-auschwitz-3-expos-dediees-seconde-guerre-mondiale-voir-paris\/\" rel=\"nofollow noopener\" target=\"_blank\"><strong>80 ans de la lib\u00e9ration du camp<\/strong><\/a>. En r\u00e9sulte une exposition <strong>absolument bouleversante,<\/strong> qui met en lumi\u00e8re une <strong>p\u00e9riode sombre<\/strong> de notre histoire.<strong> Sur les images en noir et blanc<\/strong>, le camp apparait<strong> prisonnier de la neige<\/strong>, et la <strong>blancheur immacul\u00e9e<\/strong> contraste avec la <strong>noirceur<\/strong> des b\u00e2timents, et de tout ce qu\u2019ils ont abrit\u00e9.<\/p>\n<p>&#13;<\/p>\n<blockquote class=\"instagram-media\" data-instgrm-permalink=\"https:\/\/www.instagram.com\/reel\/DLRutcLvVl6\/?utm_source=ig_embed&amp;utm_campaign=loading\" data-instgrm-version=\"14\" style=\"background: #FFF; border: 0; border-radius: 3px; box-shadow: 0 0 1px 0 rgba(0,0,0,0.5),0 1px 10px 0 rgba(0,0,0,0.15); margin: 1px; max-width: 540px; min-width: 326px; padding: 0; width: calc(100% - 2px);\"><p>&#13;<br \/>\n&#13;\n<\/p><\/blockquote>\n<p>&#13;<br \/>\n&#13;<\/p>\n<p><strong>Auschwitz-Birkenau vu par Raymond Depardon <\/strong><br \/><strong>M\u00e9morial de la Shoah <\/strong><br \/><strong>17, rue Geoffroy-l&rsquo;Asnier \u2013 4e <\/strong><br \/><strong>Jusqu\u2019au 9 novembre 2025 <\/strong><br \/><strong><a href=\"https:\/\/www.memorialdelashoah.org\/auschwitz-birkenau-vu-par-raymond-depardon.html\" rel=\"nofollow noopener noreferrer\" target=\"_blank\">Plus d\u2019infos<\/a><\/strong><\/p>\n<p><script async src=\"\/\/www.instagram.com\/embed.js\"><\/script><\/p>\n","protected":false},"excerpt":{"rendered":"\u00cele de Jeju, vivre avec la mer au Centre Culturel Cor\u00e9en&#13; Avez-vous d\u00e9j\u00e0 r\u00eav\u00e9 de nager aux c\u00f4t\u00e9s&hellip;\n","protected":false},"author":2,"featured_media":321113,"comment_status":"","ping_status":"","sticky":false,"template":"","format":"standard","meta":{"footnotes":""},"categories":[1358],"tags":[1348,1384,1385,1386,58,59,1011,27],"class_list":{"0":"post-321151","1":"post","2":"type-post","3":"status-publish","4":"format-standard","5":"has-post-thumbnail","7":"category-arts-et-design","8":"tag-arts","9":"tag-arts-and-design","10":"tag-arts-et-design","11":"tag-design","12":"tag-divertissement","13":"tag-entertainment","14":"tag-fr","15":"tag-france"},"share_on_mastodon":{"url":"https:\/\/pubeurope.com\/@fr\/115033701327930866","error":""},"_links":{"self":[{"href":"https:\/\/www.europesays.com\/fr\/wp-json\/wp\/v2\/posts\/321151","targetHints":{"allow":["GET"]}}],"collection":[{"href":"https:\/\/www.europesays.com\/fr\/wp-json\/wp\/v2\/posts"}],"about":[{"href":"https:\/\/www.europesays.com\/fr\/wp-json\/wp\/v2\/types\/post"}],"author":[{"embeddable":true,"href":"https:\/\/www.europesays.com\/fr\/wp-json\/wp\/v2\/users\/2"}],"replies":[{"embeddable":true,"href":"https:\/\/www.europesays.com\/fr\/wp-json\/wp\/v2\/comments?post=321151"}],"version-history":[{"count":0,"href":"https:\/\/www.europesays.com\/fr\/wp-json\/wp\/v2\/posts\/321151\/revisions"}],"wp:featuredmedia":[{"embeddable":true,"href":"https:\/\/www.europesays.com\/fr\/wp-json\/wp\/v2\/media\/321113"}],"wp:attachment":[{"href":"https:\/\/www.europesays.com\/fr\/wp-json\/wp\/v2\/media?parent=321151"}],"wp:term":[{"taxonomy":"category","embeddable":true,"href":"https:\/\/www.europesays.com\/fr\/wp-json\/wp\/v2\/categories?post=321151"},{"taxonomy":"post_tag","embeddable":true,"href":"https:\/\/www.europesays.com\/fr\/wp-json\/wp\/v2\/tags?post=321151"}],"curies":[{"name":"wp","href":"https:\/\/api.w.org\/{rel}","templated":true}]}}