{"id":321152,"date":"2025-08-15T16:22:17","date_gmt":"2025-08-15T16:22:17","guid":{"rendered":"https:\/\/www.europesays.com\/fr\/321152\/"},"modified":"2025-08-15T16:22:17","modified_gmt":"2025-08-15T16:22:17","slug":"eastman-entre-desirs-et-litterature-revue-les-libraires","status":"publish","type":"post","link":"https:\/\/www.europesays.com\/fr\/321152\/","title":{"rendered":"Eastman, entre d\u00e9sirs et litt\u00e9rature \u2014 Revue Les libraires"},"content":{"rendered":"<p>        Les premiers jours de septembre seront encore une fois l\u2019\u00e9crin de ces fameuses <a href=\"https:\/\/lescorrespondances.ca\/\" target=\"_blank\" rel=\"noopener nofollow\">Correspondances d\u2019Eastman<\/a>. Rien de mieux que de savourer la litt\u00e9rature pour mieux se mettre \u00e0 la disposition de l\u2019automne, qui amorcera doucement son approche \u00e0 ce moment-l\u00e0.<\/p>\n<p>Pour cette 23e \u00e9dition, qui se d\u00e9roulera du 4 au 7 septembre, les <a href=\"https:\/\/lescorrespondances.ca\/\" target=\"_blank\" rel=\"noopener nofollow\">Correspondances d\u2019Eastman<\/a> s\u2019\u00e9criront sous le th\u00e8me des d\u00e9sirs. D\u00e9sirs de litt\u00e9rature, cela va de soi, mais aussi d\u00e9sirs charnels, cr\u00e9atifs et de coh\u00e9sion avec la nature. Le d\u00e9sir, sous toutes ses d\u00e9clinaisons, se d\u00e9ploiera sous forme de rencontres et de discussions, de spectacles et de performances artistiques ainsi que d\u2019ateliers et d\u2019activit\u00e9s diverses. Et bonne nouvelle, les Correspondances se poursuivront en s\u2019ins\u00e9rant aux Journ\u00e9es de la culture, les 27 et 28 septembre. Ce sera l\u2019occasion d\u2019assister \u00e0 deux spectacles-b\u00e9n\u00e9fice au profit des Correspondances, soit L\u2019indomptable Virginia Woolf, avec une mise en sc\u00e8ne de Lorraine Pintal et un texte de Robert Lalonde qu\u2019il interpr\u00e8te, et Ne tuons pas l\u2019espoir du monde, port\u00e9 par une trentaine de personnes, de 8 \u00e0 88 ans, ainsi qu\u2019une panoplie de musiciens.<\/p>\n<p>Mais avant les Journ\u00e9es de la culture, les caf\u00e9s litt\u00e9raires offriront de nombreuses occasions de faire d\u2019inspirantes rencontres. Ainsi, on pourra assister \u00e0 \u00c9ros et Thanatos, avec M\u00e9lanie Beauchemin, Dominic Fontaine-Lasnier et M\u00e9lanie No\u00ebl. Philippe Manevy animera quant \u00e0 lui D\u00e9sirs d\u2019autre chose, avec Claire Legendre, Natalie-Ann Roy et Audr\u00e9e Wilhelmy. Elyzabeth Walling pr\u00e9sentera D\u00e9sir d\u2019\u00e9crire dans toutes ses langues, en compagnie de Fabrice A. Vil, Madioula K\u00e9b\u00e9-Kamara et Andr\u00e9e Levesque Sioui. Ensemble, ils r\u00e9fl\u00e9chiront aux multiples possibilit\u00e9s que leur conf\u00e8re la capacit\u00e9 d\u2019\u00e9crire dans plusieurs langues \u00e0 la fois. De grandes entrevues mettront en lumi\u00e8re Gabrielle Filteau-Chiba, Melissa Mollen Dupuis, Rebecca Makonnen et Perrine Leblanc.<\/p>\n<p>Ce ne sont que quelques exemples des activit\u00e9s pr\u00e9vues lors de ces quelques jours pr\u00e9cieux. Avec son \u00e9quipe, la nouvelle directrice g\u00e9n\u00e9rale, Julie Collin, a d\u00e9cid\u00e9ment bien m\u00fbri ses id\u00e9es. Les Correspondances d\u2019Eastman seront pleines de riches moments m\u00e9morables, o\u00f9 la litt\u00e9rature se parera de ses plus beaux atours. Pour en conna\u00eetre davantage sur la programmation, <a href=\"https:\/\/lescorrespondances.ca\/\" target=\"_blank\" rel=\"noopener nofollow\">c\u2019est ici<\/a>.<\/p>\n","protected":false},"excerpt":{"rendered":"Les premiers jours de septembre seront encore une fois l\u2019\u00e9crin de ces fameuses Correspondances d\u2019Eastman. Rien de mieux&hellip;\n","protected":false},"author":2,"featured_media":321153,"comment_status":"","ping_status":"","sticky":false,"template":"","format":"standard","meta":{"footnotes":""},"categories":[1357],"tags":[1379,58,59,1011,27,1380],"class_list":{"0":"post-321152","1":"post","2":"type-post","3":"status-publish","4":"format-standard","5":"has-post-thumbnail","7":"category-livres","8":"tag-books","9":"tag-divertissement","10":"tag-entertainment","11":"tag-fr","12":"tag-france","13":"tag-livres"},"share_on_mastodon":{"url":"https:\/\/pubeurope.com\/@fr\/115033705349687739","error":""},"_links":{"self":[{"href":"https:\/\/www.europesays.com\/fr\/wp-json\/wp\/v2\/posts\/321152","targetHints":{"allow":["GET"]}}],"collection":[{"href":"https:\/\/www.europesays.com\/fr\/wp-json\/wp\/v2\/posts"}],"about":[{"href":"https:\/\/www.europesays.com\/fr\/wp-json\/wp\/v2\/types\/post"}],"author":[{"embeddable":true,"href":"https:\/\/www.europesays.com\/fr\/wp-json\/wp\/v2\/users\/2"}],"replies":[{"embeddable":true,"href":"https:\/\/www.europesays.com\/fr\/wp-json\/wp\/v2\/comments?post=321152"}],"version-history":[{"count":0,"href":"https:\/\/www.europesays.com\/fr\/wp-json\/wp\/v2\/posts\/321152\/revisions"}],"wp:featuredmedia":[{"embeddable":true,"href":"https:\/\/www.europesays.com\/fr\/wp-json\/wp\/v2\/media\/321153"}],"wp:attachment":[{"href":"https:\/\/www.europesays.com\/fr\/wp-json\/wp\/v2\/media?parent=321152"}],"wp:term":[{"taxonomy":"category","embeddable":true,"href":"https:\/\/www.europesays.com\/fr\/wp-json\/wp\/v2\/categories?post=321152"},{"taxonomy":"post_tag","embeddable":true,"href":"https:\/\/www.europesays.com\/fr\/wp-json\/wp\/v2\/tags?post=321152"}],"curies":[{"name":"wp","href":"https:\/\/api.w.org\/{rel}","templated":true}]}}