{"id":321156,"date":"2025-08-15T16:24:27","date_gmt":"2025-08-15T16:24:27","guid":{"rendered":"https:\/\/www.europesays.com\/fr\/321156\/"},"modified":"2025-08-15T16:24:27","modified_gmt":"2025-08-15T16:24:27","slug":"presque-sans-voix-joakim-broden-sabaton-revient-sur-sa-collaboration-intense-avec-babymetal","status":"publish","type":"post","link":"https:\/\/www.europesays.com\/fr\/321156\/","title":{"rendered":"\u00ab\u00a0Presque sans voix\u00a0\u00bb :\u00a0Joakim Brod\u00e9n (Sabaton) revient sur sa collaboration intense avec Babymetal"},"content":{"rendered":"<p><strong>\u00c0 l\u2019occasion de la sortie du nouvel album collaboratif de <a href=\"https:\/\/www.metalzone.fr\/babymetal\/\" rel=\"nofollow noopener\" target=\"_blank\">Babymetal<\/a>, Joakim Brod\u00e9n revient sur l\u2019exp\u00e9rience atypique v\u00e9cue avec le groupe japonais en 2019, tout en pr\u00e9parant les prochaines a<\/strong><strong>ctivit\u00e9s live et studio de <a href=\"https:\/\/www.metalzone.fr\/sabaton\/\" rel=\"nofollow noopener\" target=\"_blank\">Sabaton<\/a>.<\/strong><\/p>\n<p>Joakim Brod\u00e9n et le souvenir d\u2019Oh! Majinai<\/p>\n<p>Dans une interview accord\u00e9e \u00e0 <a href=\"https:\/\/www.kerrang.com\/joakim-broden-sabaton-interview-babymetal-song-oh-majinai-2019-collabs\" target=\"_blank\" rel=\"nofollow noopener\">Kerrang!<\/a>, le chanteur de Sabaton raconte ses premi\u00e8res impressions mitig\u00e9es sur Babymetal, dont il n\u2019avait entendu parler que de nom, avant de compl\u00e8tement changer d\u2019avis apr\u00e8s les avoir vues se produire sur sc\u00e8ne. Invit\u00e9 \u00e0 chanter sur Oh! Majinai en 2019, il se souvient d\u2019une s\u00e9ance d\u2019enregistrement \u00e0 Osaka o\u00f9, selon ses mots, il termina la journ\u00e9e \u201cpresque sans voix\u201d apr\u00e8s de multiples prises. Il \u00e9voque \u00e9galement une apparition surprenante lors d\u2019un concert \u00e0 Tokyo, propuls\u00e9 depuis une trappe de sc\u00e8ne avec \u201cun bazooka et un cigare\u201d \u00e0 la main.<\/p>\n<p>Deux groupes toujours tourn\u00e9s vers l\u2019actualit\u00e9<\/p>\n<p>Cette r\u00e9miniscence intervient alors que Babymetal vient de publier Metal Forth, un disque riche en collaborations avec, entre autres, <a href=\"https:\/\/www.metalzone.fr\/tom-morello\/\" rel=\"nofollow noopener\" target=\"_blank\">Tom Morello<\/a>, <a href=\"https:\/\/www.metalzone.fr\/poppy\/\" rel=\"nofollow noopener\" target=\"_blank\">Poppy<\/a> ou <a href=\"https:\/\/www.metalzone.fr\/spiritbox\/\" rel=\"nofollow noopener\" target=\"_blank\">Spiritbox<\/a>, dont nous parlions <a href=\"https:\/\/www.metalzone.fr\/news\/218893-babymetal-spiritbox-my-queen\/\" target=\"_blank\" rel=\"noopener nofollow\">ici<\/a>. De son c\u00f4t\u00e9, Sabaton pr\u00e9pare la sortie de son onzi\u00e8me album Legends, attendue le 17 octobre via Better Noise Music, et s\u2019appr\u00eate \u00e0 entamer The Legendary Tour en Europe. Le groupe passera par Zurich le 18 novembre, Esch-sur-Alzette le 26 novembre, Paris les 28 et 29 novembre, et Anvers le 2 d\u00e9cembre, comme d\u00e9taill\u00e9 <a href=\"https:\/\/www.metalzone.fr\/news\/218059-sabaton-nouvel-album-legends-deux-singles\/\" target=\"_blank\" rel=\"noopener nofollow\">dans cet article<\/a>.<\/p><\/p>\n","protected":false},"excerpt":{"rendered":"\u00c0 l\u2019occasion de la sortie du nouvel album collaboratif de Babymetal, Joakim Brod\u00e9n revient sur l\u2019exp\u00e9rience atypique v\u00e9cue&hellip;\n","protected":false},"author":2,"featured_media":321157,"comment_status":"","ping_status":"","sticky":false,"template":"","format":"standard","meta":{"footnotes":""},"categories":[1355],"tags":[58,59,1011,27,1361,873],"class_list":{"0":"post-321156","1":"post","2":"type-post","3":"status-publish","4":"format-standard","5":"has-post-thumbnail","7":"category-musique","8":"tag-divertissement","9":"tag-entertainment","10":"tag-fr","11":"tag-france","12":"tag-music","13":"tag-musique"},"share_on_mastodon":{"url":"https:\/\/pubeurope.com\/@fr\/115033713155983317","error":""},"_links":{"self":[{"href":"https:\/\/www.europesays.com\/fr\/wp-json\/wp\/v2\/posts\/321156","targetHints":{"allow":["GET"]}}],"collection":[{"href":"https:\/\/www.europesays.com\/fr\/wp-json\/wp\/v2\/posts"}],"about":[{"href":"https:\/\/www.europesays.com\/fr\/wp-json\/wp\/v2\/types\/post"}],"author":[{"embeddable":true,"href":"https:\/\/www.europesays.com\/fr\/wp-json\/wp\/v2\/users\/2"}],"replies":[{"embeddable":true,"href":"https:\/\/www.europesays.com\/fr\/wp-json\/wp\/v2\/comments?post=321156"}],"version-history":[{"count":0,"href":"https:\/\/www.europesays.com\/fr\/wp-json\/wp\/v2\/posts\/321156\/revisions"}],"wp:featuredmedia":[{"embeddable":true,"href":"https:\/\/www.europesays.com\/fr\/wp-json\/wp\/v2\/media\/321157"}],"wp:attachment":[{"href":"https:\/\/www.europesays.com\/fr\/wp-json\/wp\/v2\/media?parent=321156"}],"wp:term":[{"taxonomy":"category","embeddable":true,"href":"https:\/\/www.europesays.com\/fr\/wp-json\/wp\/v2\/categories?post=321156"},{"taxonomy":"post_tag","embeddable":true,"href":"https:\/\/www.europesays.com\/fr\/wp-json\/wp\/v2\/tags?post=321156"}],"curies":[{"name":"wp","href":"https:\/\/api.w.org\/{rel}","templated":true}]}}