{"id":321158,"date":"2025-08-15T16:25:23","date_gmt":"2025-08-15T16:25:23","guid":{"rendered":"https:\/\/www.europesays.com\/fr\/321158\/"},"modified":"2025-08-15T16:25:23","modified_gmt":"2025-08-15T16:25:23","slug":"un-film-documentaire-sur-la-derniere-tournee-de-depeche-mode-au-cinema-cet-automne","status":"publish","type":"post","link":"https:\/\/www.europesays.com\/fr\/321158\/","title":{"rendered":"Un film documentaire sur la derni\u00e8re tourn\u00e9e de Depeche Mode, au cin\u00e9ma cet automne"},"content":{"rendered":"<p>R\u00e9alis\u00e9 par Fernando Frias de la Parra, le long-m\u00e9trage m\u00eale des extraits du dernier concert du groupe \u00e0 Mexico, en septembre 2023, et des passages philosophiques sur la musique, la mort et la tradition mexicaine. Il sortira le 28 octobre.<\/p>\n<p class=\"fig-paragraph\">Les fans de\u00a0<a href=\"http:\/\/www.lefigaro.fr\/horlogerie\/un-memento-mori-horloger-pour-depeche-mode-20240227\" data-fig-type=\"Article\" data-gtm-custom-categorie=\"navigation\" data-gtm-custom-action=\"crossclick\" data-gtm-custom-label=\"Contextuel\" data-gtm-event=\"customEventSPE\" data-fig-domain=\"LEFIGARO\" rel=\"nofollow noopener\" target=\"_blank\">Depeche Mode<\/a>\u00a0seront ravis. Plus d\u2019un an apr\u00e8s la fin de la tourn\u00e9e Memento Mori World Tour, le groupe britannique a annonc\u00e9 mardi 12 ao\u00fbt sur les r\u00e9seaux sociaux, la diffusion du film-documentaire Depeche Mode\u00a0: M au cin\u00e9ma. Projet\u00e9 dans 2500 salles obscures de 60 pays, ce long-m\u00e9trage hybride m\u00ealera des images des trois concerts jou\u00e9s en septembre 2023 \u00e0\u00a0<a href=\"http:\/\/www.lefigaro.fr\/flash-eco\/l-aeroport-de-mexico-suspend-temporairement-ses-operations-en-raison-de-fortes-pluies-20250811\" data-fig-type=\"NewsFlash\" data-gtm-custom-categorie=\"navigation\" data-gtm-custom-action=\"crossclick\" data-gtm-custom-label=\"Contextuel\" data-gtm-event=\"customEventSPE\" data-fig-domain=\"LEFIGARO\" rel=\"nofollow noopener\" target=\"_blank\">Mexico<\/a>, ainsi que des passages plus philosophiques sur la musique, la mort et la tradition mexicaine.<\/p>\n<p class=\"fig-paragraph\">R\u00e9alis\u00e9e par Fernando Frias de la Parra (pr\u00e9s\u00e9lectionn\u00e9 aux\u00a0<a href=\"http:\/\/www.lefigaro.fr\/festival-de-cannes\/festival-de-cannes-julia-ducournau-palme-d-or-2021-et-brie-larson-laureate-d-un-oscar-dans-le-jury-20230504\" data-fig-type=\"NewsFlash\" data-gtm-custom-categorie=\"navigation\" data-gtm-custom-action=\"crossclick\" data-gtm-custom-label=\"Contextuel\" data-gtm-event=\"customEventSPE\" data-fig-domain=\"LEFIGARO\" rel=\"nofollow noopener\" target=\"_blank\">Oscars 2021<\/a>\u00a0pour I\u2019m no longer here), la captation vid\u00e9o est d\u00e9crite comme un \u00ab\u00a0voyage musical et spirituel\u00a0\u00bb. Si la projection est pr\u00e9vue \u00e0 partir du 28 octobre, la billetterie ouvrira, elle, le 17 septembre.<\/p>\n<p>                                    <a class=\"fig-a11y-skip a11y-hidden\" href=\"#fig-a11y-skip-main-inarticle\"><br \/>\n        Passer la publicit\u00e9<br \/>\n    <\/a><\/p>\n<p>Trois millions de spectateurs<\/p>\n<p class=\"fig-paragraph\">En 2022, Depeche Mode est frapp\u00e9 par le d\u00e9c\u00e8s d\u2019<a href=\"http:\/\/www.lefigaro.fr\/musique\/deces-d-andy-fletcher-membre-fondateur-de-depeche-mode-20220526\" data-fig-type=\"NewsFlash\" data-gtm-custom-categorie=\"navigation\" data-gtm-custom-action=\"crossclick\" data-gtm-custom-label=\"Contextuel\" data-gtm-event=\"customEventSPE\" data-fig-domain=\"LEFIGARO\" rel=\"nofollow noopener\" target=\"_blank\">Andy Fletcher<\/a>, membre historique du groupe. Boulevers\u00e9e par la perte du clavi\u00e9riste, la formation britannique publie en 2023,\u00a0<a href=\"http:\/\/www.lefigaro.fr\/horlogerie\/un-memento-mori-horloger-pour-depeche-mode-20240227\" data-fig-type=\"Article\" data-gtm-custom-categorie=\"navigation\" data-gtm-custom-action=\"crossclick\" data-gtm-custom-label=\"Contextuel\" data-gtm-event=\"customEventSPE\" data-fig-domain=\"LEFIGARO\" rel=\"nofollow noopener\" target=\"_blank\">Memento Mori<\/a> \u00a0un album de douze titres o\u00f9 les th\u00e8mes de la mort r\u00e8gnent. Salu\u00e9 par les critiques, le disque a atteint la premi\u00e8re place des classements allemands, fran\u00e7ais et italiens.<\/p>\n<p class=\"fig-paragraph\">Le disque a \u00e9t\u00e9 d\u00e9fendu sur sc\u00e8ne par l\u2019immense tourn\u00e9e Memento Mori World Tour. Commenc\u00e9 en f\u00e9vrier 2023, le spectacle a sillonn\u00e9 durant quatorze mois les salles nord-am\u00e9ricaines et europ\u00e9ennes, rassemblant pr\u00e8s de trois millions d\u2019inconditionnels. En France, le groupe a chant\u00e9 \u00e0 Lyon, Bordeaux et Lille avant de se produire au\u00a0<a href=\"http:\/\/www.lefigaro.fr\/musique\/depeche-mode-enflamme-le-stade-de-france-lors-de-la-tournee-memento-mori-20230626\" data-fig-type=\"Article\" data-gtm-custom-categorie=\"navigation\" data-gtm-custom-action=\"crossclick\" data-gtm-custom-label=\"Contextuel\" data-gtm-event=\"customEventSPE\" data-fig-domain=\"LEFIGARO\" rel=\"nofollow noopener\" target=\"_blank\">Stade de France<\/a>, en juin 2023. Depeche Mode est revenu six mois plus tard, en jouant deux dates suppl\u00e9mentaires \u00e0 l\u2019Accor Arena de Paris.<\/p>\n","protected":false},"excerpt":{"rendered":"R\u00e9alis\u00e9 par Fernando Frias de la Parra, le long-m\u00e9trage m\u00eale des extraits du dernier concert du groupe \u00e0&hellip;\n","protected":false},"author":2,"featured_media":321159,"comment_status":"","ping_status":"","sticky":false,"template":"","format":"standard","meta":{"footnotes":""},"categories":[1354],"tags":[650,1697,45904,58,59,1346,1011,27,1360],"class_list":{"0":"post-321158","1":"post","2":"type-post","3":"status-publish","4":"format-standard","5":"has-post-thumbnail","7":"category-films","8":"tag-cinema","9":"tag-concert","10":"tag-depeche-mode","11":"tag-divertissement","12":"tag-entertainment","13":"tag-films","14":"tag-fr","15":"tag-france","16":"tag-movies"},"share_on_mastodon":{"url":"https:\/\/pubeurope.com\/@fr\/115033717177585617","error":""},"_links":{"self":[{"href":"https:\/\/www.europesays.com\/fr\/wp-json\/wp\/v2\/posts\/321158","targetHints":{"allow":["GET"]}}],"collection":[{"href":"https:\/\/www.europesays.com\/fr\/wp-json\/wp\/v2\/posts"}],"about":[{"href":"https:\/\/www.europesays.com\/fr\/wp-json\/wp\/v2\/types\/post"}],"author":[{"embeddable":true,"href":"https:\/\/www.europesays.com\/fr\/wp-json\/wp\/v2\/users\/2"}],"replies":[{"embeddable":true,"href":"https:\/\/www.europesays.com\/fr\/wp-json\/wp\/v2\/comments?post=321158"}],"version-history":[{"count":0,"href":"https:\/\/www.europesays.com\/fr\/wp-json\/wp\/v2\/posts\/321158\/revisions"}],"wp:featuredmedia":[{"embeddable":true,"href":"https:\/\/www.europesays.com\/fr\/wp-json\/wp\/v2\/media\/321159"}],"wp:attachment":[{"href":"https:\/\/www.europesays.com\/fr\/wp-json\/wp\/v2\/media?parent=321158"}],"wp:term":[{"taxonomy":"category","embeddable":true,"href":"https:\/\/www.europesays.com\/fr\/wp-json\/wp\/v2\/categories?post=321158"},{"taxonomy":"post_tag","embeddable":true,"href":"https:\/\/www.europesays.com\/fr\/wp-json\/wp\/v2\/tags?post=321158"}],"curies":[{"name":"wp","href":"https:\/\/api.w.org\/{rel}","templated":true}]}}