{"id":321160,"date":"2025-08-15T16:26:22","date_gmt":"2025-08-15T16:26:22","guid":{"rendered":"https:\/\/www.europesays.com\/fr\/321160\/"},"modified":"2025-08-15T16:26:22","modified_gmt":"2025-08-15T16:26:22","slug":"un-petit-risque-en-plus-pour-un-cancer-rare-de-lenfant","status":"publish","type":"post","link":"https:\/\/www.europesays.com\/fr\/321160\/","title":{"rendered":"un petit risque en plus pour un cancer rare de l\u2019enfant ?"},"content":{"rendered":"<p class=\"whitespace-normal break-words\"><strong>Une vaste \u00e9tude<br \/>\nsu\u00e9doise portant sur 2,4 millions de naissances r\u00e9v\u00e8le que les<br \/>\n<a href=\"https:\/\/sciencepost.fr\/des-enfants-de-lere-glaciaire-gambadaient-dans-des-flaques-deau-de-paresseux-geants-revelent-des-empreintes-de-pas\/\" target=\"_blank\" rel=\"noopener nofollow\">enfants<\/a> n\u00e9s par c\u00e9sarienne<br \/>\nplanifi\u00e9e pr\u00e9sentent 21% de risques suppl\u00e9mentaires de d\u00e9velopper<br \/>\nune leuc\u00e9mie aigu\u00eb lymphoblastique, le cancer le plus fr\u00e9quent chez<br \/>\nl\u2019enfant. Cette recherche, publi\u00e9e dans l\u2019<a href=\"https:\/\/onlinelibrary.wiley.com\/doi\/10.1002\/ijc.70027\" target=\"_blank\" rel=\"noopener nofollow\">International Journal of Cancer<\/a>,<br \/>\nconfirme et pr\u00e9cise des observations ant\u00e9rieures tout en soulevant<br \/>\ndes questions cruciales sur les m\u00e9canismes biologiques en jeu lors<br \/>\nde la naissance. Bien que le risque absolu reste faible, cette<br \/>\nd\u00e9couverte interpelle sur les cons\u00e9quences \u00e0 long terme de<br \/>\ncertaines pratiques obst\u00e9tricales.<\/strong><\/p>\n<p>Un lien<br \/>\nstatistique troublant<\/p>\n<p class=\"whitespace-normal break-words\">La leuc\u00e9mie aigu\u00eb<br \/>\nlymphoblastique (LAL) touche principalement les enfants de moins de<br \/>\ncinq ans, repr\u00e9sentant environ 80% des leuc\u00e9mies p\u00e9diatriques.<br \/>\nMalgr\u00e9 sa raret\u00e9 relative \u2013 seuls 4,8 enfants sur 100 000 la<br \/>\nd\u00e9veloppent chaque ann\u00e9e \u2013 elle constitue une pr\u00e9occupation majeure<br \/>\nen oncologie p\u00e9diatrique.<\/p>\n<p class=\"whitespace-normal break-words\">L\u2019\u00e9quipe de Christina<br \/>\nEvmorfia-Kampitsi du Karolinska Institutet a analys\u00e9 deux d\u00e9cennies<br \/>\nde donn\u00e9es su\u00e9doises avec une pr\u00e9cision in\u00e9gal\u00e9e. Sur les 2,4<br \/>\nmillions de naissances \u00e9tudi\u00e9es, environ 375 000 enfants sont n\u00e9s<br \/>\npar c\u00e9sarienne, dont 213 000 par c\u00e9sarienne planifi\u00e9e. Parmi<br \/>\nl\u2019ensemble de la cohorte, 1 200 enfants ont d\u00e9velopp\u00e9 une LAL.<\/p>\n<p class=\"whitespace-normal break-words\">Les r\u00e9sultats r\u00e9v\u00e8lent une<br \/>\naugmentation significative du risque chez les enfants n\u00e9s par<br \/>\nc\u00e9sarienne planifi\u00e9e \u2013 c\u2019est-\u00e0-dire programm\u00e9e avant le d\u00e9but du<br \/>\ntravail \u2013 comparativement \u00e0 un accouchement vaginal. Cette<br \/>\ndistinction temporelle s\u2019av\u00e8re cruciale : les c\u00e9sariennes non<br \/>\nplanifi\u00e9es, r\u00e9alis\u00e9es apr\u00e8s le d\u00e9but du travail, montrent une<br \/>\naugmentation de risque moindre.<\/p>\n<p>La rigueur<br \/>\nm\u00e9thodologique fait la diff\u00e9rence<\/p>\n<p class=\"whitespace-normal break-words\">Cette \u00e9tude se distingue<br \/>\npar son contr\u00f4le rigoureux des facteurs confondants. Les chercheurs<br \/>\nont pris en compte l\u2019\u00e2ge maternel, le poids de naissance, les<br \/>\nmalformations cong\u00e9nitales, le diab\u00e8te gestationnel, la<br \/>\npr\u00e9\u00e9clampsie et bien d\u2019autres variables susceptibles d\u2019influencer<br \/>\nles r\u00e9sultats.<\/p>\n<p class=\"whitespace-normal break-words\">Cette approche<br \/>\nm\u00e9thodologique r\u00e9pond aux critiques formul\u00e9es contre les \u00e9tudes<br \/>\npr\u00e9c\u00e9dentes, souvent accus\u00e9es de ne pas suffisamment distinguer les<br \/>\neffets directs de la c\u00e9sarienne des pathologies ayant motiv\u00e9 cette<br \/>\nintervention. \u00ab\u00a0Gr\u00e2ce \u00e0 la richesse des donn\u00e9es du<br \/>\nregistre su\u00e9dois, nous avons pu d\u00e9montrer que cette association<br \/>\nn\u2019est pas uniquement due aux conditions sous-jacentes\u00ab\u00a0,<br \/>\nexplique Evmorfia-Kampitsi.<\/p>\n<p class=\"whitespace-normal break-words\">La subdivision par<br \/>\nd\u00e9cennie de naissance permet \u00e9galement de tenir compte de<br \/>\nl\u2019\u00e9volution des pratiques obst\u00e9tricales et des techniques<br \/>\ndiagnostiques, renfor\u00e7ant la robustesse des conclusions.<\/p>\n<p><img loading=\"lazy\" data-lazyloaded=\"1\" decoding=\"async\" class=\"wp-image-314058 size-full\" src=\"https:\/\/www.europesays.com\/fr\/wp-content\/uploads\/2025\/08\/iStock-1632997483-scaled.jpg\" alt=\"c\u00e9sarienne leuc\u00e9mie enfants\" width=\"2048\" height=\"1352\"  data-\/><\/p>\n<p class=\"istock-credit\" style=\"text-align:center\">Cr\u00e9dit :<br \/>\niStock<\/p>\n<p>Amas de cellules canc\u00e9reuses dans le flux sanguin. Cr\u00e9dits : Nemes<br \/>\nLaszlo\/istockDeux<br \/>\nm\u00e9canismes biologiques plausibles<\/p>\n<p class=\"whitespace-normal break-words\">Comment expliquer ce lien<br \/>\nsurprenant ? Les scientifiques avancent deux hypoth\u00e8ses<br \/>\ncompl\u00e9mentaires, toutes deux li\u00e9es aux diff\u00e9rences fondamentales<br \/>\nentre naissance vaginale et c\u00e9sarienne planifi\u00e9e.<\/p>\n<p class=\"whitespace-normal break-words\">La premi\u00e8re th\u00e9orie, dite<br \/>\n\u00ab\u00a0microbienne\u00a0\u00bb, sugg\u00e8re que l\u2019exposition aux<br \/>\nmicroorganismes du canal vaginal joue un r\u00f4le protecteur. Lors d\u2019un<br \/>\naccouchement vaginal, le nouveau-n\u00e9 entre en contact avec la flore<br \/>\nmaternelle, stimulant pr\u00e9cocement son syst\u00e8me immunitaire. Cette<br \/>\n\u00ab\u00a0\u00e9ducation\u00a0\u00bb microbienne pourrait favoriser<br \/>\nl\u2019\u00e9limination de cellules pr\u00e9-leuc\u00e9miques pr\u00e9sentes d\u00e8s la<br \/>\nnaissance.<\/p>\n<p class=\"whitespace-normal break-words\">Les b\u00e9b\u00e9s n\u00e9s par<br \/>\nc\u00e9sarienne planifi\u00e9e, n\u2019ayant jamais travers\u00e9 le canal vaginal,<br \/>\nseraient priv\u00e9s de cette exposition cruciale. M\u00eame les c\u00e9sariennes<br \/>\nr\u00e9alis\u00e9es apr\u00e8s rupture de la poche des eaux offrent une exposition<br \/>\nmicrobienne sup\u00e9rieure, ce qui pourrait expliquer leur risque<br \/>\ninterm\u00e9diaire.<\/p>\n<p class=\"whitespace-normal break-words\">La seconde hypoth\u00e8se<br \/>\nconcerne les hormones de stress. Le travail g\u00e9n\u00e8re une lib\u00e9ration<br \/>\nmassive de cortisol et d\u2019autres hormones de stress chez le f\u0153tus.<br \/>\nCes substances, loin d\u2019\u00eatre n\u00e9fastes, pourraient activer des<br \/>\nm\u00e9canismes de d\u00e9fense anticanc\u00e9reux. Cette th\u00e9orie trouve un \u00e9cho<br \/>\ndans l\u2019utilisation th\u00e9rapeutique des corticost\u00e9ro\u00efdes pour traiter<br \/>\nla LAL.<\/p>\n<p>Un risque<br \/>\nrelatif dans un contexte absolu rassurant<\/p>\n<p class=\"whitespace-normal break-words\">Joseph Wiemels, expert en<br \/>\n\u00e9pid\u00e9miologie du cancer \u00e0 l\u2019Universit\u00e9 de Californie du Sud,<br \/>\ntemp\u00e8re l\u2019inqui\u00e9tude l\u00e9gitime que peuvent susciter ces r\u00e9sultats.<br \/>\nBien que l\u2019augmentation du risque relatif soit statistiquement<br \/>\nsignificative, le risque absolu demeure faible.<\/p>\n<p class=\"whitespace-normal break-words\">Concr\u00e8tement, sur 100 000<br \/>\nenfants n\u00e9s par voie vaginale, environ 4,8 d\u00e9velopperont une<br \/>\nleuc\u00e9mie. Ce chiffre passe \u00e0 environ 5,8 pour les enfants n\u00e9s par<br \/>\nc\u00e9sarienne planifi\u00e9e. L\u2019augmentation absolue reste donc marginale,<br \/>\nm\u00eame si elle devient significative \u00e0 l\u2019\u00e9chelle de la<br \/>\npopulation.<\/p>\n<p>Implications cliniques mesur\u00e9es<\/p>\n<p class=\"whitespace-normal break-words\">Les auteurs insistent sur<br \/>\nun point fondamental : ces r\u00e9sultats ne doivent pas dissuader le<br \/>\nrecours \u00e0 la c\u00e9sarienne lorsqu\u2019elle est m\u00e9dicalement justifi\u00e9e.<br \/>\nPr\u00e9\u00e9clampsie s\u00e9v\u00e8re, d\u00e9tresse f\u0153tale, pr\u00e9sentation anormale ou<br \/>\nautres complications obst\u00e9tricales constituent des indications<br \/>\nabsolues o\u00f9 les b\u00e9n\u00e9fices l\u2019emportent largement sur les<br \/>\nrisques.<\/p>\n<p class=\"whitespace-normal break-words\">\u00ab\u00a0La c\u00e9sarienne<br \/>\nest un \u00e9l\u00e9ment essentiel et souvent salvateur des soins<br \/>\nobst\u00e9tricaux modernes\u00ab\u00a0, rappelle Evmorfia-Kampitsi.<br \/>\n\u00ab\u00a0Nos r\u00e9sultats ne devraient pas \u00eatre une source d\u2019inqui\u00e9tude<br \/>\nlorsque la proc\u00e9dure est m\u00e9dicalement indiqu\u00e9e.\u00a0\u00bb<\/p>\n<p class=\"whitespace-normal break-words\">En revanche, cette<br \/>\nd\u00e9couverte pourrait influencer les d\u00e9cisions concernant les<br \/>\nc\u00e9sariennes de convenance, pratiqu\u00e9es sans indication m\u00e9dicale<br \/>\nclaire. Dans ces situations, la balance b\u00e9n\u00e9fice-risque pourrait<br \/>\nd\u00e9sormais int\u00e9grer cette consid\u00e9ration oncologique \u00e0 long<br \/>\nterme.<\/p>\n<p>Vers de<br \/>\nnouvelles recherches<\/p>\n<p class=\"whitespace-normal break-words\">Cette \u00e9tude su\u00e9doise,<br \/>\nmalgr\u00e9 sa robustesse, appelle des confirmations dans d\u2019autres<br \/>\npopulations. Les variations g\u00e9ographiques des taux de c\u00e9sarienne et<br \/>\nde LAL sugg\u00e8rent que des facteurs environnementaux ou g\u00e9n\u00e9tiques<br \/>\npourraient moduler cette association.<\/p>\n<p class=\"whitespace-normal break-words\">L\u2019identification des<br \/>\nm\u00e9canismes pr\u00e9cis ouvre \u00e9galement des perspectives pr\u00e9ventives<br \/>\nfascinantes : suppl\u00e9mentation microbienne des nouveau-n\u00e9s par<br \/>\nc\u00e9sarienne, optimisation du timing des interventions, ou<br \/>\nd\u00e9veloppement de protocoles mimant les b\u00e9n\u00e9fices du travail<br \/>\nphysiologique.<\/p>\n<p class=\"whitespace-normal break-words\">Cette recherche illustre<br \/>\nparfaitement comment l\u2019\u00e9pid\u00e9miologie moderne peut r\u00e9v\u00e9ler des liens<br \/>\nsubtils mais significatifs, guidant l\u2019\u00e9volution des pratiques<br \/>\nm\u00e9dicales vers une prise en compte toujours plus fine des<br \/>\ncons\u00e9quences \u00e0 long terme de nos interventions.<\/p>\n","protected":false},"excerpt":{"rendered":"Une vaste \u00e9tude su\u00e9doise portant sur 2,4 millions de naissances r\u00e9v\u00e8le que les enfants n\u00e9s par c\u00e9sarienne planifi\u00e9e&hellip;\n","protected":false},"author":2,"featured_media":321161,"comment_status":"","ping_status":"","sticky":false,"template":"","format":"standard","meta":{"footnotes":""},"categories":[10],"tags":[1011,27,72,71],"class_list":{"0":"post-321160","1":"post","2":"type-post","3":"status-publish","4":"format-standard","5":"has-post-thumbnail","7":"category-sante","8":"tag-fr","9":"tag-france","10":"tag-health","11":"tag-sante"},"share_on_mastodon":{"url":"https:\/\/pubeurope.com\/@fr\/115033721315800010","error":""},"_links":{"self":[{"href":"https:\/\/www.europesays.com\/fr\/wp-json\/wp\/v2\/posts\/321160","targetHints":{"allow":["GET"]}}],"collection":[{"href":"https:\/\/www.europesays.com\/fr\/wp-json\/wp\/v2\/posts"}],"about":[{"href":"https:\/\/www.europesays.com\/fr\/wp-json\/wp\/v2\/types\/post"}],"author":[{"embeddable":true,"href":"https:\/\/www.europesays.com\/fr\/wp-json\/wp\/v2\/users\/2"}],"replies":[{"embeddable":true,"href":"https:\/\/www.europesays.com\/fr\/wp-json\/wp\/v2\/comments?post=321160"}],"version-history":[{"count":0,"href":"https:\/\/www.europesays.com\/fr\/wp-json\/wp\/v2\/posts\/321160\/revisions"}],"wp:featuredmedia":[{"embeddable":true,"href":"https:\/\/www.europesays.com\/fr\/wp-json\/wp\/v2\/media\/321161"}],"wp:attachment":[{"href":"https:\/\/www.europesays.com\/fr\/wp-json\/wp\/v2\/media?parent=321160"}],"wp:term":[{"taxonomy":"category","embeddable":true,"href":"https:\/\/www.europesays.com\/fr\/wp-json\/wp\/v2\/categories?post=321160"},{"taxonomy":"post_tag","embeddable":true,"href":"https:\/\/www.europesays.com\/fr\/wp-json\/wp\/v2\/tags?post=321160"}],"curies":[{"name":"wp","href":"https:\/\/api.w.org\/{rel}","templated":true}]}}