{"id":321168,"date":"2025-08-15T16:30:14","date_gmt":"2025-08-15T16:30:14","guid":{"rendered":"https:\/\/www.europesays.com\/fr\/321168\/"},"modified":"2025-08-15T16:30:14","modified_gmt":"2025-08-15T16:30:14","slug":"quest-ce-que-sont-ces-freinages-fantomes-ou-les-voitures-freinent-toutes-seules-mettant-en-peril-la-securite-des-automobilistes-actualites","status":"publish","type":"post","link":"https:\/\/www.europesays.com\/fr\/321168\/","title":{"rendered":"Qu\u2019est-ce que sont ces \u00ab\u00a0freinages fant\u00f4mes\u00a0\u00bb o\u00f9 les voitures freinent toutes seules, mettant en p\u00e9ril la s\u00e9curit\u00e9 des automobilistes ? : Actualit\u00e9s"},"content":{"rendered":"<p class=\"lead \"><strong>Depuis plusieurs mois, plusieurs automobilistes racontent avoir \u00e9t\u00e9 victimes de freinages fant\u00f4mes, o\u00f9 leurs v\u00e9hicules freinaient automatiquement et parfois brusquement, cr\u00e9ant parfois d\u2019impressionnants accidents. Une probl\u00e9matique dont le minist\u00e8re des Transports s\u2019est saisi mercredi 13 ao\u00fbt.<\/strong><\/p>\n<p class=\"lead \">\u00ab\u00a0Je roulais entre 110 et 130 km\/h et ma voiture s&rsquo;est arr\u00eat\u00e9e, sans action de ma part et alors qu&rsquo;il n&rsquo;y avait aucun obstacle devant moi. C\u2019est all\u00e9 tr\u00e8s vite, trois secondes pour arriver \u00e0 l\u2019arr\u00eat. La voiture derri\u00e8re est venue me percuter, et mon v\u00e9hicule a fait un 180 degr\u00e9s\u00a0\u00bb. C\u2019est l\u2019histoire incroyable que raconte Joanna au micro de <a href=\"https:\/\/www.radiofrance.fr\/franceinter\/podcasts\/l-info-de-france-inter\/l-info-de-france-inter-5400052\" target=\"_blank\" rel=\"nofollow noopener\">France Inter<\/a>. Si l\u2019accident survenu en avril dernier dans le Rh\u00f4ne n\u2019a eu comme cons\u00e9quences pour elle et l\u2019autre conducteur \u00ab\u00a0que\u00a0\u00bb quelques entorses cervicales et des h\u00e9matomes, il souligne une probl\u00e9matique particuli\u00e8rement inqui\u00e9tante : celle des freinages fant\u00f4mes devenus fr\u00e9quents depuis quelques mois.<\/p>\n<p class=\"lead \">D\u2019apr\u00e8s un reportage de <a href=\"https:\/\/www.tf1info.fr\/transports\/freinages-fantomes-de-vehicules-de-quoi-parle-t-on-2388952.html\" target=\"_blank\" rel=\"nofollow noopener\">TF1<\/a>, un groupe Facebook vient m\u00eame d&rsquo;\u00eatre cr\u00e9\u00e9 pour rassembler les victimes de ces \u00ab\u00a0freinages fant\u00f4mes\u00a0\u00bb. Les centaines d\u2019adh\u00e9rents y racontent leur exp\u00e9rience qui aurait m\u00eame pu tourner au drame. Selon Joanna, qui a cr\u00e9\u00e9 ce groupe, \u00ab\u00a0il s&rsquo;agit de v\u00e9hicules r\u00e9cents\u00a0\u00bb, sortis d&rsquo;usine \u00ab\u00a0entre 2017 et 2025\u00a0\u00bb, note-t-elle, et ces \u00ab\u00a0freinages fant\u00f4mes\u00a0\u00bb seraient caus\u00e9s par \u00ab\u00a0la pr\u00e9sence d&rsquo;aides \u00e0 la conduite, et plus particuli\u00e8rement d&rsquo;aides au freinage et donc des capteurs associ\u00e9s\u00a0\u00bb. Elle sugg\u00e8re cependant que les \u00ab\u00a0causes soient multiples\u00a0\u00bb.<\/p>\n<p>                                                                                                Une enqu\u00eate \u00e0 venir<\/p>\n<p class=\"lead \">Cependant, aucun constructeur n\u2019a pour l\u2019heure r\u00e9agi. Le minist\u00e8re des Transports assure quant \u00e0 lui s\u2019\u00eatre saisi du probl\u00e8me, raconte <a href=\"https:\/\/www.francebleu.fr\/infos\/transports\/de-130-km-h-a-l-arret-en-3-secondes-ce-que-l-on-sait-des-freinages-fantomes-rapportes-par-certains-automobilistes-5859875\" target=\"_blank\" rel=\"nofollow noopener\">Ici<\/a>. \u00ab\u00a0Le minist\u00e8re va interroger les constructeurs et proc\u00e9der \u00e0 la r\u00e9alisation d\u2019essais pour comprendre s&rsquo;il y a une anomalie, ou non\u00a0\u00bb.<\/p>\n<p class=\"lead \">Le service de surveillance du march\u00e9 des v\u00e9hicules et des moteurs devrait ainsi s\u2019emparer du probl\u00e8me dans les prochaines semaines. D\u00e9pendant du minist\u00e8re des Transports, il est charg\u00e9 du \u00ab\u00a0suivi des campagnes de rappels de v\u00e9hicules relevant de son p\u00e9rim\u00e8tre ayant un impact sur le territoire national\u00a0\u00bb.<\/p>\n<p class=\"small font-weight-bold text-gray3 \"> publi\u00e9 le 15 ao\u00fbt \u00e0 17h12, Marin Paulay, 6M\u00e9dias<\/p>\n<p>                             Partager<\/p>\n","protected":false},"excerpt":{"rendered":"Depuis plusieurs mois, plusieurs automobilistes racontent avoir \u00e9t\u00e9 victimes de freinages fant\u00f4mes, o\u00f9 leurs v\u00e9hicules freinaient automatiquement et&hellip;\n","protected":false},"author":2,"featured_media":321169,"comment_status":"","ping_status":"","sticky":false,"template":"","format":"standard","meta":{"footnotes":""},"categories":[6],"tags":[35,33,34,1011,27],"class_list":{"0":"post-321168","1":"post","2":"type-post","3":"status-publish","4":"format-standard","5":"has-post-thumbnail","7":"category-economie","8":"tag-business","9":"tag-economie","10":"tag-economy","11":"tag-fr","12":"tag-france"},"share_on_mastodon":{"url":"https:\/\/pubeurope.com\/@fr\/115033736739963247","error":""},"_links":{"self":[{"href":"https:\/\/www.europesays.com\/fr\/wp-json\/wp\/v2\/posts\/321168","targetHints":{"allow":["GET"]}}],"collection":[{"href":"https:\/\/www.europesays.com\/fr\/wp-json\/wp\/v2\/posts"}],"about":[{"href":"https:\/\/www.europesays.com\/fr\/wp-json\/wp\/v2\/types\/post"}],"author":[{"embeddable":true,"href":"https:\/\/www.europesays.com\/fr\/wp-json\/wp\/v2\/users\/2"}],"replies":[{"embeddable":true,"href":"https:\/\/www.europesays.com\/fr\/wp-json\/wp\/v2\/comments?post=321168"}],"version-history":[{"count":0,"href":"https:\/\/www.europesays.com\/fr\/wp-json\/wp\/v2\/posts\/321168\/revisions"}],"wp:featuredmedia":[{"embeddable":true,"href":"https:\/\/www.europesays.com\/fr\/wp-json\/wp\/v2\/media\/321169"}],"wp:attachment":[{"href":"https:\/\/www.europesays.com\/fr\/wp-json\/wp\/v2\/media?parent=321168"}],"wp:term":[{"taxonomy":"category","embeddable":true,"href":"https:\/\/www.europesays.com\/fr\/wp-json\/wp\/v2\/categories?post=321168"},{"taxonomy":"post_tag","embeddable":true,"href":"https:\/\/www.europesays.com\/fr\/wp-json\/wp\/v2\/tags?post=321168"}],"curies":[{"name":"wp","href":"https:\/\/api.w.org\/{rel}","templated":true}]}}