{"id":321170,"date":"2025-08-15T16:31:22","date_gmt":"2025-08-15T16:31:22","guid":{"rendered":"https:\/\/www.europesays.com\/fr\/321170\/"},"modified":"2025-08-15T16:31:22","modified_gmt":"2025-08-15T16:31:22","slug":"lobstruction-des-pays-petroliers-entraine-un-echec-cuisant-des-negociations-sur-un-traite-international","status":"publish","type":"post","link":"https:\/\/www.europesays.com\/fr\/321170\/","title":{"rendered":"l\u2019obstruction des pays p\u00e9troliers entra\u00eene un \u00e9chec cuisant des n\u00e9gociations sur un trait\u00e9 international"},"content":{"rendered":"<p>                         <img loading=\"lazy\" decoding=\"async\" src=\"https:\/\/www.europesays.com\/fr\/wp-content\/uploads\/2025\/08\/5bf0853_upload-1-zdnyxmvv26gh-561243.jpg\" alt=\"Des ouvriers utilisent des lames de rasoir pour gratter les \u00e9tiquettes de diff\u00e9rentes bouteilles en plastique de boissons gazeuses \u00e0 la Street Waste Company, \u00e0 Lagos, au Nigeria, le lundi 11 ao\u00fbt 2025.\"   width=\"664\" height=\"443\"\/>    Des ouvriers utilisent des lames de rasoir pour gratter les \u00e9tiquettes de diff\u00e9rentes bouteilles en plastique de boissons gazeuses \u00e0 la Street Waste Company, \u00e0 Lagos, au Nigeria, le lundi 11 ao\u00fbt 2025.  SUNDAY ALAMBA \/ AP                 <\/p>\n<p class=\"article__paragraph  \">Chaos et consternation. Ce qui devait \u00eatre l\u2019ultime session de n\u00e9gociations pour parvenir \u00e0 un trait\u00e9 mondial juridiquement contraignant pour lutter contre la pollution plastique et ses effets d\u00e9l\u00e9t\u00e8res sur l\u2019environnement et la sant\u00e9 humaine s\u2019est finalement sold\u00e9e par un \u00e9chec cuisant. Aucun terrain d\u2019entente n\u2019a pu \u00eatre trouv\u00e9 entre d\u2019un c\u00f4t\u00e9 la centaine de pays dits \u00ab\u00a0de haute ambition\u00a0\u00bb, dont ceux de l\u2019Union europ\u00e9enne, partisans d\u2019un trait\u00e9 limitant la production de plastique et s\u2019attaquant \u00e0 l\u2019ensemble de son cycle de vie, et de l\u2019autre, un petit groupe de pays dits \u00ab\u00a0obstructeurs\u00a0\u00bb, dont les pays du Golfe, l\u2019Iran et la Russie, producteurs de p\u00e9trole et de gaz, qui veulent limiter la port\u00e9e de ce texte \u00e0 la seule question de la gestion des d\u00e9chets et du recyclage.<\/p>\n<p class=\"article__paragraph  \">Le Comit\u00e9 intergouvernemental de n\u00e9gociation, pr\u00e9sid\u00e9 par l\u2019Equatorien Luis Vayas Valdivieso, avait pourtant pr\u00e9vu une session exceptionnellement longue \u2013 dix\u00a0jours \u2013 pour ce nouveau round de discussions organis\u00e9 au palais des Nations unies, \u00e0 Gen\u00e8ve, apr\u00e8s l\u2019\u00e9chec de celle qui devait d\u00e9j\u00e0 \u00eatre la derni\u00e8re et <a href=\"https:\/\/www.lemonde.fr\/planete\/article\/2024\/12\/01\/echec-du-traite-plastique-les-pays-producteurs-de-petrole-ont-eu-raison-de-l-ambition-portee-par-une-majorite-d-etats_6423999_3244.html\" rel=\"nofollow noopener\" target=\"_blank\">qui s\u2019\u00e9tait tenue fin 2024 \u00e0 Pusan<\/a>, en Cor\u00e9e du Sud.<\/p>\n<p class=\"reading-mode-only \"><strong>Il vous reste 85.56% de cet article \u00e0 lire. La suite est r\u00e9serv\u00e9e aux abonn\u00e9s.<\/strong><\/p>\n","protected":false},"excerpt":{"rendered":"Des ouvriers utilisent des lames de rasoir pour gratter les \u00e9tiquettes de diff\u00e9rentes bouteilles en plastique de boissons&hellip;\n","protected":false},"author":2,"featured_media":321171,"comment_status":"","ping_status":"","sticky":false,"template":"","format":"standard","meta":{"footnotes":""},"categories":[5],"tags":[11,1011,27,14,12,28],"class_list":{"0":"post-321170","1":"post","2":"type-post","3":"status-publish","4":"format-standard","5":"has-post-thumbnail","7":"category-international","8":"tag-actualites","9":"tag-fr","10":"tag-france","11":"tag-international","12":"tag-news","13":"tag-world"},"share_on_mastodon":{"url":"https:\/\/pubeurope.com\/@fr\/115033741136934523","error":""},"_links":{"self":[{"href":"https:\/\/www.europesays.com\/fr\/wp-json\/wp\/v2\/posts\/321170","targetHints":{"allow":["GET"]}}],"collection":[{"href":"https:\/\/www.europesays.com\/fr\/wp-json\/wp\/v2\/posts"}],"about":[{"href":"https:\/\/www.europesays.com\/fr\/wp-json\/wp\/v2\/types\/post"}],"author":[{"embeddable":true,"href":"https:\/\/www.europesays.com\/fr\/wp-json\/wp\/v2\/users\/2"}],"replies":[{"embeddable":true,"href":"https:\/\/www.europesays.com\/fr\/wp-json\/wp\/v2\/comments?post=321170"}],"version-history":[{"count":0,"href":"https:\/\/www.europesays.com\/fr\/wp-json\/wp\/v2\/posts\/321170\/revisions"}],"wp:featuredmedia":[{"embeddable":true,"href":"https:\/\/www.europesays.com\/fr\/wp-json\/wp\/v2\/media\/321171"}],"wp:attachment":[{"href":"https:\/\/www.europesays.com\/fr\/wp-json\/wp\/v2\/media?parent=321170"}],"wp:term":[{"taxonomy":"category","embeddable":true,"href":"https:\/\/www.europesays.com\/fr\/wp-json\/wp\/v2\/categories?post=321170"},{"taxonomy":"post_tag","embeddable":true,"href":"https:\/\/www.europesays.com\/fr\/wp-json\/wp\/v2\/tags?post=321170"}],"curies":[{"name":"wp","href":"https:\/\/api.w.org\/{rel}","templated":true}]}}