{"id":321172,"date":"2025-08-15T16:32:14","date_gmt":"2025-08-15T16:32:14","guid":{"rendered":"https:\/\/www.europesays.com\/fr\/321172\/"},"modified":"2025-08-15T16:32:14","modified_gmt":"2025-08-15T16:32:14","slug":"en-direct-canicule-66-departements-en-vigilance-orange-samedi","status":"publish","type":"post","link":"https:\/\/www.europesays.com\/fr\/321172\/","title":{"rendered":"EN DIRECT &#8211; Canicule : 66 d\u00e9partements en vigilance orange samedi"},"content":{"rendered":"<p>La journ\u00e9e de jeudi a \u00e0 nouveau \u00e9t\u00e9 marqu\u00e9e par des tr\u00e8s fortes temp\u00e9ratures maximales dans le Sud, franchissant la barre des 40\u00b0C \u00ab\u00a0de l&rsquo;H\u00e9rault jusqu&rsquo;\u00e0 l&rsquo;Ard\u00e8che, en passant par le Gard, et m\u00eame dans le Var\u00a0\u00bb, relate M\u00e9t\u00e9o-France dans son dernier bulletin. L&rsquo;agence de pr\u00e9visions a par exemple enregistr\u00e9 41,1 \u00b0C \u00e0 Villevieille (Gard), 40,5 \u00b0C \u00e0 Cogolin (Var) et \u00e0 Prades-le-Lez (H\u00e9rault).\u00a0<\/p>\n<p>Plusieurs grandes villes ont aussi enregistr\u00e9 des maximales tr\u00e8s en de\u00e7a des normales de saison : 38 \u00b0C \u00e0 Perpignan (+8), 36 \u00b0C \u00e0 Dijon (+9), Marseille (+6) et Bastia (+6), 35 \u00b0C \u00e0 Lyon (+7), 34 \u00b0C \u00e0 Strasbourg (+8), 30 \u00b0C \u00e0 Paris (+4), Lille (+7) et Nantes (+4).\u00a0<\/p>\n<p>Quant \u00e0 la nuit de jeudi \u00e0 vendredi, \u00ab\u00a0les temp\u00e9ratures sont encore souvent comprises entre 20 et 25\u00b0C sur les d\u00e9partements en orange canicule\u00a0\u00bb t\u00f4t \u00e0 l&rsquo;aube. \u00ab\u00a0Mais il fait nettement plus frais sur le nord-ouest\u00a0\u00bb, d\u00e9crit M\u00e9t\u00e9o-France, qui signale un grand \u00e9cart : \u00ab\u00a0\u00e0 5h, il fait encore 28\u00b0C \u00e0 La Ciotat (Bouches-du-Rh\u00f4ne) mais 10\u00b0C dans le Calvados \u00e0 Bricquebec\u00a0\u00bb.<\/p>\n","protected":false},"excerpt":{"rendered":"La journ\u00e9e de jeudi a \u00e0 nouveau \u00e9t\u00e9 marqu\u00e9e par des tr\u00e8s fortes temp\u00e9ratures maximales dans le Sud,&hellip;\n","protected":false},"author":2,"featured_media":221138,"comment_status":"","ping_status":"","sticky":false,"template":"","format":"standard","meta":{"footnotes":""},"categories":[4],"tags":[1111,11,1921,6698,1011,27,1922,31187,45357,11007,12,4594,2119,25,31186,133,11009],"class_list":{"0":"post-321172","1":"post","2":"type-post","3":"status-publish","4":"format-standard","5":"has-post-thumbnail","7":"category-france","8":"tag-actu","9":"tag-actualites","10":"tag-article-video","11":"tag-canicule","12":"tag-fr","13":"tag-france","14":"tag-info","15":"tag-inondations-la-meteo-semballe-en-france","16":"tag-la-france-touchee-par-une-nouvelle-canicule-exceptionnelle-en-2025","17":"tag-meteo-quotidienne","18":"tag-news","19":"tag-orages","20":"tag-previsions-meteo","21":"tag-republique-francaise","22":"tag-tempetes","23":"tag-video","24":"tag-video-meteo-et-intemperies"},"share_on_mastodon":{"url":"https:\/\/pubeurope.com\/@fr\/115033744786537520","error":""},"_links":{"self":[{"href":"https:\/\/www.europesays.com\/fr\/wp-json\/wp\/v2\/posts\/321172","targetHints":{"allow":["GET"]}}],"collection":[{"href":"https:\/\/www.europesays.com\/fr\/wp-json\/wp\/v2\/posts"}],"about":[{"href":"https:\/\/www.europesays.com\/fr\/wp-json\/wp\/v2\/types\/post"}],"author":[{"embeddable":true,"href":"https:\/\/www.europesays.com\/fr\/wp-json\/wp\/v2\/users\/2"}],"replies":[{"embeddable":true,"href":"https:\/\/www.europesays.com\/fr\/wp-json\/wp\/v2\/comments?post=321172"}],"version-history":[{"count":0,"href":"https:\/\/www.europesays.com\/fr\/wp-json\/wp\/v2\/posts\/321172\/revisions"}],"wp:featuredmedia":[{"embeddable":true,"href":"https:\/\/www.europesays.com\/fr\/wp-json\/wp\/v2\/media\/221138"}],"wp:attachment":[{"href":"https:\/\/www.europesays.com\/fr\/wp-json\/wp\/v2\/media?parent=321172"}],"wp:term":[{"taxonomy":"category","embeddable":true,"href":"https:\/\/www.europesays.com\/fr\/wp-json\/wp\/v2\/categories?post=321172"},{"taxonomy":"post_tag","embeddable":true,"href":"https:\/\/www.europesays.com\/fr\/wp-json\/wp\/v2\/tags?post=321172"}],"curies":[{"name":"wp","href":"https:\/\/api.w.org\/{rel}","templated":true}]}}