{"id":321182,"date":"2025-08-15T16:44:13","date_gmt":"2025-08-15T16:44:13","guid":{"rendered":"https:\/\/www.europesays.com\/fr\/321182\/"},"modified":"2025-08-15T16:44:13","modified_gmt":"2025-08-15T16:44:13","slug":"toulon-le-show-de-la-patrouille-de-france-decale-a-19-heures-en-raison-dun-probleme-technique-toulon","status":"publish","type":"post","link":"https:\/\/www.europesays.com\/fr\/321182\/","title":{"rendered":"Toulon: le show de la Patrouille de France d\u00e9cal\u00e9 \u00e0 19 heures en raison d&rsquo;un probl\u00e8me technique &#8211; Toulon"},"content":{"rendered":"\n<p>\u00ab\u00a0Suite \u00e0 un probl\u00e8me technique sur un avion, les m\u00e9caniciens de la Patrouille de France proc\u00e8dent \u00e0 une v\u00e9rification mineure sur l&rsquo;ensemble des appareils.\u00a0\u00bb annonce la ville de Toulon sur les r\u00e9seaux sociaux.<\/p>\n<p>&#13;<\/p>\n<p>\u00ab\u00a0Les 8 Alphajets sont donc retourn\u00e9s \u00e0 la BAN de Hy\u00e8res pour une lev\u00e9e de doute.\u00a0\u00bb<\/p>\n<p>&#13;<\/p>\n<p>Le spectacle \u00e9tait initialement pr\u00e9vu \u00e0 18 heures et a \u00e9t\u00e9 retard\u00e9 d&rsquo;une heure. Leur passage au dessus des plages du Mourillon est donc d\u00e9sormais programm\u00e9 pour 19 heures.<\/p>\n<p>&#13;<\/p>\n","protected":false},"excerpt":{"rendered":"\u00ab\u00a0Suite \u00e0 un probl\u00e8me technique sur un avion, les m\u00e9caniciens de la Patrouille de France proc\u00e8dent \u00e0 une&hellip;\n","protected":false},"author":2,"featured_media":321183,"comment_status":"","ping_status":"","sticky":false,"template":"","format":"standard","meta":{"footnotes":""},"categories":[9619],"tags":[1111,11,1777,674,1011,27,12,882,25,2310],"class_list":{"0":"post-321182","1":"post","2":"type-post","3":"status-publish","4":"format-standard","5":"has-post-thumbnail","7":"category-toulon","8":"tag-actu","9":"tag-actualites","10":"tag-eu","11":"tag-europe","12":"tag-fr","13":"tag-france","14":"tag-news","15":"tag-provence-alpes-cote-dazur","16":"tag-republique-francaise","17":"tag-toulon"},"share_on_mastodon":{"url":"https:\/\/pubeurope.com\/@fr\/115033791788845973","error":""},"_links":{"self":[{"href":"https:\/\/www.europesays.com\/fr\/wp-json\/wp\/v2\/posts\/321182","targetHints":{"allow":["GET"]}}],"collection":[{"href":"https:\/\/www.europesays.com\/fr\/wp-json\/wp\/v2\/posts"}],"about":[{"href":"https:\/\/www.europesays.com\/fr\/wp-json\/wp\/v2\/types\/post"}],"author":[{"embeddable":true,"href":"https:\/\/www.europesays.com\/fr\/wp-json\/wp\/v2\/users\/2"}],"replies":[{"embeddable":true,"href":"https:\/\/www.europesays.com\/fr\/wp-json\/wp\/v2\/comments?post=321182"}],"version-history":[{"count":0,"href":"https:\/\/www.europesays.com\/fr\/wp-json\/wp\/v2\/posts\/321182\/revisions"}],"wp:featuredmedia":[{"embeddable":true,"href":"https:\/\/www.europesays.com\/fr\/wp-json\/wp\/v2\/media\/321183"}],"wp:attachment":[{"href":"https:\/\/www.europesays.com\/fr\/wp-json\/wp\/v2\/media?parent=321182"}],"wp:term":[{"taxonomy":"category","embeddable":true,"href":"https:\/\/www.europesays.com\/fr\/wp-json\/wp\/v2\/categories?post=321182"},{"taxonomy":"post_tag","embeddable":true,"href":"https:\/\/www.europesays.com\/fr\/wp-json\/wp\/v2\/tags?post=321182"}],"curies":[{"name":"wp","href":"https:\/\/api.w.org\/{rel}","templated":true}]}}