{"id":321184,"date":"2025-08-15T16:45:18","date_gmt":"2025-08-15T16:45:18","guid":{"rendered":"https:\/\/www.europesays.com\/fr\/321184\/"},"modified":"2025-08-15T16:45:18","modified_gmt":"2025-08-15T16:45:18","slug":"la-manade-blatiere-bessac-et-ismael-oukharti-sillustrent-a-mauguio-as","status":"publish","type":"post","link":"https:\/\/www.europesays.com\/fr\/321184\/","title":{"rendered":"la manade Blati\u00e8re-Bessac et Isma\u00ebl Oukharti s&rsquo;illustrent \u00e0 Mauguio (As)"},"content":{"rendered":"<p><strong>Entr\u00e9e\u00a0: 2\/3 d&rsquo;ar\u00e8ne. Organisation\u00a0: C.T. Lou Bi\u00f2u. Pr\u00e9sidence\u00a0: Thierry Tosas. Raseteurs droitiers\u00a0: Oukharti, Marignan, L.\u00a0Lopez, F.\u00a0Martin, Chekade, A.\u00a0Charrade. Raseteurs gauchers\u00a0: Zekraoui, Naim, Chebaiki, Gibert. Tourneurs\u00a0: Dumas, Beaujard, Kherfouche, A.\u00a0Benafitou.<\/strong><\/p>\n<p>Devant des gradins bien garnis \u00e0 l&rsquo;ombre, une \u00e9quipe blanche de 10 (+\u00a04) s&rsquo;est pr\u00e9sent\u00e9e dans un concours de manades, malheureusement \u00e9court\u00e9.<\/p>\n<p>Chez les hommes, aux c\u00f4t\u00e9s du laur\u00e9at le plus investi, Zekraoui, Chekade, L.\u00a0Lopez, Naim, Marignan ont travaill\u00e9 et les autres ont particip\u00e9 dans l&rsquo;esprit.<\/p>\n<p><strong>MARI P\u00c8U (<a href=\"https:\/\/www.laprovence.com\/article\/region\/2820998069943814\/a-barbentane-quatre-jours-de-festivites-pour-celebrer-la-jeunesse\" target=\"_blank\" rel=\"noopener\">Lafon<\/a>, N.430).- <\/strong>Surpris par des blancs entreprenants, il c\u00e8de vite les rubans et se r\u00e9fugie au centre. Bien cit\u00e9 par Oukharti, il a du r\u00e9pondant mais sans r\u00e9elles finitions.<\/p>\n<p>Puis, plus pr\u00e8s des planches, il baisse la t\u00eate \u00e0 la rencontre et termine par 2 actions engag\u00e9es. 2 Carmen et silence \u00e0 la rentr\u00e9e.<\/p>\n<p><strong>POUDAIRE (Paulin, N.481).- <\/strong>De suite dans le jeu, il se livre dans une s\u00e9rie vaillante pour d\u00e9fendre ses ficelles, dans une bagarre d&rsquo;hommes.<\/p>\n<p>Il la perdra \u00e0 la 4e (Marignan) puis il se place au toril d&rsquo;o\u00f9 il raccompagne (L. Lopez, Oukharti, Marignan) et va se battre jusqu&rsquo;au dernier bout de ficelle dans le crochet de Chekade (12&prime;). 4 Carmen +\u00a0retour.<\/p>\n<p><strong>SIROCCO (Janin, N.641).- <\/strong>Du placement mais peu sollicit\u00e9, il chasse les hommes et il vient fort derri\u00e8re Zekraoui (2).<\/p>\n<p>Il r\u00e9pond dans une s\u00e9rie mais il s\u00e9lectionne beaucoup. Moins coop\u00e9ratif \u00e0 droite, il rentre ses ficelles en musique +\u00a03.<\/p>\n<p><strong>RACKHAM (<a href=\"https:\/\/www.laprovence.com\/article\/edition-arles\/4372084\/printemps-des-royales-avec-jason-et-napaca.html\" target=\"_blank\" rel=\"noopener\">Blati\u00e8re-Bessac<\/a>, N.327).- <\/strong>Entrepris, il gardera cocarde et glands moins d&rsquo;une minute. Aux ficelles, changement de rythme, il vient taper (Gibert) et fr\u00f4le les planches (Oukharti).<\/p>\n<p>Puis plac\u00e9, il fait preuve de bravoure et fait front par des ripostes percutantes (Naim).\u00a0Il va honorer les demandes bien consenties et rentrera cornes nues avec les honneurs +\u00a04.<\/p>\n<p><strong>VIZIR (Saumade, N.504).- <\/strong>Rapide, il ne refuse rien. Craint, le cercle s&rsquo;\u00e9largit et il fuse \u00e0 chaque mouvement.<\/p>\n<p>Bien plac\u00e9, il oblige les hommes \u00e0 s&rsquo;organiser (F. Martin, Oukharti) et \u00e0 travailler, mais sans succ\u00e8s.\u00a0<\/p>\n<p>Seul Chekade lui ravira sa 1re ficelle sans \u00e9clats. 3 Carmen +\u00a0retour avec la seconde.<\/p>\n<p><strong>SIXTE (Michel, N.416).-<\/strong> A vive allure, il se montre combatif et on passe aux ficelles (1&rsquo;30).<\/p>\n<p>Mais suite \u00e0 un raset appuy\u00e9 d&rsquo;Oukharti, il se blesse \u00e0 la barri\u00e8re et rentre \u00e0 la 3e minute. Carmen +\u00a0retour.<\/p>\n<p><strong>YAKARI (Rouquette, N.823, H.P. pour 10 mn).- <\/strong>D\u00e8s l&rsquo;entame, il fait trembler les planches et poursuit Lopez dans une arriv\u00e9e fracassante. L&rsquo;instant d&rsquo;apr\u00e8s, le m\u00eame coup de pression sur Lopez apr\u00e8s lequel il bascule et percute violemment un portier en contre-piste.\u00a0Apr\u00e8s quelques minutes d&rsquo;attente et avis des m\u00e9decins, la course est arr\u00eat\u00e9e d\u00e9finitivement. 2 Carmen pour 3 minutes en piste.<\/p>\n<p>Troph\u00e9e des As\u00a0: Oukharti (6), Zekraoui (5,5), Chekade (5), L.\u00a0Lopez (4,5), Naim (4,5), Marignan (4,5).<\/p>\n","protected":false},"excerpt":{"rendered":"Entr\u00e9e\u00a0: 2\/3 d&rsquo;ar\u00e8ne. Organisation\u00a0: C.T. Lou Bi\u00f2u. Pr\u00e9sidence\u00a0: Thierry Tosas. Raseteurs droitiers\u00a0: Oukharti, Marignan, L.\u00a0Lopez, F.\u00a0Martin, Chekade, A.\u00a0Charrade.&hellip;\n","protected":false},"author":2,"featured_media":321185,"comment_status":"","ping_status":"","sticky":false,"template":"","format":"standard","meta":{"footnotes":""},"categories":[9599],"tags":[17,1111,11,45907,13912,6466,1777,674,1011,27,20304,45906,2208,12,2680,37152,16,25,45908],"class_list":{"0":"post-321184","1":"post","2":"type-post","3":"status-publish","4":"format-standard","5":"has-post-thumbnail","7":"category-montpellier","8":"tag-17","9":"tag-actu","10":"tag-actualites","11":"tag-blatiere-bessac","12":"tag-camarguaise","13":"tag-course","14":"tag-eu","15":"tag-europe","16":"tag-fr","17":"tag-france","18":"tag-ismael","19":"tag-manade","20":"tag-montpellier","21":"tag-news","22":"tag-occitanie","23":"tag-oukharti","24":"tag-region","25":"tag-republique-francaise","26":"tag-sillustrent"},"share_on_mastodon":{"url":"https:\/\/pubeurope.com\/@fr\/115033795768598182","error":""},"_links":{"self":[{"href":"https:\/\/www.europesays.com\/fr\/wp-json\/wp\/v2\/posts\/321184","targetHints":{"allow":["GET"]}}],"collection":[{"href":"https:\/\/www.europesays.com\/fr\/wp-json\/wp\/v2\/posts"}],"about":[{"href":"https:\/\/www.europesays.com\/fr\/wp-json\/wp\/v2\/types\/post"}],"author":[{"embeddable":true,"href":"https:\/\/www.europesays.com\/fr\/wp-json\/wp\/v2\/users\/2"}],"replies":[{"embeddable":true,"href":"https:\/\/www.europesays.com\/fr\/wp-json\/wp\/v2\/comments?post=321184"}],"version-history":[{"count":0,"href":"https:\/\/www.europesays.com\/fr\/wp-json\/wp\/v2\/posts\/321184\/revisions"}],"wp:featuredmedia":[{"embeddable":true,"href":"https:\/\/www.europesays.com\/fr\/wp-json\/wp\/v2\/media\/321185"}],"wp:attachment":[{"href":"https:\/\/www.europesays.com\/fr\/wp-json\/wp\/v2\/media?parent=321184"}],"wp:term":[{"taxonomy":"category","embeddable":true,"href":"https:\/\/www.europesays.com\/fr\/wp-json\/wp\/v2\/categories?post=321184"},{"taxonomy":"post_tag","embeddable":true,"href":"https:\/\/www.europesays.com\/fr\/wp-json\/wp\/v2\/tags?post=321184"}],"curies":[{"name":"wp","href":"https:\/\/api.w.org\/{rel}","templated":true}]}}