{"id":321186,"date":"2025-08-15T16:46:10","date_gmt":"2025-08-15T16:46:10","guid":{"rendered":"https:\/\/www.europesays.com\/fr\/321186\/"},"modified":"2025-08-15T16:46:10","modified_gmt":"2025-08-15T16:46:10","slug":"un-touriste-frappe-et-depouille-apres-une-transaction-de-cannabis","status":"publish","type":"post","link":"https:\/\/www.europesays.com\/fr\/321186\/","title":{"rendered":"un touriste frapp\u00e9 et d\u00e9pouill\u00e9 apr\u00e8s une transaction de cannabis"},"content":{"rendered":"<p>            Par<br \/>\n        <strong><br \/>\n            <a href=\"https:\/\/actu.fr\/auteur\/lea-pippinato\" title=\"Consulter tous les articles de L\u00e9a Pippinato\" rel=\"nofollow noopener\" target=\"_blank\">L\u00e9a Pippinato<\/a><br \/>\n        <\/strong><\/p>\n<p>        Publi\u00e9 le<\/p>\n<p>            15 ao\u00fbt 2025 \u00e0 18h38        <\/p>\n<p><strong>Ce jeudi 7 ao\u00fbt 2025<\/strong>, en d\u00e9but de soir\u00e9e, deux vacanciers d\u2019une vingtaine d\u2019ann\u00e9es cherchent du cannabis dans les rues de Montpellier. Ils abordent un inconnu. L\u2019homme leur donne une adresse sur la route de Lav\u00e9rune, devant un commerce.<\/p>\n<p>    <a href=\"https:\/\/www.google.com\/maps\/embed?pb=!1m18!1m12!1m3!1d2889.3923398423526!2d3.838817276459405!3d43.59837197110467!2m3!1f0!2f0!3f0!3m2!1i1024!2i768!4f13.1!3m3!1m2!1s0x12b6ae693078e943%3A0x72669546020947f3!2sRte%20de%20Lav%C3%A9rune!5e0!3m2!1sfr!2sfr!4v1755274883464!5m2!1sfr!2sfr\" title=\"Ouvrie le lien\" rel=\"nofollow noopener\" target=\"_blank\">Cliquez ici pour visualiser le contenu<\/a><\/p>\n<p class=\" wall-content\">Pr\u00e8s d\u2019une heure plus tard, un homme arrive. Il leur vend l\u2019herbe demand\u00e9e. La sc\u00e8ne se d\u00e9roule sans incident. Les deux amis repartent, direction leur logement lou\u00e9 pour le s\u00e9jour. En route, ils se trompent de direction. Ils croisent \u00e0 nouveau les vendeurs. Ceux-ci leur proposent de les accompagner. Les jeunes acceptent, pensant rejoindre plus vite leur location.<\/p>\n<p>Le pi\u00e8ge se referme<\/p>\n<p class=\" wall-content\">Le groupe s\u2019engage dans une rue isol\u00e9e et les deux acheteurs se retrouvent face \u00e0 une arme blanche. Les agresseurs r\u00e9clament leurs effets personnels. Un troisi\u00e8me homme surgit pour les aider. L\u2019un des vacanciers tente de r\u00e9sister. Les agresseurs le frappent violemment. Il est bless\u00e9 et obtient une incapacit\u00e9 totale de travail (ITT) de 30 jours. Les trois hommes prennent la fuite. La Bac (brigade anti-criminalit\u00e9) interpelle deux suspects dans les secteurs de Paul Val\u00e9ry et de la Cit\u00e9 G\u00e9ly. Le troisi\u00e8me est identifi\u00e9 mais absent de son domicile. <strong>Le 8 ao\u00fbt<\/strong>, il se rend de lui-m\u00eame au commissariat.<\/p>\n<p class=\" wall-content\">Les trois suspects sont plac\u00e9s en garde \u00e0 vue, puis d\u00e9f\u00e9r\u00e9s au parquet. Deux d\u2019entre eux sont plac\u00e9s en d\u00e9tention provisoire. Le troisi\u00e8me est soumis \u00e0 un contr\u00f4le judiciaire. L\u2019enqu\u00eate se poursuit.<\/p>\n<p>Vid\u00e9os : en ce moment sur Actu<\/p>\n<p class=\" wall-content\">Suivez toute l\u2019actualit\u00e9 de vos villes et m\u00e9dias favoris en vous inscrivant \u00e0 <a href=\"https:\/\/moncompte.actu.fr\" title=\"D\u00e9couvez Mon Actu\" rel=\"nofollow noopener\" data-trk=\"{&quot;cta&quot;:{&quot;action&quot;:&quot;https:\\\/\\\/moncompte.actu.fr&quot;,&quot;category&quot;:&quot;mon compte&quot;,&quot;from&quot;:&quot;article footer&quot;,&quot;name&quot;:&quot;Mon actu&quot;,&quot;type&quot;:&quot;cta&quot;}}\" target=\"_blank\">Mon Actu<\/a>.<\/p>\n","protected":false},"excerpt":{"rendered":"Par L\u00e9a Pippinato Publi\u00e9 le 15 ao\u00fbt 2025 \u00e0 18h38 Ce jeudi 7 ao\u00fbt 2025, en d\u00e9but de&hellip;\n","protected":false},"author":2,"featured_media":321187,"comment_status":"","ping_status":"","sticky":false,"template":"","format":"standard","meta":{"footnotes":""},"categories":[9599],"tags":[1111,11,1052,1777,674,118,1011,27,2208,12,2680,1072,25,602],"class_list":{"0":"post-321186","1":"post","2":"type-post","3":"status-publish","4":"format-standard","5":"has-post-thumbnail","7":"category-montpellier","8":"tag-actu","9":"tag-actualites","10":"tag-drogue","11":"tag-eu","12":"tag-europe","13":"tag-faits-divers","14":"tag-fr","15":"tag-france","16":"tag-montpellier","17":"tag-news","18":"tag-occitanie","19":"tag-police","20":"tag-republique-francaise","21":"tag-tourisme"},"share_on_mastodon":{"url":"https:\/\/pubeurope.com\/@fr\/115033799612546487","error":""},"_links":{"self":[{"href":"https:\/\/www.europesays.com\/fr\/wp-json\/wp\/v2\/posts\/321186","targetHints":{"allow":["GET"]}}],"collection":[{"href":"https:\/\/www.europesays.com\/fr\/wp-json\/wp\/v2\/posts"}],"about":[{"href":"https:\/\/www.europesays.com\/fr\/wp-json\/wp\/v2\/types\/post"}],"author":[{"embeddable":true,"href":"https:\/\/www.europesays.com\/fr\/wp-json\/wp\/v2\/users\/2"}],"replies":[{"embeddable":true,"href":"https:\/\/www.europesays.com\/fr\/wp-json\/wp\/v2\/comments?post=321186"}],"version-history":[{"count":0,"href":"https:\/\/www.europesays.com\/fr\/wp-json\/wp\/v2\/posts\/321186\/revisions"}],"wp:featuredmedia":[{"embeddable":true,"href":"https:\/\/www.europesays.com\/fr\/wp-json\/wp\/v2\/media\/321187"}],"wp:attachment":[{"href":"https:\/\/www.europesays.com\/fr\/wp-json\/wp\/v2\/media?parent=321186"}],"wp:term":[{"taxonomy":"category","embeddable":true,"href":"https:\/\/www.europesays.com\/fr\/wp-json\/wp\/v2\/categories?post=321186"},{"taxonomy":"post_tag","embeddable":true,"href":"https:\/\/www.europesays.com\/fr\/wp-json\/wp\/v2\/tags?post=321186"}],"curies":[{"name":"wp","href":"https:\/\/api.w.org\/{rel}","templated":true}]}}