{"id":321188,"date":"2025-08-15T16:51:13","date_gmt":"2025-08-15T16:51:13","guid":{"rendered":"https:\/\/www.europesays.com\/fr\/321188\/"},"modified":"2025-08-15T16:51:13","modified_gmt":"2025-08-15T16:51:13","slug":"grenoble-une-personne-suicidaire-secourue-chez-elle-par-la-police-et-les-pompiers","status":"publish","type":"post","link":"https:\/\/www.europesays.com\/fr\/321188\/","title":{"rendered":"Grenoble. Une personne suicidaire secourue chez elle par la police et les pompiers"},"content":{"rendered":"<p>Les services de police et les sapeurs-pompiers sont intervenus ce vendredi en fin d\u2019apr\u00e8s-midi rue Colonel-Dumont, dans le quartier de l\u2019Aigle \u00e0 Grenoble, pour secourir un homme de 37 ans qui s\u2019\u00e9tait enferm\u00e9 chez lui apr\u00e8s avoir manifest\u00e9 son intention de se suicider. Cet homme \u00e9tant susceptible d\u2019\u00eatre arm\u00e9 et ne r\u00e9pondant plus aux appels, la police s\u2019appr\u00eatait \u00e0 entrer de force dans le logement lorsqu\u2019une proche a apport\u00e9 les cl\u00e9s de l\u2019appartement. Les policiers ont alors p\u00e9n\u00e9tr\u00e9 dans les lieux et ont trouv\u00e9 l\u2019homme indemne et bien conscient. Il a \u00e9t\u00e9 conduit au CHU pour un bilan et pour b\u00e9n\u00e9ficier de soins psychologiques.<\/p>\n","protected":false},"excerpt":{"rendered":"Les services de police et les sapeurs-pompiers sont intervenus ce vendredi en fin d\u2019apr\u00e8s-midi rue Colonel-Dumont, dans le&hellip;\n","protected":false},"author":2,"featured_media":321189,"comment_status":"","ping_status":"","sticky":false,"template":"","format":"standard","meta":{"footnotes":""},"categories":[9566],"tags":[1111,11,2430,112,1777,674,274,1795,1011,27,2731,2732,108,12,25],"class_list":{"0":"post-321188","1":"post","2":"type-post","3":"status-publish","4":"format-standard","5":"has-post-thumbnail","7":"category-grenoble","8":"tag-actu","9":"tag-actualites","10":"tag-auvergne-rhone-alpes","11":"tag-edition-grenoble-agglomeration","12":"tag-eu","13":"tag-europe","14":"tag-faits-divers-justice","15":"tag-fil-web","16":"tag-fr","17":"tag-france","18":"tag-grenoble","19":"tag-grenoble-bassin","20":"tag-isere","21":"tag-news","22":"tag-republique-francaise"},"share_on_mastodon":{"url":"https:\/\/pubeurope.com\/@fr\/115033819304078056","error":""},"_links":{"self":[{"href":"https:\/\/www.europesays.com\/fr\/wp-json\/wp\/v2\/posts\/321188","targetHints":{"allow":["GET"]}}],"collection":[{"href":"https:\/\/www.europesays.com\/fr\/wp-json\/wp\/v2\/posts"}],"about":[{"href":"https:\/\/www.europesays.com\/fr\/wp-json\/wp\/v2\/types\/post"}],"author":[{"embeddable":true,"href":"https:\/\/www.europesays.com\/fr\/wp-json\/wp\/v2\/users\/2"}],"replies":[{"embeddable":true,"href":"https:\/\/www.europesays.com\/fr\/wp-json\/wp\/v2\/comments?post=321188"}],"version-history":[{"count":0,"href":"https:\/\/www.europesays.com\/fr\/wp-json\/wp\/v2\/posts\/321188\/revisions"}],"wp:featuredmedia":[{"embeddable":true,"href":"https:\/\/www.europesays.com\/fr\/wp-json\/wp\/v2\/media\/321189"}],"wp:attachment":[{"href":"https:\/\/www.europesays.com\/fr\/wp-json\/wp\/v2\/media?parent=321188"}],"wp:term":[{"taxonomy":"category","embeddable":true,"href":"https:\/\/www.europesays.com\/fr\/wp-json\/wp\/v2\/categories?post=321188"},{"taxonomy":"post_tag","embeddable":true,"href":"https:\/\/www.europesays.com\/fr\/wp-json\/wp\/v2\/tags?post=321188"}],"curies":[{"name":"wp","href":"https:\/\/api.w.org\/{rel}","templated":true}]}}