{"id":321203,"date":"2025-08-15T17:13:13","date_gmt":"2025-08-15T17:13:13","guid":{"rendered":"https:\/\/www.europesays.com\/fr\/321203\/"},"modified":"2025-08-15T17:13:13","modified_gmt":"2025-08-15T17:13:13","slug":"cette-illustratrice-installee-a-bordeaux-accuse-des-plateformes-comme-temu-de-piller-son-art","status":"publish","type":"post","link":"https:\/\/www.europesays.com\/fr\/321203\/","title":{"rendered":"Cette illustratrice install\u00e9e \u00e0 Bordeaux accuse des plateformes comme Temu de piller son art"},"content":{"rendered":"<p>            Par<br \/>\n        <strong><br \/>\n            <a href=\"https:\/\/actu.fr\/auteur\/charlotte-lesprit\" title=\"Consulter tous les articles de Charlotte Lesprit\" rel=\"nofollow noopener\" target=\"_blank\">Charlotte Lesprit<\/a><br \/>\n        <\/strong><\/p>\n<p>        Publi\u00e9 le<\/p>\n<p>            15 ao\u00fbt 2025 \u00e0 18h35        <\/p>\n<p>Nolwenn Denis, artiste install\u00e9e \u00e0 Bordeaux depuis trois ans, travaille \u00e0 son domicile et vend ses illustrations depuis sa boutique en ligne. Un art bien \u00e0 elle, color\u00e9 et<strong> empreint de l\u2019exp\u00e9rience de ses voyages<\/strong> entre Colombie, o\u00f9 elle a v\u00e9cu, Mexique, Indon\u00e9sie\u2026 Tout semblait bien \u00e0 elle, jusqu\u2019\u00e0 ce jour de f\u00e9vrier o\u00f9 elle a d\u00e9couvert que certaines de ses peintures avaient \u00e9t\u00e9 vol\u00e9es et revendues sur des plateformes en ligne. Un vol au c\u0153ur m\u00eame de sa cr\u00e9ativit\u00e9, qu\u2019elle avait d\u00e9j\u00e0 constat\u00e9 quelques ann\u00e9es auparavant mais qui n\u2019avait pas encore pris <strong>une telle ampleur<\/strong>. Aujourd\u2019hui, elle d\u00e9cide de le d\u00e9noncer publiquement.<\/p>\n<p class=\" wall-content\">\u00ab\u2009Mon p\u00e8re \u00e9tait en voyage en Andalousie lorsqu\u2019il a retrouv\u00e9 une de mes illustrations sur une planche \u00e0 d\u00e9couper\u2009\u00bb, d\u00e9nonce Nolwenn Denis. La Bordelaise a m\u00eame retrouv\u00e9 ses \u0153uvres vendues sous forme de tirages ou encore<strong> via des kits de peinture par num\u00e9ros<\/strong> pour adultes ou de la peinture au diamant, une activit\u00e9 qui consiste \u00e0 coller des petits strass en r\u00e9sine sur une toile autocollante pr\u00e9alablement imprim\u00e9e.<\/p>\n<p class=\" wall-content\"><a href=\"https:\/\/www.instagram.com\/p\/DMvHYHuCeAp\/embed\" title=\"Ouvrir le lien sur Instagram\" rel=\"nofollow noopener\" target=\"_blank\">Visualiser le contenu sur Instagram<\/a><\/p>\n<blockquote class=\"ac-article-quote wall-content\">\n<p>\u00ab\u2009Il camoufle ma signature, masque mon filigrane et rajoute quelques \u00e9l\u00e9ments mais la qualit\u00e9 est loin d\u2019\u00eatre la m\u00eame.\u2009\u00bb<\/p>\n<p>    <strong> Nolwenn Denis<\/strong><br \/>\n        artiste bordelaise    <\/p><\/blockquote>\n<p class=\" wall-content\">\u00abTemu, Shein, AliExpress, Amazon\u2026<strong> Mon travail est vol\u00e9 de partout<\/strong>. C\u2019est tentaculaire\u2009\u00bb, d\u00e9plore l\u2019artiste jointe par t\u00e9l\u00e9phone.\u00a0Nolwenn Denis pr\u00e9cise qu\u2019il s\u2019agit fr\u00e9quemment de simples captures d\u2019\u00e9cran de ce qu\u2019elle poste sur sa boutique en ligne, h\u00e9berg\u00e9e sur une autre plateforme o\u00f9 l\u00e0 aussi le vol n\u2019est pas impossible. Son nom\u2009: <a href=\"https:\/\/www.etsy.com\/fr\/shop\/NolwennStudio?fbclid=PAZXh0bgNhZW0CMTEAAacIWzNw9K7ePEUcep3N9Whj3NmLsQxbMslvUYJEuaiPcr_BAT5yZDG59XbguQ_aem_VgL-6OeTfZLi_YuX9VfwfA\" rel=\"nofollow noopener\" target=\"_blank\">etsy<\/a>.<\/p>\n<p>La r\u00e9ponse de Temu envoy\u00e9e par communiqu\u00e9 \u00e0 actu Bordeaux<\/p>\n<p>\u00ab\u00a0Nous prenons tr\u00e8s au s\u00e9rieux les droits de propri\u00e9t\u00e9 intellectuelle et menons actuellement une enqu\u00eate interne sur la base des informations dont nous disposons. Temu prot\u00e8ge des milliers de marques gr\u00e2ce \u00e0 une combinaison de d\u00e9tection automatis\u00e9e et d&rsquo;examen manuel. Les plaintes relatives \u00e0 la propri\u00e9t\u00e9 intellectuelle sont rares, ne repr\u00e9sentant que 0,0019 % des annonces, et 99 % d&rsquo;entre elles sont r\u00e9solues en cinq jours ouvrables, avec un d\u00e9lai moyen de r\u00e9solution d&rsquo;un jour. Nous encourageons les titulaires de droits \u00e0 enregistrer leurs actifs de marque aupr\u00e8s de nous afin d&rsquo;am\u00e9liorer le filtrage, et \u00e0 soumettre leurs demandes de retrait via notre portail d\u00e9di\u00e9 \u00e0 la protection de la propri\u00e9t\u00e9 intellectuelle. Nos politiques interdisent toute violation et nous les appliquons en supprimant les annonces, en suspendant les privil\u00e8ges de r\u00e9f\u00e9rencement, voire en r\u00e9siliant les comptes des vendeurs dans certains cas.\u00a0\u00bb<\/p>\n<p>    <img   decoding=\"async\" loading=\"lazy\" src=\"https:\/\/www.europesays.com\/fr\/wp-content\/uploads\/2025\/08\/photo-21-01-2025-10-14-16-960x640.jpg\" alt=\"L'une des illustration de l'artiste Nolwenn Denis. \" width=\"960\" height=\"640\"\/><br \/>\n    L\u2019une des illustration de l\u2019artiste Nolwenn Denis. (\u00a9Photo transmise \u00e0 actu Bordeaux)Une suite en justice\u2009?<\/p>\n<p class=\" wall-content\">\u00ab\u2009Des abonn\u00e9s Instagram m\u2019ont envoy\u00e9 des messages pour me signaler qu\u2019ils avaient rep\u00e9r\u00e9 des illustrations <strong>tr\u00e8s similaires aux miennes<\/strong>\u2009\u00bb, compl\u00e8te la jeune femme. Elle cite notamment un projet inspir\u00e9 d\u2019un voyage aux Cinq Terres en Italie : \u00ab\u2009Une bonne dizaine de mes \u0153uvres ont \u00e9t\u00e9 vol\u00e9es par plusieurs revendeurs sur des plateformes.\u2009\u00bb<\/p>\n<p class=\" wall-content\">Face \u00e0 l\u2019ampleur du ph\u00e9nom\u00e8ne, Nolwenn Denis, qui n\u2019a \u00ab\u2009pas eu le temps de tout signaler\u2009\u00bb, n\u2019exclut pas de faire appel \u00e0 un avocat sp\u00e9cialis\u00e9 en propri\u00e9t\u00e9 intellectuelle et de contacter d\u2019autres artistes qui peuvent l\u2019aider. Sa crainte\u2009: signaler le vol mais<strong> le revoir en ligne deux jours apr\u00e8s<\/strong> l\u2019avoir d\u00e9nonc\u00e9. Alors que l\u2019artiste commercialise ses petits formats 20 euros, et jusqu\u2019\u00e0 120 euros pour les plus grands, elle s\u2019interroge\u2009: \u00ab\u2009Comment une personne peut-elle survivre en les vendant \u00e0 <strong>3 ou 4\u00a0 euros<\/strong>\u2009?\u2009\u00bb \u2014 tarifs fr\u00e9quemment observ\u00e9s sur les plateformes qu\u2019elle d\u00e9nonce.<\/p>\n<p class=\" wall-content\">Suivez toute l\u2019actualit\u00e9 de vos villes et m\u00e9dias favoris en vous inscrivant \u00e0 <a href=\"https:\/\/moncompte.actu.fr\" title=\"D\u00e9couvez Mon Actu\" rel=\"nofollow noopener\" data-trk=\"{&quot;cta&quot;:{&quot;action&quot;:&quot;https:\\\/\\\/moncompte.actu.fr&quot;,&quot;category&quot;:&quot;mon compte&quot;,&quot;from&quot;:&quot;article footer&quot;,&quot;name&quot;:&quot;Mon actu&quot;,&quot;type&quot;:&quot;cta&quot;}}\" target=\"_blank\">Mon Actu<\/a>.<\/p>\n<p>                    <script async src=\"\/\/www.instagram.com\/embed.js\"><\/script><\/p>\n","protected":false},"excerpt":{"rendered":"Par Charlotte Lesprit Publi\u00e9 le 15 ao\u00fbt 2025 \u00e0 18h35 Nolwenn Denis, artiste install\u00e9e \u00e0 Bordeaux depuis trois&hellip;\n","protected":false},"author":2,"featured_media":321204,"comment_status":"","ping_status":"","sticky":false,"template":"","format":"standard","meta":{"footnotes":""},"categories":[2817],"tags":[1111,11,1997,1777,674,1011,27,12,2219,25,104,22909],"class_list":{"0":"post-321203","1":"post","2":"type-post","3":"status-publish","4":"format-standard","5":"has-post-thumbnail","7":"category-bordeaux","8":"tag-actu","9":"tag-actualites","10":"tag-bordeaux","11":"tag-eu","12":"tag-europe","13":"tag-fr","14":"tag-france","15":"tag-news","16":"tag-nouvelle-aquitaine","17":"tag-republique-francaise","18":"tag-societe","19":"tag-vente-en-ligne"},"share_on_mastodon":{"url":"https:\/\/pubeurope.com\/@fr\/115033906287330147","error":""},"_links":{"self":[{"href":"https:\/\/www.europesays.com\/fr\/wp-json\/wp\/v2\/posts\/321203","targetHints":{"allow":["GET"]}}],"collection":[{"href":"https:\/\/www.europesays.com\/fr\/wp-json\/wp\/v2\/posts"}],"about":[{"href":"https:\/\/www.europesays.com\/fr\/wp-json\/wp\/v2\/types\/post"}],"author":[{"embeddable":true,"href":"https:\/\/www.europesays.com\/fr\/wp-json\/wp\/v2\/users\/2"}],"replies":[{"embeddable":true,"href":"https:\/\/www.europesays.com\/fr\/wp-json\/wp\/v2\/comments?post=321203"}],"version-history":[{"count":0,"href":"https:\/\/www.europesays.com\/fr\/wp-json\/wp\/v2\/posts\/321203\/revisions"}],"wp:featuredmedia":[{"embeddable":true,"href":"https:\/\/www.europesays.com\/fr\/wp-json\/wp\/v2\/media\/321204"}],"wp:attachment":[{"href":"https:\/\/www.europesays.com\/fr\/wp-json\/wp\/v2\/media?parent=321203"}],"wp:term":[{"taxonomy":"category","embeddable":true,"href":"https:\/\/www.europesays.com\/fr\/wp-json\/wp\/v2\/categories?post=321203"},{"taxonomy":"post_tag","embeddable":true,"href":"https:\/\/www.europesays.com\/fr\/wp-json\/wp\/v2\/tags?post=321203"}],"curies":[{"name":"wp","href":"https:\/\/api.w.org\/{rel}","templated":true}]}}