{"id":321206,"date":"2025-08-15T17:14:16","date_gmt":"2025-08-15T17:14:16","guid":{"rendered":"https:\/\/www.europesays.com\/fr\/321206\/"},"modified":"2025-08-15T17:14:16","modified_gmt":"2025-08-15T17:14:16","slug":"girondins-de-bordeaux-leffectif-le-style-de-jeu-le-bilan-de-la-preparation-entretien-avec-bruno-irles-avant-le-premier-match-contre-avranches","status":"publish","type":"post","link":"https:\/\/www.europesays.com\/fr\/321206\/","title":{"rendered":"Girondins de Bordeaux. L\u2019effectif, le style de jeu, le bilan de la pr\u00e9paration\u2026 entretien avec Bruno Irles avant le premier match contre Avranches"},"content":{"rendered":"<p class=\"interview-answer\">Premier point non n\u00e9gligeable\u00a0: on a eu une pr\u00e9paration, contrairement \u00e0 l\u2019ann\u00e9e derni\u00e8re. Il est important pour nous d\u2019avoir ce temps qui nous met sur un pied d\u2019\u00e9galit\u00e9 avec les autres \u00e9quipes. Ce n\u2019est jamais parfait, car l\u2019effectif n\u2019est pas compl\u00e8tement pr\u00e9sent au premier jour, il y a des blessures, etc. Mais je connais mieux mes joueurs, ils me connaissent mieux. On a les grandes lignes de ce qu\u2019on veut faire en termes de jeu. C\u00f4t\u00e9 physique, on a fait une s\u00e9ance forte mercredi et les donn\u00e9es \u00e9taient tr\u00e8s bonnes. On est l\u00e0 o\u00f9 on devait \u00eatre.<\/p>\n<p class=\"interview-question\">Vous parlez de jeu\u00a0: vous avez test\u00e9 plusieurs sch\u00e9mas ces derni\u00e8res semaines\u2026<\/p>\n<p class=\"interview-answer\">On a commenc\u00e9 en 4-4-2 losange, ensuite on a altern\u00e9 entre le 3-4-2-1 et le 3-5-2, o\u00f9 l\u2019animation n\u2019est pas tout \u00e0 fait pareille devant et au milieu. La pr\u00e9paration nous permet d\u2019avoir trois syst\u00e8mes en poche pour aborder le championnat. Le choix entre tel ou tel syst\u00e8me d\u00e9pendra aussi des joueurs que j\u2019aurai \u00e0 disposition, notamment en d\u00e9fense et au milieu.<\/p>\n<p class=\"interview-question\">Apr\u00e8s votre victoire en amical contre Cannes (N2, 3-2), vous avez battu Arcachon (N3, 3-0) et termin\u00e9 par un match nul franchement terne contre Bayonne (N2, 1-1)\u2026 Alarmant\u00a0?<\/p>\n<p class=\"interview-answer\">Une alarme, non, mais une alerte, oui. On n\u2019a pas \u00e9t\u00e9 bons, je pr\u00e9f\u00e8re que \u00e7a nous arrive maintenant plut\u00f4t qu\u2019apr\u00e8s. Ce sont des matchs d\u2019alerte. Cette semaine, on a beaucoup travaill\u00e9 sur ce qui nous avait manqu\u00e9\u00a0: on a conc\u00e9d\u00e9 et offert beaucoup de situations. Donc il fallait travailler sur l\u2019aspect collectif d\u00e9fensif. M\u00eame contre Arcachon, on n\u2019avait pas \u00e9t\u00e9 bons.<\/p>\n<p class=\"interview-question\">Votre groupe N2 compte quatre d\u00e9fenseurs centraux (Grillot, Vandenabeele, Droehnle et Ciss\u00e9)\u00a0: assez pour jouer \u00e0 trois derri\u00e8re\u00a0?<\/p>\n<p class=\"interview-answer\">J\u2019ai quinze joueurs de champ aujourd\u2019hui. D\u00e8s qu\u2019on a un peu de bless\u00e9s, on est vite courts en termes d\u2019effectif donc je ne serai pas contre avoir une possibilit\u00e9 de plus derri\u00e8re et au milieu. C\u2019est \u00e0 la direction de voir ce qu\u2019il est possible de faire, puisque nous sommes soumis \u00e0 un encadrement de notre masse salariale.<\/p>\n<p class=\"interview-question\">Votre effectif est-il calibr\u00e9 pour jouer la mont\u00e9e\u00a0?<\/p>\n<p class=\"interview-answer\">Pour se battre pour la mont\u00e9e, oui. Suffisant pour monter, je n\u2019ai pas la r\u00e9ponse. On y verra plus clair \u00e0 la fin des matchs aller, y compris sur nos adversaires. Avranches, Saint-Malo, Les Herbiers, La Roche\u2026 Et on n\u2019est pas \u00e0 l\u2019abri de surprises. On a souffert contre Bayonne et on conna\u00eet moins Angoul\u00eame.<\/p>\n<p class=\"interview-question\">Jan Hoekstra est votre nouveau num\u00e9ro un dans les buts. Lassana Diabat\u00e9 peut-il \u00eatre sa doublure\u00a0?<\/p>\n<p class=\"interview-answer\">Il est sous contrat et \u00e0 l\u2019entra\u00eenement avec nous. Il est revenu de vacances avec un claquage \u00e0 l\u2019ischio. Apr\u00e8s, est-ce que c\u2019est bien pour lui de rester en \u00e9tant num\u00e9ro deux\u00a0? Je ne sais pas. En attendant, je suis content de l\u2019avoir comme doublure.<\/p>\n<p class=\"interview-question\">Qu\u2019est-ce qui diff\u00e9rencie ce groupe du pr\u00e9c\u00e9dent\u00a0?<\/p>\n<p class=\"interview-answer\">La pr\u00e9paration de notre recrutement a \u00e9t\u00e9 plus pointue. On est all\u00e9s plus loin au niveau de l\u2019\u00e9tat d\u2019esprit des joueurs. Ce n\u2019est pas pour \u00e7a qu\u2019on est s\u00fbrs de ne pas se tromper, mais on est mieux sur ce point. On a moins de taille (m\u00eame si on a un gardien qui fait deux m\u00e8tres) mais on a \u00e9lev\u00e9 le niveau technique. L\u00e0 non plus, ce n\u2019est pas une garantie, mais on souhaitait aller vers plus de ma\u00eetrise.<\/p>\n<p class=\"interview-question\">Et vous, en quoi avez-vous chang\u00e9 par rapport \u00e0 l\u2019ann\u00e9e derni\u00e8re\u00a0?<\/p>\n","protected":false},"excerpt":{"rendered":"Premier point non n\u00e9gligeable\u00a0: on a eu une pr\u00e9paration, contrairement \u00e0 l\u2019ann\u00e9e derni\u00e8re. Il est important pour nous&hellip;\n","protected":false},"author":2,"featured_media":321207,"comment_status":"","ping_status":"","sticky":false,"template":"","format":"standard","meta":{"footnotes":""},"categories":[2817],"tags":[1111,11,1997,1777,674,1011,27,12,2219,25],"class_list":{"0":"post-321206","1":"post","2":"type-post","3":"status-publish","4":"format-standard","5":"has-post-thumbnail","7":"category-bordeaux","8":"tag-actu","9":"tag-actualites","10":"tag-bordeaux","11":"tag-eu","12":"tag-europe","13":"tag-fr","14":"tag-france","15":"tag-news","16":"tag-nouvelle-aquitaine","17":"tag-republique-francaise"},"share_on_mastodon":{"url":"https:\/\/pubeurope.com\/@fr\/115033909729492374","error":""},"_links":{"self":[{"href":"https:\/\/www.europesays.com\/fr\/wp-json\/wp\/v2\/posts\/321206","targetHints":{"allow":["GET"]}}],"collection":[{"href":"https:\/\/www.europesays.com\/fr\/wp-json\/wp\/v2\/posts"}],"about":[{"href":"https:\/\/www.europesays.com\/fr\/wp-json\/wp\/v2\/types\/post"}],"author":[{"embeddable":true,"href":"https:\/\/www.europesays.com\/fr\/wp-json\/wp\/v2\/users\/2"}],"replies":[{"embeddable":true,"href":"https:\/\/www.europesays.com\/fr\/wp-json\/wp\/v2\/comments?post=321206"}],"version-history":[{"count":0,"href":"https:\/\/www.europesays.com\/fr\/wp-json\/wp\/v2\/posts\/321206\/revisions"}],"wp:featuredmedia":[{"embeddable":true,"href":"https:\/\/www.europesays.com\/fr\/wp-json\/wp\/v2\/media\/321207"}],"wp:attachment":[{"href":"https:\/\/www.europesays.com\/fr\/wp-json\/wp\/v2\/media?parent=321206"}],"wp:term":[{"taxonomy":"category","embeddable":true,"href":"https:\/\/www.europesays.com\/fr\/wp-json\/wp\/v2\/categories?post=321206"},{"taxonomy":"post_tag","embeddable":true,"href":"https:\/\/www.europesays.com\/fr\/wp-json\/wp\/v2\/tags?post=321206"}],"curies":[{"name":"wp","href":"https:\/\/api.w.org\/{rel}","templated":true}]}}