{"id":321208,"date":"2025-08-15T17:15:11","date_gmt":"2025-08-15T17:15:11","guid":{"rendered":"https:\/\/www.europesays.com\/fr\/321208\/"},"modified":"2025-08-15T17:15:11","modified_gmt":"2025-08-15T17:15:11","slug":"une-petition-est-lancee-ce-que-repond-tisseo","status":"publish","type":"post","link":"https:\/\/www.europesays.com\/fr\/321208\/","title":{"rendered":"une p\u00e9tition est lanc\u00e9e, ce que r\u00e9pond Tiss\u00e9o"},"content":{"rendered":"<p>            Par<br \/>\n        <strong><br \/>\n            <a href=\"https:\/\/actu.fr\/auteur\/lea-afonso\" title=\"Consulter tous les articles de L\u00e9a Afonso\" rel=\"nofollow noopener\" target=\"_blank\">L\u00e9a Afonso<\/a><br \/>\n        <\/strong><\/p>\n<p>        Publi\u00e9 le<\/p>\n<p>            15 ao\u00fbt 2025 \u00e0 18h12        <\/p>\n<p>Le d\u00e9bat sur l\u2019acc\u00e8s des <strong>chiens<\/strong> dans les <strong>transports<\/strong> en commun de <strong><a href=\"https:\/\/actu.fr\/toulouse\/\" rel=\"nofollow noopener\" target=\"_blank\">Toulouse<\/a> <\/strong>refait surface. C\u2019est \u00e0 travers une <strong>p\u00e9tition citoyenne<\/strong> qui appelle \u00e0 une<strong> r\u00e9vision des r\u00e8gles<\/strong> actuelles de <a href=\"https:\/\/actu.fr\/tag\/tisseo\" rel=\"nofollow noopener\" target=\"_blank\"><strong>Tiss\u00e9o<\/strong><\/a>, que les discussions reviennent dans la Ville rose. Alors que des propri\u00e9taires d\u2019animaux r\u00e9clament une meilleure inclusion de leurs \u2014 grands \u2014 compagnons \u00e0 quatre pattes, que r\u00e9pond l\u2019autorit\u00e9 des transports en commun dans l\u2019agglo ?<\/p>\n<p>Une p\u00e9tition qui interpelle<\/p>\n<p class=\" wall-content\">Lanc\u00e9e sur la plateforme <a href=\"https:\/\/www.mesopinions.com\/petition\/animaux\/chiens-a-toulouse-acceptons-transports-commun\/245077\" rel=\"nofollow noopener\" target=\"_blank\">MesOpinions.com<\/a>, la p\u00e9tition intitul\u00e9e \u00ab\u00a0<strong>Chiens \u00e0 Toulouse\u2009: acceptons-les dans les transports en commun\u2009!\u00a0\u00bb<\/strong> a rassembl\u00e9 plusieurs milliers de signatures en quelques semaines, plus de 22\u2009000 \u00e0 l\u2019heure de l\u2019\u00e9criture de cet article. Ses auteurs pointent du doigt <strong>l\u2019interdiction<\/strong> faite aux <strong>chiens de grande taille<\/strong> d\u2019acc\u00e9der aux <strong>bus, trams et m\u00e9tros <\/strong>toulousains.<\/p>\n<p class=\" wall-content\">Selon eux, cette r\u00e8gle p\u00e9nalise \u00ab\u2009les citoyens sans voiture\u2009\u00bb et entra\u00eene de fait des <strong>discriminations<\/strong>. \u00ab\u2009Dans une soci\u00e9t\u00e9 qui se veut inclusive, pourquoi exclure les chiens des transports publics, alors qu\u2019ils sont d\u00e9j\u00e0 les bienvenus dans d\u2019autres grandes villes europ\u00e9ennes comme <strong>Berlin<\/strong> ou <strong>Gen\u00e8ve\u2009<\/strong>?\u2009\u00bb, s\u2019interroge <strong>Claire<\/strong>, signataire de la p\u00e9tition, dans les commentaires.<\/p>\n<p>La r\u00e9ponse ferme de Tiss\u00e9o<\/p>\n<p class=\" wall-content\">Alors que Tiss\u00e9o a toujours invoqu\u00e9 des <strong>raisons de s\u00e9curit\u00e9<\/strong> sur ce sujet, que r\u00e9pond l\u2019organisme face \u00e0 cette mobilisation ? Interrog\u00e9e par Actu Toulouse, l\u2019autorit\u00e9 des transports en commun dans l\u2019agglo<strong> rappelle fermement sa r\u00e9glementation<\/strong> actuelle.<\/p>\n<p class=\" wall-content\">Sont accept\u00e9s uniquement\u2009: \u00ab\u2009Les chiens guide d\u2019aveugle et d\u2019assistance pour les PMR\u2009; les animaux domestiques de petite taille port\u00e9s sous le bras\u2009; les animaux domestiques transport\u00e9s dans des pani\u00e8res ferm\u00e9es\u2009\u00bb. Les chiens de grande taille, m\u00eame tenus en laisse et musel\u00e9s, restent donc interdits.<\/p>\n<p class=\" wall-content\">L\u2019organisme justifie sa position par des enjeux de <strong>s\u00e9curit\u00e9<\/strong> et de<strong> coh\u00e9rence op\u00e9rationnelle<\/strong>. Tiss\u00e9o \u00e9voque notamment des incidents pass\u00e9s, des tensions entre conducteurs et usagers, et des risques sp\u00e9cifiques aux infrastructures souterraines du m\u00e9tro, comme les portes automatiques pouvant coincer les laisses.<\/p>\n<p class=\" wall-content\">Tiss\u00e9o met aussi en avant le r\u00e9sultat d\u2019une <strong>\u00e9tude interne,<\/strong> men\u00e9e en 2024, selon laquelle la majorit\u00e9 des <strong>usagers<\/strong> interrog\u00e9s n\u2019accorderaient <strong>pas de priorit\u00e9<\/strong> \u00e0 l\u2019autorisation des <strong>chiens<\/strong> dans les transports. Tiss\u00e9o conclut\u2009: \u00ab\u2009Nous privil\u00e9gions la s\u00e9r\u00e9nit\u00e9 de nos \u00e9quipes, la s\u00e9curit\u00e9 des voyageurs, et le bien-\u00eatre des animaux eux-m\u00eames, qui ne sont pas \u00e0 l\u2019aise dans des environnements aussi exigus et stressants\u2009\u00bb.<\/p>\n<p>Une r\u00e9glementation jug\u00e9e trop rigide\u2009?<\/p>\n<p class=\" wall-content\">Malgr\u00e9 ces arguments, les signataires de la p\u00e9tition, via les commentaires, montrent leur <strong>m\u00e9contentement<\/strong>, car cette r\u00e8gle ne s\u2019applique pas dans d\u2019autres m\u00e9tropoles fran\u00e7aises comme <strong>Paris<\/strong> ou <strong>Marseille<\/strong>. \u00ab\u2009Pourquoi Toulouse ne pourrait-elle pas suivre ce mod\u00e8le, qui a d\u00e9j\u00e0 fait ses preuves\u2009?\u2009\u00bb, questionne une autre signataire.<\/p>\n<p class=\" wall-content\">Mais Tiss\u00e9o n\u2019en d\u00e9mord pas et entend bien maintenir la r\u00e9glementation actuelle.<\/p>\n<p class=\" wall-content\">Suivez toute l\u2019actualit\u00e9 de vos villes et m\u00e9dias favoris en vous inscrivant \u00e0 <a href=\"https:\/\/moncompte.actu.fr\" title=\"D\u00e9couvez Mon Actu\" rel=\"nofollow noopener\" data-trk=\"{&quot;cta&quot;:{&quot;action&quot;:&quot;https:\\\/\\\/moncompte.actu.fr&quot;,&quot;category&quot;:&quot;mon compte&quot;,&quot;from&quot;:&quot;article footer&quot;,&quot;name&quot;:&quot;Mon actu&quot;,&quot;type&quot;:&quot;cta&quot;}}\" target=\"_blank\">Mon Actu<\/a>.<\/p>\n","protected":false},"excerpt":{"rendered":"Par L\u00e9a Afonso Publi\u00e9 le 15 ao\u00fbt 2025 \u00e0 18h12 Le d\u00e9bat sur l\u2019acc\u00e8s des chiens dans les&hellip;\n","protected":false},"author":2,"featured_media":321209,"comment_status":"","ping_status":"","sticky":false,"template":"","format":"standard","meta":{"footnotes":""},"categories":[2816],"tags":[1111,11,1867,1777,674,1011,27,12,2680,25,104,5400,2312],"class_list":{"0":"post-321208","1":"post","2":"type-post","3":"status-publish","4":"format-standard","5":"has-post-thumbnail","7":"category-toulouse","8":"tag-actu","9":"tag-actualites","10":"tag-animaux","11":"tag-eu","12":"tag-europe","13":"tag-fr","14":"tag-france","15":"tag-news","16":"tag-occitanie","17":"tag-republique-francaise","18":"tag-societe","19":"tag-tisseo","20":"tag-toulouse"},"share_on_mastodon":{"url":"https:\/\/pubeurope.com\/@fr\/115033913635388547","error":""},"_links":{"self":[{"href":"https:\/\/www.europesays.com\/fr\/wp-json\/wp\/v2\/posts\/321208","targetHints":{"allow":["GET"]}}],"collection":[{"href":"https:\/\/www.europesays.com\/fr\/wp-json\/wp\/v2\/posts"}],"about":[{"href":"https:\/\/www.europesays.com\/fr\/wp-json\/wp\/v2\/types\/post"}],"author":[{"embeddable":true,"href":"https:\/\/www.europesays.com\/fr\/wp-json\/wp\/v2\/users\/2"}],"replies":[{"embeddable":true,"href":"https:\/\/www.europesays.com\/fr\/wp-json\/wp\/v2\/comments?post=321208"}],"version-history":[{"count":0,"href":"https:\/\/www.europesays.com\/fr\/wp-json\/wp\/v2\/posts\/321208\/revisions"}],"wp:featuredmedia":[{"embeddable":true,"href":"https:\/\/www.europesays.com\/fr\/wp-json\/wp\/v2\/media\/321209"}],"wp:attachment":[{"href":"https:\/\/www.europesays.com\/fr\/wp-json\/wp\/v2\/media?parent=321208"}],"wp:term":[{"taxonomy":"category","embeddable":true,"href":"https:\/\/www.europesays.com\/fr\/wp-json\/wp\/v2\/categories?post=321208"},{"taxonomy":"post_tag","embeddable":true,"href":"https:\/\/www.europesays.com\/fr\/wp-json\/wp\/v2\/tags?post=321208"}],"curies":[{"name":"wp","href":"https:\/\/api.w.org\/{rel}","templated":true}]}}