{"id":321212,"date":"2025-08-15T17:18:12","date_gmt":"2025-08-15T17:18:12","guid":{"rendered":"https:\/\/www.europesays.com\/fr\/321212\/"},"modified":"2025-08-15T17:18:12","modified_gmt":"2025-08-15T17:18:12","slug":"best-of-cerdon-beaucaire-furiani-ile-daix-et-lille","status":"publish","type":"post","link":"https:\/\/www.europesays.com\/fr\/321212\/","title":{"rendered":"BEST OF &#8211; Cerdon, Beaucaire, Furiani, \u00cele-d&rsquo;Aix et Lille"},"content":{"rendered":"<p>            Description de l&rsquo;\u00e9pisode<\/p>\n<p>William Leymergie propose aux auditeurs une balade originale, hors des sentiers battus, \u00e0 la d\u00e9couverte des diff\u00e9rentes r\u00e9gions de France, de leurs sites les plus insolites, mais \u00e9galement de ceux poss\u00e9dant un savoir-faire unique, ajout\u00e9 \u00e0 cela des balades culturelles et culinaires in\u00e9dites pour mettre \u00e0 l\u2019honneur la diversit\u00e9 du patrimoine fran\u00e7ais.<\/p>\n<p>R\u00e9f\u00e9rences de l&rsquo;\u00e9mission<\/p>\n<p><strong>Site savoir-faire \u2013 La cuivrerie de Cerdon (Ain)<\/strong><\/p>\n<p>&#8211; Visite du mardi au dimanche de 10 h \u00e0 17 h en basse saison \/ de 10 h \u00e0 18 h en haute saison<\/p>\n<p>&#8211; Tarif : 9\u20ac l\u2019entr\u00e9e<\/p>\n<p>&#8211; <a href=\"www.cerdonvalleedelain.fr\/copie-de-cuivrerie-de-cerdon\" target=\"_blank\">www.cerdonvalleedelain.fr\/copie-de-cuivrerie-de-cerdon<\/a><\/p>\n<p>\u00a0<\/p>\n<p>H\u00e9bergement :<\/p>\n<p>&#8211; Chambres d\u2019h\u00f4tes de la Maison d\u2019Ambronay<\/p>\n<p>o Dans une ancienne \u00e9cole<\/p>\n<p>o 170\u20ac la nuit<\/p>\n<p>o <a href=\"www.lamaisondambronay.fr\/fr\" target=\"_blank\">www.lamaisondambronay.fr\/fr<\/a><\/p>\n<p>\u00a0<\/p>\n<p>\u00a0<\/p>\n<p><strong>Site patrimoine : Ap\u00e9ro panorama \u00e0 l\u2019abbaye troglodytique Saint-Roman de Beaucaire (Gard)<\/strong><\/p>\n<p>&#8211; R\u00e9servations sur le site de l\u2019office de tourisme Beaucaire Terre d\u2019Argence<\/p>\n<p>&#8211; Tarif : 24\u20ac\/personne<\/p>\n<p>&#8211; <a href=\"www.provence-camargue-tourisme.com\/patrimoine\/abbaye-troglodytique-saint-roman-l-aiguille-815608\" target=\"_blank\">www.provence-camargue-tourisme.com\/patrimoine\/abbaye-troglodytique-saint-roman-l-aiguille-815608<\/a><\/p>\n<p>\u00a0<\/p>\n<p>H\u00e9bergement<\/p>\n<p>&#8211; Le domaine des Clos<\/p>\n<p>o \u00c0 Beaucaire<\/p>\n<p>o \u00c0 partir de 130\u20ac<\/p>\n<p>o <a href=\"www.domaine-des-clos.com\" target=\"_blank\">www.domaine-des-clos.com<\/a><\/p>\n<p>\u00a0<\/p>\n<p>\u00a0<\/p>\n<p><strong>Site plein air \u2013 Faire du v\u00e9lo sur le lac de Malsaucy (Territoire de Belfort)<\/strong><\/p>\n<p>&#8211; Tarif : 20\u20ac pour la demi-journ\u00e9e avec toutes les activit\u00e9s du site<\/p>\n<p>&#8211; <a href=\"www.territoiredebelfort.fr\/la-base-nautique-du-malsaucy\" target=\"_blank\">www.territoiredebelfort.fr\/la-base-nautique-du-malsaucy<\/a><\/p>\n<p>\u00a0<\/p>\n<p>H\u00e9bergement :<\/p>\n<p>&#8211; La Grand h\u00f4tel du Tonneau d\u2019or<\/p>\n<p>o \u00c0 Belfort<\/p>\n<p>o \u00c0 partir de 125\u20ac la nuit<\/p>\n<p>o <a href=\"www.tonneaudor.fr\" target=\"_blank\">www.tonneaudor.fr<\/a><\/p>\n<p>\u00a0<\/p>\n<p>\u00a0<\/p>\n<p><strong>Balade culinaire \u2013 Fabrice Mignot \u2013 La truccia<\/strong><\/p>\n<p>\u00a0<\/p>\n<p>Ingr\u00e9dients<\/p>\n<p>Le vert d\u2019une botte de blettes<\/p>\n<p>3 \u0153ufs<\/p>\n<p>1 oignon<\/p>\n<p>Persil plat et\/ou cerfeuil<\/p>\n<p>Parmesan<\/p>\n<p>\u00a0<\/p>\n<p>Recette<\/p>\n<p>\u00d4ter les c\u00f4tes et les nervures des blettes.<\/p>\n<p>Laver le vert de blettes pr\u00e9lev\u00e9 puis bien le s\u00e9cher dans un torchon.<\/p>\n<p>Le hacher, le saler et laisser dans une passoire.<\/p>\n<p>Apr\u00e8s 10 minutes, presser entre les mains pour \u00e9vacuer l\u2019eau.<\/p>\n<p>M\u00e9langer le cerfeuil et le persil hach\u00e9.<\/p>\n<p>Battre les \u0153ufs dans un saladier avec le parmesan r\u00e2p\u00e9 et unir avec les blettes.<\/p>\n<p>Hacher l\u2019oignon et le faire blondir \u00e0 la po\u00eale quand l\u2019oignon est transparent.<\/p>\n<p>Couvrir la po\u00eale d\u2019un couvercle et laisser cuire \u00e0 feu tr\u00e8s doux jusqu\u2019\u00e0 ce que le dessus de l\u2019omelette soit sec.<\/p>\n<p>Renverser l\u2019omelette dans une assiette plate. Huiler \u00e0 nouveau la po\u00eale et faire glisser la deuxi\u00e8me face de l\u2019omelette. Cuire encore 10 minutes toujours \u00e0 feu doux.<\/p>\n<p>\u00a0<\/p>\n<p>\u00a0<\/p>\n<p><strong>Site savoir-faire \u2013 Visite de la Brasserie Pietra \u00e0 Furiani (Haute-Corse)<\/strong><\/p>\n<p>&#8211; Visite gratuite durant l\u2019\u00e9t\u00e9 du lundi au vendredi sans rendez-vous. Le reste de l\u2019ann\u00e9e sur rendez-vous<\/p>\n<p>&#8211; <a href=\"www.brasseriepietra.corsica\" target=\"_blank\">www.brasseriepietra.corsica<\/a><\/p>\n<p>\u00a0<\/p>\n<p>Restauration :<\/p>\n<p>&#8211; Restaurant Chez Vincent<\/p>\n<p>o \u00c0 Bastia<\/p>\n<p>o Plats entre 20 et 27\u20ac<\/p>\n<p>o <a href=\"www.facebook.com\/chez.vincent.1\/\" target=\"_blank\">www.facebook.com\/chez.vincent.1\/<\/a><\/p>\n<p>\u00a0<\/p>\n<p>\u00a0<\/p>\n<p><strong>Site patrimoine \u2013 Le fort Li\u00e9dot sur l\u2019\u00cele-d&rsquo;Aix (Charente-Maritime)<\/strong><\/p>\n<p>&#8211; Ouvert tous les jours de 10 h \u00e0 18 h l\u2019\u00e9t\u00e9 jusqu\u2019en novembre<\/p>\n<p>&#8211; Visite libre : 6\u20ac \/ Visite guid\u00e9e : 7,50\u20ac<\/p>\n<p>&#8211; <a href=\"www.fortliedot.com\" target=\"_blank\">www.fortliedot.com<\/a><\/p>\n<p>\u00a0<\/p>\n<p>Restauration :<\/p>\n<p>&#8211; Restaurant Isola Nostra<\/p>\n<p>o Sur l\u2019Ile d\u2019Aix<\/p>\n<p>o <a href=\"https:\/\/www.infiniment-charentes.com\/fiche-sit\/isola-nostra-5762198\/\" target=\"_blank\" rel=\"nofollow noopener\">https:\/\/www.infiniment-charentes.com\/fiche-sit\/isola-nostra-5762198\/<\/a><\/p>\n<p>\u00a0<\/p>\n<p>\u00a0<\/p>\n<p>\u00a0<\/p>\n<p><strong>Balade culturelle \u2013 7\u1d49 \u00e9dition de Lille3000 \u2013 La fiesta<\/strong><\/p>\n<p>&#8211; Jusqu\u2019au 9 novembre 2025<\/p>\n<p>&#8211; <a href=\"www.fiestalille3000.com\" target=\"_blank\">www.fiestalille3000.com<\/a><\/p>\n","protected":false},"excerpt":{"rendered":"Description de l&rsquo;\u00e9pisode William Leymergie propose aux auditeurs une balade originale, hors des sentiers battus, \u00e0 la d\u00e9couverte&hellip;\n","protected":false},"author":2,"featured_media":303420,"comment_status":"","ping_status":"","sticky":false,"template":"","format":"standard","meta":{"footnotes":""},"categories":[2815],"tags":[1111,11,1777,674,1011,27,811,1307,12,25],"class_list":{"0":"post-321212","1":"post","2":"type-post","3":"status-publish","4":"format-standard","5":"has-post-thumbnail","7":"category-lille","8":"tag-actu","9":"tag-actualites","10":"tag-eu","11":"tag-europe","12":"tag-fr","13":"tag-france","14":"tag-hauts-de-france","15":"tag-lille","16":"tag-news","17":"tag-republique-francaise"},"share_on_mastodon":{"url":"https:\/\/pubeurope.com\/@fr\/115033925472835027","error":""},"_links":{"self":[{"href":"https:\/\/www.europesays.com\/fr\/wp-json\/wp\/v2\/posts\/321212","targetHints":{"allow":["GET"]}}],"collection":[{"href":"https:\/\/www.europesays.com\/fr\/wp-json\/wp\/v2\/posts"}],"about":[{"href":"https:\/\/www.europesays.com\/fr\/wp-json\/wp\/v2\/types\/post"}],"author":[{"embeddable":true,"href":"https:\/\/www.europesays.com\/fr\/wp-json\/wp\/v2\/users\/2"}],"replies":[{"embeddable":true,"href":"https:\/\/www.europesays.com\/fr\/wp-json\/wp\/v2\/comments?post=321212"}],"version-history":[{"count":0,"href":"https:\/\/www.europesays.com\/fr\/wp-json\/wp\/v2\/posts\/321212\/revisions"}],"wp:featuredmedia":[{"embeddable":true,"href":"https:\/\/www.europesays.com\/fr\/wp-json\/wp\/v2\/media\/303420"}],"wp:attachment":[{"href":"https:\/\/www.europesays.com\/fr\/wp-json\/wp\/v2\/media?parent=321212"}],"wp:term":[{"taxonomy":"category","embeddable":true,"href":"https:\/\/www.europesays.com\/fr\/wp-json\/wp\/v2\/categories?post=321212"},{"taxonomy":"post_tag","embeddable":true,"href":"https:\/\/www.europesays.com\/fr\/wp-json\/wp\/v2\/tags?post=321212"}],"curies":[{"name":"wp","href":"https:\/\/api.w.org\/{rel}","templated":true}]}}