{"id":321213,"date":"2025-08-15T17:19:13","date_gmt":"2025-08-15T17:19:13","guid":{"rendered":"https:\/\/www.europesays.com\/fr\/321213\/"},"modified":"2025-08-15T17:19:13","modified_gmt":"2025-08-15T17:19:13","slug":"la-procession-aux-flambeaux-de-lassomption-jusqua-notre-dame-de-la-garde-attire-la-foule-a-marseille","status":"publish","type":"post","link":"https:\/\/www.europesays.com\/fr\/321213\/","title":{"rendered":"La procession aux flambeaux de l&rsquo;Assomption jusqu&rsquo;\u00e0 Notre-Dame-de-la-Garde attire la foule \u00e0 Marseille"},"content":{"rendered":"<p>Au d\u00e9part de la place du Colonel-Edon (7e), le cort\u00e8ge \u00e9tait emmen\u00e9 par Mgr\u00a0Jean-Marc Aveline, archev\u00eaque de Marseille, jusqu\u2019\u00e0 Notre-Dame-de-la-Garde.<\/p>\n<p>Dans une ferveur r\u00e9elle m\u00e2tin\u00e9e de curiosit\u00e9 des nombreux touristes pr\u00e9sents, il les a emmen\u00e9s jusqu\u2019\u00e0 l\u2019enceinte de la basilique o\u00f9 le cardinal a c\u00e9l\u00e9br\u00e9 la messe de <a href=\"https:\/\/www.laprovence.com\/article\/societe\/19038749161360\/armistice-toussaint-assomption-a-quoi-correspondent-les-11-jours-feries-francais\" target=\"_blank\" rel=\"nofollow noopener\">l\u2019Assomption<\/a>.<\/p>\n<p>Les fid\u00e8les ont pu \u00e0 cette occasion observer la couronne de la statue de Notre-Dame expos\u00e9e dans la nef et visible durant seulement quelques jours avant sa r\u00e9novation.<\/p>\n<p>La procession du Panier aura lieu ce vendredi 15\u00a0ao\u00fbt<\/p>\n<p>Il officiera \u00e9galement ce vendredi 15\u00a0ao\u00fbt en la cath\u00e9drale de la Major (2e), \u00e0 10h30, pour une messe qui pr\u00e9c\u00e9dera la traditionnelle procession dans les rues du Panier, \u00e0 partir de 17h. Dans le m\u00eame temps, des messes seront donn\u00e9es \u00e0 Notre-Dame-de-la-Garde \u00e0 8h, 9h, 10h, 11h, 12h et 16h30 pour c\u00e9l\u00e9brer la foi catholique autour de l\u2019\u00e9l\u00e9vation de la Vierge Marie aux cieux.<\/p>\n","protected":false},"excerpt":{"rendered":"Au d\u00e9part de la place du Colonel-Edon (7e), le cort\u00e8ge \u00e9tait emmen\u00e9 par Mgr\u00a0Jean-Marc Aveline, archev\u00eaque de Marseille,&hellip;\n","protected":false},"author":2,"featured_media":321214,"comment_status":"","ping_status":"","sticky":false,"template":"","format":"standard","meta":{"footnotes":""},"categories":[2814],"tags":[17,1111,11,4185,1007,1102,1777,674,45910,1011,27,12333,45911,884,12,1177,45909,882,16,25],"class_list":{"0":"post-321213","1":"post","2":"type-post","3":"status-publish","4":"format-standard","5":"has-post-thumbnail","7":"category-marseille","8":"tag-17","9":"tag-actu","10":"tag-actualites","11":"tag-attire","12":"tag-aux","13":"tag-breakingnews","14":"tag-eu","15":"tag-europe","16":"tag-flambeaux","17":"tag-fr","18":"tag-france","19":"tag-jusqua","20":"tag-lassomption","21":"tag-marseille","22":"tag-news","23":"tag-notre-dame-de-la-garde","24":"tag-procession","25":"tag-provence-alpes-cote-dazur","26":"tag-region","27":"tag-republique-francaise"},"share_on_mastodon":{"url":"https:\/\/pubeurope.com\/@fr\/115033929402201263","error":""},"_links":{"self":[{"href":"https:\/\/www.europesays.com\/fr\/wp-json\/wp\/v2\/posts\/321213","targetHints":{"allow":["GET"]}}],"collection":[{"href":"https:\/\/www.europesays.com\/fr\/wp-json\/wp\/v2\/posts"}],"about":[{"href":"https:\/\/www.europesays.com\/fr\/wp-json\/wp\/v2\/types\/post"}],"author":[{"embeddable":true,"href":"https:\/\/www.europesays.com\/fr\/wp-json\/wp\/v2\/users\/2"}],"replies":[{"embeddable":true,"href":"https:\/\/www.europesays.com\/fr\/wp-json\/wp\/v2\/comments?post=321213"}],"version-history":[{"count":0,"href":"https:\/\/www.europesays.com\/fr\/wp-json\/wp\/v2\/posts\/321213\/revisions"}],"wp:featuredmedia":[{"embeddable":true,"href":"https:\/\/www.europesays.com\/fr\/wp-json\/wp\/v2\/media\/321214"}],"wp:attachment":[{"href":"https:\/\/www.europesays.com\/fr\/wp-json\/wp\/v2\/media?parent=321213"}],"wp:term":[{"taxonomy":"category","embeddable":true,"href":"https:\/\/www.europesays.com\/fr\/wp-json\/wp\/v2\/categories?post=321213"},{"taxonomy":"post_tag","embeddable":true,"href":"https:\/\/www.europesays.com\/fr\/wp-json\/wp\/v2\/tags?post=321213"}],"curies":[{"name":"wp","href":"https:\/\/api.w.org\/{rel}","templated":true}]}}