{"id":321215,"date":"2025-08-15T17:20:19","date_gmt":"2025-08-15T17:20:19","guid":{"rendered":"https:\/\/www.europesays.com\/fr\/321215\/"},"modified":"2025-08-15T17:20:19","modified_gmt":"2025-08-15T17:20:19","slug":"stade-rennais-mikayil-faye-ecarte-du-groupe-pour-la-reception-de-lolympique-de-marseille","status":"publish","type":"post","link":"https:\/\/www.europesays.com\/fr\/321215\/","title":{"rendered":"Stade Rennais\u00a0: Mikayil Faye \u00e9cart\u00e9 du groupe pour la r\u00e9ception de l&rsquo;Olympique de Marseille"},"content":{"rendered":"<p>Le Stade Rennais re\u00e7oit l&rsquo;Olympique de Marseille ce vendredi soir (20h45) au Roazhon Park en ouverture du championnat. Ce sera sans le d\u00e9fenseur Mikayil Faye, \u00e9cart\u00e9 du groupe par Habib Beye, alors qu&rsquo;il \u00e9tait pressenti pour d\u00e9marrer comme titulaire en l&rsquo;absence de Lilian Brassier. <\/p>\n<p>Un rendez-vous manqu\u00e9, au sens propre comme au figur\u00e9 pour Mikayil Faye\u00a0: alors que le d\u00e9fenseur s\u00e9n\u00e9galais \u00e9tait pressenti pour d\u00e9marrer sur la gauche de la d\u00e9fense \u00e0 trois du Stade Rennais ce vendredi face \u00e0 Marseille, en l&rsquo;absence de Lilian Brassier, il a \u00e9t\u00e9 \u00e9cart\u00e9 en d\u00e9but d&rsquo;apr\u00e8s-midi du groupe, apr\u00e8s un retard selon nos informations.<\/p>\n<p>Alors que les joueurs \u00e9taient convoqu\u00e9s \u00e0 la Piverdi\u00e8re en fin de matin\u00e9e, avant de rejoindre l&rsquo;h\u00f4tel o\u00f9 ils ont l&rsquo;habitude de passer la journ\u00e9e les jours de match, Faye a manqu\u00e9 l&rsquo;heure du rendez-vous et s&rsquo;est rendu \u00e0 l&rsquo;h\u00f4tel par ses propres moyens. Son exclusion du groupe lui a alors \u00e9t\u00e9 signifi\u00e9 par Habib Beye, et le d\u00e9fenseur a quitt\u00e9 les lieux avec son v\u00e9hicule personnel.<\/p>\n<p>Reste \u00e0 savoir qui prendra la place vacante dans la d\u00e9fense rennaise ce soir, avec Christopher Wooh et Abdelhamid A\u00eft-Boudlal en balance, \u00e0 moins qu&rsquo;Habib Beye ne d\u00e9cide de reculer Valentin Rongier d&rsquo;un cran, dans un poste qu&rsquo;il a parfois occup\u00e9 avec Marseille.<\/p>\n","protected":false},"excerpt":{"rendered":"Le Stade Rennais re\u00e7oit l&rsquo;Olympique de Marseille ce vendredi soir (20h45) au Roazhon Park en ouverture du championnat.&hellip;\n","protected":false},"author":2,"featured_media":321216,"comment_status":"","ping_status":"","sticky":false,"template":"","format":"standard","meta":{"footnotes":""},"categories":[2814],"tags":[1111,11,1777,674,1011,27,884,12,882,25],"class_list":{"0":"post-321215","1":"post","2":"type-post","3":"status-publish","4":"format-standard","5":"has-post-thumbnail","7":"category-marseille","8":"tag-actu","9":"tag-actualites","10":"tag-eu","11":"tag-europe","12":"tag-fr","13":"tag-france","14":"tag-marseille","15":"tag-news","16":"tag-provence-alpes-cote-dazur","17":"tag-republique-francaise"},"share_on_mastodon":{"url":"https:\/\/pubeurope.com\/@fr\/115033933350350239","error":""},"_links":{"self":[{"href":"https:\/\/www.europesays.com\/fr\/wp-json\/wp\/v2\/posts\/321215","targetHints":{"allow":["GET"]}}],"collection":[{"href":"https:\/\/www.europesays.com\/fr\/wp-json\/wp\/v2\/posts"}],"about":[{"href":"https:\/\/www.europesays.com\/fr\/wp-json\/wp\/v2\/types\/post"}],"author":[{"embeddable":true,"href":"https:\/\/www.europesays.com\/fr\/wp-json\/wp\/v2\/users\/2"}],"replies":[{"embeddable":true,"href":"https:\/\/www.europesays.com\/fr\/wp-json\/wp\/v2\/comments?post=321215"}],"version-history":[{"count":0,"href":"https:\/\/www.europesays.com\/fr\/wp-json\/wp\/v2\/posts\/321215\/revisions"}],"wp:featuredmedia":[{"embeddable":true,"href":"https:\/\/www.europesays.com\/fr\/wp-json\/wp\/v2\/media\/321216"}],"wp:attachment":[{"href":"https:\/\/www.europesays.com\/fr\/wp-json\/wp\/v2\/media?parent=321215"}],"wp:term":[{"taxonomy":"category","embeddable":true,"href":"https:\/\/www.europesays.com\/fr\/wp-json\/wp\/v2\/categories?post=321215"},{"taxonomy":"post_tag","embeddable":true,"href":"https:\/\/www.europesays.com\/fr\/wp-json\/wp\/v2\/tags?post=321215"}],"curies":[{"name":"wp","href":"https:\/\/api.w.org\/{rel}","templated":true}]}}