{"id":321228,"date":"2025-08-15T17:29:21","date_gmt":"2025-08-15T17:29:21","guid":{"rendered":"https:\/\/www.europesays.com\/fr\/321228\/"},"modified":"2025-08-15T17:29:21","modified_gmt":"2025-08-15T17:29:21","slug":"le-sommet-en-alaska-pourrait-durer-au-moins-six-ou-sept-heures-selon-le-kremlin","status":"publish","type":"post","link":"https:\/\/www.europesays.com\/fr\/321228\/","title":{"rendered":"le sommet en Alaska pourrait durer \u00ab\u00a0au moins six ou sept heures\u00a0\u00bb, selon le Kremlin"},"content":{"rendered":"\n<p class=\"post__live-container--answer-text post__space-node\">Bonjour Claire, bonjour bob,<\/p>\n<p class=\"post__live-container--answer-text post__space-node\">Parmi les personnalit\u00e9s qui accompagnent Donald Trump en Alaska\u00a0: le secr\u00e9taire d\u2019\u00c9tat, Marco Rubio, le secr\u00e9taire au Tr\u00e9sor am\u00e9ricain, Scott Bessent, le secr\u00e9taire au commerce, Howard Lutnick, l\u2019envoy\u00e9 sp\u00e9cial Steve Witkoff, la porte-parole de la pr\u00e9sidence, Karoline Leavitt, le directeur de la CIA, John Ratcliffe, la cheffe de cabinet de la Maison Blanche, Susie Wiles, et son adjoint, Dan Scavino.<\/p>\n<p class=\"post__live-container--answer-text post__space-node\">C\u00f4t\u00e9 russe\u00a0: Sergue\u00ef Lavrov, ministre des affaires \u00e9trang\u00e8res, qui est venu en Alaska portant un sweat-shirt arborant ce qui para\u00eet \u00eatre l\u2019inscription \u00ab\u00a0URSS\u00a0\u00bb en russe, Iouri Ouchakov conseiller en politique \u00e9trang\u00e8re, Andre\u00ef Belooussov, ministre de la d\u00e9fense, ou encore Kirill Dmitriev, directeur du fonds russe d\u2019investissement direct.<\/p>\n","protected":false},"excerpt":{"rendered":"Bonjour Claire, bonjour bob, Parmi les personnalit\u00e9s qui accompagnent Donald Trump en Alaska\u00a0: le secr\u00e9taire d\u2019\u00c9tat, Marco Rubio,&hellip;\n","protected":false},"author":2,"featured_media":321229,"comment_status":"","ping_status":"","sticky":false,"template":"","format":"standard","meta":{"footnotes":""},"categories":[1591],"tags":[11,1887,12,1885,1886,132],"class_list":{"0":"post-321228","1":"post","2":"type-post","3":"status-publish","4":"format-standard","5":"has-post-thumbnail","7":"category-russie","8":"tag-actualites","9":"tag-federation-de-russie","10":"tag-news","11":"tag-russia","12":"tag-russian-federation","13":"tag-russie"},"share_on_mastodon":{"url":"https:\/\/pubeurope.com\/@fr\/115033968737310771","error":""},"_links":{"self":[{"href":"https:\/\/www.europesays.com\/fr\/wp-json\/wp\/v2\/posts\/321228","targetHints":{"allow":["GET"]}}],"collection":[{"href":"https:\/\/www.europesays.com\/fr\/wp-json\/wp\/v2\/posts"}],"about":[{"href":"https:\/\/www.europesays.com\/fr\/wp-json\/wp\/v2\/types\/post"}],"author":[{"embeddable":true,"href":"https:\/\/www.europesays.com\/fr\/wp-json\/wp\/v2\/users\/2"}],"replies":[{"embeddable":true,"href":"https:\/\/www.europesays.com\/fr\/wp-json\/wp\/v2\/comments?post=321228"}],"version-history":[{"count":0,"href":"https:\/\/www.europesays.com\/fr\/wp-json\/wp\/v2\/posts\/321228\/revisions"}],"wp:featuredmedia":[{"embeddable":true,"href":"https:\/\/www.europesays.com\/fr\/wp-json\/wp\/v2\/media\/321229"}],"wp:attachment":[{"href":"https:\/\/www.europesays.com\/fr\/wp-json\/wp\/v2\/media?parent=321228"}],"wp:term":[{"taxonomy":"category","embeddable":true,"href":"https:\/\/www.europesays.com\/fr\/wp-json\/wp\/v2\/categories?post=321228"},{"taxonomy":"post_tag","embeddable":true,"href":"https:\/\/www.europesays.com\/fr\/wp-json\/wp\/v2\/tags?post=321228"}],"curies":[{"name":"wp","href":"https:\/\/api.w.org\/{rel}","templated":true}]}}