{"id":321239,"date":"2025-08-15T17:35:23","date_gmt":"2025-08-15T17:35:23","guid":{"rendered":"https:\/\/www.europesays.com\/fr\/321239\/"},"modified":"2025-08-15T17:35:23","modified_gmt":"2025-08-15T17:35:23","slug":"vrai-ou-faux-lunion-europeenne-met-elle-de-la-poudre-de-larves-dans-le-pain-et-les-pates","status":"publish","type":"post","link":"https:\/\/www.europesays.com\/fr\/321239\/","title":{"rendered":"Vrai ou faux. L&rsquo;Union europ\u00e9enne met-elle de la poudre de larves dans le pain et les p\u00e2tes ?"},"content":{"rendered":"<p class=\"c-chapo \">\n  Plusieurs internautes, dont des eurosceptiques, d\u00e9noncent l&rsquo;autorisation par l&rsquo;Union europ\u00e9enne de l&rsquo;int\u00e9gration de poudre de larves dans plusieurs aliments transform\u00e9s.\n<\/p>\n<p>            lire plus tard<\/p>\n<p id=\"dialog__title\" class=\"dialog__title\">Pour sauvegarder cet article, connectez-vous ou cr\u00e9ez un compte franceinfo<\/p>\n<p class=\"dialog__description\">Sans paiement. Sans abonnement.<\/p>\n<p>        Fermer la fen\u00eatre d\u2019activation des notifications France Info<\/p>\n<p>            cr\u00e9er votre compte<\/p>\n<p>            se connecter<\/p>\n<p>        Fermer la fen\u00eatre de pr\u00e9sentation<\/p>\n<p>    <img loading=\"lazy\" decoding=\"async\" class=\"signature__image lazyload\" width=\"100\" height=\"100\" data- alt=\"\" src=\"https:\/\/www.europesays.com\/fr\/wp-content\/uploads\/2025\/08\/armel-balogog-65e601a234edb012138647.png\"\/><\/p>\n<p>    Publi\u00e9 le 11\/02\/2025 09:35<\/p>\n<p>      Mis \u00e0 jour le 11\/02\/2025 09:37<\/p>\n<p>        Temps de lecture : 5min<\/p>\n<p>    <img decoding=\"async\"  alt=\"L'Union europ\u00e9enne a bel et bien autoris\u00e9 la mise sur le march\u00e9 de poudre de vers de farine jaune trait\u00e9es aux UV dans le pain et les p\u00e2tes (photo d'illustration). (LILIAN CAZABET \/ HANS LUCAS)\" width=\"432\" height=\"243\" src=\"https:\/\/www.europesays.com\/fr\/wp-content\/uploads\/2025\/08\/cazabet2-67ab0b63bd33d167108876.jpg\" fetchpriority=\"high\"\/><\/p>\n<p>      L&rsquo;Union europ\u00e9enne a bel et bien autoris\u00e9 la mise sur le march\u00e9 de poudre de vers de farine jaune trait\u00e9es aux UV dans le pain et les p\u00e2tes (photo d&rsquo;illustration). (LILIAN CAZABET \/ HANS LUCAS)<\/p>\n<p>\u00ab\u00a0Ayez le c\u0153ur bien accroch\u00e9\u00a0\u00bb, lance <a href=\"https:\/\/x.com\/f_philippot\/status\/1888566569044676803\" target=\"_blank\" rel=\"noopener\">Florian Philippot<\/a>, le fondateur du mouvement Les Patriotes, class\u00e9 \u00e0 l&rsquo;extr\u00eame droite, en ouverture d&rsquo;une vid\u00e9o post\u00e9e sur le r\u00e9seau social X. \u00ab\u00a0A partir de ce lundi 10 f\u00e9vrier, vous allez retrouver de la poudre de larves dans l&rsquo;alimentation\u00a0\u00bb, affirme-t-il. <a href=\"https:\/\/x.com\/dupontaignan\/status\/1883856951454691632\" target=\"_blank\" rel=\"noopener\">Nicolas Dupont-Aignan<\/a>, du mouvement Debout la France, et <a href=\"https:\/\/x.com\/guillaume_bigot\/status\/1886833160530350459?s=46&amp;t=R5PerWpsyVQ2ah_OvO1JTw\" target=\"_blank\" rel=\"noopener\">Guillaume Bigot<\/a>, d\u00e9put\u00e9 Rassemblement national du Territoire de Belfort, d\u00e9noncent la m\u00eame chose.<\/p>\n<p>\u00ab\u00a0\u00c7a veut dire que d\u00e8s maintenant, vous pourriez manger des insectes sans m\u00eame le savoir\u00a0\u00bb, rench\u00e9rit un compte <a href=\"https:\/\/x.com\/SansInsectes\/status\/1888636252251111654\" target=\"_blank\" rel=\"noopener\">X<\/a> qui dit avoir invent\u00e9 un label sans insecte. \u00ab\u00a0De la poudre de larves dans des g\u00e2teaux, dans du pain, dans du fromage, dans des p\u00e2tes\u00a0\u00bb, s&rsquo;\u00e9nerve encore un <a href=\"https:\/\/x.com\/VeriteDiffusee\/status\/1888342993658114533\" target=\"_blank\" rel=\"noopener\">internaute<\/a>.<\/p>\n<p>Tous d\u00e9noncent l&rsquo;autorisation par l&rsquo;Union europ\u00e9enne de la commercialisation de poudre de larves \u00e0 partir du lundi 10 f\u00e9vrier, et certains eurosceptiques en profitent pour inviter \u00e0 quitter l&rsquo;UE. Le Vrai ou Faux fait le point.<\/p>\n<p>Dans l&rsquo;ensemble, c&rsquo;est vrai. L&rsquo;Union europ\u00e9enne a bel et bien autoris\u00e9 <a href=\"https:\/\/eur-lex.europa.eu\/eli\/reg_impl\/2025\/89\/oj\" target=\"_blank\" rel=\"noopener\">la mise sur le march\u00e9 de poudre de vers de farine jaune trait\u00e9e aux UV<\/a>, de leur petit nom latin des Tenebrio molitor. Comme les autres insectes, ils pr\u00e9sentent l&rsquo;avantage d&rsquo;\u00eatre riches en prot\u00e9ines et en nutriments, et d&rsquo;\u00eatre facile \u00e0 produire avec un impact environnemental r\u00e9duit.<\/p>\n<p>Il s&rsquo;agit de poudre qui pourra \u00eatre m\u00e9lang\u00e9e \u00e0 des aliments pr\u00e9par\u00e9s et pourra repr\u00e9senter jusqu&rsquo;\u00e0 4% des pains et g\u00e2teaux, 3,5% des produits \u00e0 base de p\u00e2tes et des compotes, et 1% des fromages. Pour l&rsquo;instant, cette poudre vient juste d&rsquo;arriver sur le march\u00e9, donc elle n&rsquo;est pas encore dans nos aliments.<\/p>\n<p>N\u00e9anmoins, les consommateurs pourront tr\u00e8s bien refuser de manger ces produits \u00e0 base d&rsquo;insectes. L&rsquo;Union europ\u00e9enne pr\u00e9cise d&rsquo;ailleurs sur son <a href=\"https:\/\/food.ec.europa.eu\/food-safety\/novel-food\/authorisations\/approval-insect-novel-food_en?prefLang=fr&amp;etrans=fr\" target=\"_blank\" rel=\"noopener\">site<\/a> qu&rsquo;il \u00ab\u00a0appartient aux consommateurs de d\u00e9cider s\u2019ils veulent manger des insectes ou non\u00a0\u00bb.<\/p>\n<p>La pr\u00e9sence de poudre de larves devra \u00eatre mentionn\u00e9e tr\u00e8s clairement dans la liste des ingr\u00e9dients. Il suffira de chercher les mots : \u00ab\u00a0poudre de larves de Tenebrio molitor (vers de farine jaune) trait\u00e9e aux UV\u00a0\u00bb.<\/p>\n<p>Cette pr\u00e9sence doit aussi \u00eatre mentionn\u00e9e dans la liste des allerg\u00e8nes, car la consommation d&rsquo;insectes trait\u00e9s aux UV peut d\u00e9clencher des allergies chez certaines personnes, au m\u00eame titre que les \u0153ufs ou les fruits \u00e0 coque. N\u00e9anmoins, le produit est s\u00fbr, assure l&rsquo;UE en se basant sur une \u00e9valuation scientifique r\u00e9alis\u00e9e par l&rsquo;<a href=\"https:\/\/www.efsa.europa.eu\/en\/efsajournal\/pub\/8009\" target=\"_blank\" rel=\"noopener\">Autorit\u00e9 europ\u00e9enne de s\u00fbret\u00e9 alimentaire<\/a>.<\/p>\n<p>En revanche, ce n&rsquo;est pas du tout la premi\u00e8re fois que l&rsquo;Union europ\u00e9enne autorise la commercialisation d&rsquo;insectes comme nourriture. La premi\u00e8re fois, c&rsquo;\u00e9tait il y a quatre ans, en <a href=\"https:\/\/eur-lex.europa.eu\/legal-content\/FR\/TXT\/?uri=CELEX%3A32021R0882&amp;qid=1739193158448\" target=\"_blank\" rel=\"noopener\">2021<\/a>. \u00c0 ce moment-l\u00e0, il s&rsquo;agissait d&rsquo;autoriser la mise en vente de ce m\u00eame ver de farine mais en larves enti\u00e8res pour les d\u00e9guster comme \u00e7a, comme un petit encas.<\/p>\n<p>L&rsquo;Union europ\u00e9enne a aussi d\u00e9j\u00e0 autoris\u00e9 de la poudre de ce ver de farine en <a href=\"https:\/\/eur-lex.europa.eu\/legal-content\/FR\/TXT\/?uri=CELEX%3A32022R0169&amp;qid=1739193158448\" target=\"_blank\" rel=\"noopener\">2022<\/a>. Finalement, la seule nouveaut\u00e9 de la poudre qui vient d&rsquo;\u00eatre mise sur le march\u00e9 est que les larves sont trait\u00e9es aux UV, ce qui permet de les doter un peu en vitamine D.<\/p>\n<p>Depuis, l&rsquo;UE a aussi approuv\u00e9 la mise sur le march\u00e9 du criquet migrateur, du grillon domestique, du petit ver de farine et de poudre partiellement d\u00e9graiss\u00e9e de grillon domestique.<\/p>\n<p>Mais quatre ans apr\u00e8s ces autorisations, il faut rappeler que les insectes repr\u00e9sentent une toute petite fili\u00e8re \u00e9conomique dans le secteur alimentaire. Un march\u00e9 qui ne se porte pas tr\u00e8s bien d&rsquo;ailleurs notamment, car il ne s\u00e9duit pas beaucoup les investisseurs ces derniers temps, au point qu&rsquo;il \u00ab\u00a0faut r\u00e9\u00e9valuer la viabilit\u00e9 \u00e9conomique du secteur\u00a0\u00bb, selon un sp\u00e9cialiste interview\u00e9 par <a href=\"https:\/\/www.latribune.fr\/entreprises-finance\/industrie\/agroalimentaire-biens-de-consommation-luxe\/crise-des-proteines-d-insectes-il-faut-reevaluer-la-viabilite-economique-du-secteur-1017529.html\" target=\"_blank\" rel=\"noopener\">La Tribune<\/a>.<\/p>\n<p>Deux entreprises fran\u00e7aises du secteur, \u0178nsect et Agronutris ont toutes les deux \u00e9t\u00e9 plac\u00e9es en proc\u00e9dures de sauvegarde ces derni\u00e8res semaines, pour geler leurs cr\u00e9ances pendant un an. Autant dire qu&rsquo;il n&rsquo;y aura pas d&rsquo;insectes partout, dans tous les aliments, d\u00e8s demain.<\/p>\n<p>Pour conclure sur une note culturelle, on peut \u00e9galement ajouter qu&rsquo;il est assez banal de manger des insectes dans de nombreux pays, tels que le Mexique, la Tha\u00eflande, le Burkina Faso, le Laos, la Cor\u00e9e. L&rsquo;alimentation \u00e0 base d&rsquo;insectes, notamment de sauterelles, est d&rsquo;ailleurs mentionn\u00e9e dans la Bible et dans le Coran, ainsi que par les philosophes de la Gr\u00e8ce antique.<\/p>\n<p>En France, m\u00eame si c&rsquo;est plus rare, manger des insectes fait d\u00e9j\u00e0 partie du patrimoine culinaire. Les amateurs de fromages corses auront peut-\u00eatre d\u00e9j\u00e0 go\u00fbter au Casgiu Merzu, le fameux \u00ab\u00a0fromage aux asticots\u00a0\u00bb, et l\u00e0, il ne s&rsquo;agit pas de poudre.<\/p>\n","protected":false},"excerpt":{"rendered":"Plusieurs internautes, dont des eurosceptiques, d\u00e9noncent l&rsquo;autorisation par l&rsquo;Union europ\u00e9enne de l&rsquo;int\u00e9gration de poudre de larves dans plusieurs&hellip;\n","protected":false},"author":2,"featured_media":321240,"comment_status":"","ping_status":"","sticky":false,"template":"","format":"standard","meta":{"footnotes":""},"categories":[1586],"tags":[11,1777,674,1779,1011,27,12,25,1778,364],"class_list":{"0":"post-321239","1":"post","2":"type-post","3":"status-publish","4":"format-standard","5":"has-post-thumbnail","7":"category-europe","8":"tag-actualites","9":"tag-eu","10":"tag-europe","11":"tag-european-union","12":"tag-fr","13":"tag-france","14":"tag-news","15":"tag-republique-francaise","16":"tag-ue","17":"tag-union-europeenne"},"share_on_mastodon":{"url":"https:\/\/pubeurope.com\/@fr\/115033992348868579","error":""},"_links":{"self":[{"href":"https:\/\/www.europesays.com\/fr\/wp-json\/wp\/v2\/posts\/321239","targetHints":{"allow":["GET"]}}],"collection":[{"href":"https:\/\/www.europesays.com\/fr\/wp-json\/wp\/v2\/posts"}],"about":[{"href":"https:\/\/www.europesays.com\/fr\/wp-json\/wp\/v2\/types\/post"}],"author":[{"embeddable":true,"href":"https:\/\/www.europesays.com\/fr\/wp-json\/wp\/v2\/users\/2"}],"replies":[{"embeddable":true,"href":"https:\/\/www.europesays.com\/fr\/wp-json\/wp\/v2\/comments?post=321239"}],"version-history":[{"count":0,"href":"https:\/\/www.europesays.com\/fr\/wp-json\/wp\/v2\/posts\/321239\/revisions"}],"wp:featuredmedia":[{"embeddable":true,"href":"https:\/\/www.europesays.com\/fr\/wp-json\/wp\/v2\/media\/321240"}],"wp:attachment":[{"href":"https:\/\/www.europesays.com\/fr\/wp-json\/wp\/v2\/media?parent=321239"}],"wp:term":[{"taxonomy":"category","embeddable":true,"href":"https:\/\/www.europesays.com\/fr\/wp-json\/wp\/v2\/categories?post=321239"},{"taxonomy":"post_tag","embeddable":true,"href":"https:\/\/www.europesays.com\/fr\/wp-json\/wp\/v2\/tags?post=321239"}],"curies":[{"name":"wp","href":"https:\/\/api.w.org\/{rel}","templated":true}]}}