{"id":321247,"date":"2025-08-15T17:40:11","date_gmt":"2025-08-15T17:40:11","guid":{"rendered":"https:\/\/www.europesays.com\/fr\/321247\/"},"modified":"2025-08-15T17:40:11","modified_gmt":"2025-08-15T17:40:11","slug":"je-ne-peux-pas-rester-en-n2-tout-ma-vie-apres-niort-kevin-bassoko-va-gouter-a-lelite","status":"publish","type":"post","link":"https:\/\/www.europesays.com\/fr\/321247\/","title":{"rendered":"\u00ab\u00a0Je ne peux pas rester en N2 tout ma vie :\u00a0\u00bb apr\u00e8s Niort, K\u00e9vin Bassoko va go\u00fbter \u00e0 l\u2019\u00c9lite"},"content":{"rendered":"<p>K\u00e9vin Bassoko est du genre r\u00e9gulier. Tout au long de la saison 2024-2025, le joueur n\u2019a pas l\u00e2ch\u00e9 sa place dans la formation de d\u00e9part du Volly-Ball Pexinois Niort. Sur les vingt matchs disput\u00e9s en Nationale 2, le r\u00e9ceptionneur-attaquant de 1,83\u00a0m a \u00e9t\u00e9 titulaire \u00e0 dix-neuf reprises. \u00ab\u00a0C\u2019est un joueur cadre, il est tout le temps dans la performance. K\u00e9vin sait faire des diff\u00e9rences \u00e0 lui seul dans un match\u00a0\u00bb, pointe son entra\u00eeneur niortais Alain Fossi&#8230;. <\/p>\n<p>    Cet article a \u00e9t\u00e9 tronqu\u00e9. Abonnez-vous pour lire l&rsquo;article complet sur notre site.<\/p>\n<p style=\"margin: 0 !important; padding: 0 !important; font-size: 12px !important;\">Cet article a \u00e9t\u00e9 tronqu\u00e9. Abonnez-vous pour lire l&rsquo;article complet.<\/p>\n<p>    <a href=\"https:\/\/www.lanouvellerepublique.fr\/abonnements\" style=\"display: inline-block; margin-top: 5px !important; padding: 6px 12px !important; background: #cb1c27; color: white; text-decoration: none; border-radius: 4px; font-size: 12px !important;\" target=\"_blank\" rel=\"noopener\"><br \/>\n      S&rsquo;abonner<br \/>\n    <\/a><\/p>\n","protected":false},"excerpt":{"rendered":"K\u00e9vin Bassoko est du genre r\u00e9gulier. Tout au long de la saison 2024-2025, le joueur n\u2019a pas l\u00e2ch\u00e9&hellip;\n","protected":false},"author":2,"featured_media":321248,"comment_status":"","ping_status":"","sticky":false,"template":"","format":"standard","meta":{"footnotes":""},"categories":[1417],"tags":[1392,2545,1011,27,9915,6752,60,1470,1469],"class_list":{"0":"post-321247","1":"post","2":"type-post","3":"status-publish","4":"format-standard","5":"has-post-thumbnail","7":"category-volley","8":"tag-a-la-une-local","9":"tag-deux-sevres","10":"tag-fr","11":"tag-france","12":"tag-nationaux-volley","13":"tag-niort","14":"tag-sports","15":"tag-volley","16":"tag-volleyball"},"share_on_mastodon":{"url":"https:\/\/pubeurope.com\/@fr\/115034011909108308","error":""},"_links":{"self":[{"href":"https:\/\/www.europesays.com\/fr\/wp-json\/wp\/v2\/posts\/321247","targetHints":{"allow":["GET"]}}],"collection":[{"href":"https:\/\/www.europesays.com\/fr\/wp-json\/wp\/v2\/posts"}],"about":[{"href":"https:\/\/www.europesays.com\/fr\/wp-json\/wp\/v2\/types\/post"}],"author":[{"embeddable":true,"href":"https:\/\/www.europesays.com\/fr\/wp-json\/wp\/v2\/users\/2"}],"replies":[{"embeddable":true,"href":"https:\/\/www.europesays.com\/fr\/wp-json\/wp\/v2\/comments?post=321247"}],"version-history":[{"count":0,"href":"https:\/\/www.europesays.com\/fr\/wp-json\/wp\/v2\/posts\/321247\/revisions"}],"wp:featuredmedia":[{"embeddable":true,"href":"https:\/\/www.europesays.com\/fr\/wp-json\/wp\/v2\/media\/321248"}],"wp:attachment":[{"href":"https:\/\/www.europesays.com\/fr\/wp-json\/wp\/v2\/media?parent=321247"}],"wp:term":[{"taxonomy":"category","embeddable":true,"href":"https:\/\/www.europesays.com\/fr\/wp-json\/wp\/v2\/categories?post=321247"},{"taxonomy":"post_tag","embeddable":true,"href":"https:\/\/www.europesays.com\/fr\/wp-json\/wp\/v2\/tags?post=321247"}],"curies":[{"name":"wp","href":"https:\/\/api.w.org\/{rel}","templated":true}]}}