{"id":321249,"date":"2025-08-15T17:41:09","date_gmt":"2025-08-15T17:41:09","guid":{"rendered":"https:\/\/www.europesays.com\/fr\/321249\/"},"modified":"2025-08-15T17:41:09","modified_gmt":"2025-08-15T17:41:09","slug":"rugby-championship-les-springboks-veulent-franchir-un-nouveau-cap","status":"publish","type":"post","link":"https:\/\/www.europesays.com\/fr\/321249\/","title":{"rendered":"Rugby Championship &#8211; Les Springboks veulent franchir un nouveau cap"},"content":{"rendered":"<p>\n                Le tournoi des sudistes reprend ce samedi. Les Sud-Africains essaieront de garder leur troph\u00e9e, m\u00eame si cette ann\u00e9e, ils devront jouer deux fois en Nouvelle-Z\u00e9lande.\n            <\/p>\n<p>Revoil\u00e0 le Rugby Championship, le tournoi de l\u2019h\u00e9misph\u00e8re Sud que, vu du nord, on a un peu tendance \u00e0 survoler, m\u00eame si les matchs seront visibles sur les cha\u00eenes du groupe Canal +. Les Sud-Africains champions du monde conserveront-ils leur bien ? En 2024, ils s\u2019\u00e9taient impos\u00e9s en gagnant cinq matchs sur six (en perdant leur seul match en Argentine). Mais la formule de cette comp\u00e9tition est particuli\u00e8re. En 2024, les Springboks avaient re\u00e7u deux fois les All Blacks. En 2025, ce sera le contraire (il faut limiter les longs d\u00e9placements). Ainsi, tout risque de se jouer lors du double affrontement entre les deux mastodontes les 6 et 13 septembre \u00e0 Auckland et \u00e0 Wellington. Une victoire des Springboks serait une nouvelle borne du parcours extraordinaire de Rassie Erasmus. Il se sentira forc\u00e9ment en concurrence avec Scott Robertson, le patron des All Blacks qui joueront dans la nuit de samedi \u00e0 dimanche face \u00e0 l\u2019Argentine \u00e0 Cordoba, sans Wallace Sititi qui a diff\u00e9r\u00e9 son retour. Un peu plus t\u00f4t, les Sud-Africains auront affront\u00e9 les Wallabies \u00e0 Johannesbourg avec \u00e9videmment les faveurs des pronostics m\u00eame si Cheslin Kolbe est forfait sur blessure. L\u2019ouvreur Handre Pollard (ex-Montpellier) ne sera pas l\u00e0 non plus, mais il s\u2019agit d\u2019un choix de l\u2019entra\u00eeneur. Il a pr\u00e9f\u00e9r\u00e9 Manie Libbok \u00e0 l\u2019ouverture.<\/p>\n<p>Les Australiens ont termin\u00e9 les deux derni\u00e8res \u00e9ditions \u00e0 la derni\u00e8re place, mais ils ont finalement bien r\u00e9sist\u00e9 aux Lions britanniques le mois dernier et Joe Schmidt esp\u00e8re bien s\u2019en aller \u00e0 l\u2019automne avec une place sur le podium. Avec un Sua\u2019ali\u2019i en forme, ce n\u2019est pas impossible. En plus, les Wallabies recevront deux fois les Pumas les 6 et 13 septembre \u00e0 Townsville et Sydney. Justement, les Pumas&#8230;Les hommes de Felipe Contepomi ont gagn\u00e9 trois matchs sur six en 2024,en battant toutes les autres nations, dont les All Blacks chez eux. Mais le match de ce week-end \u00e0 Cordoba serait l\u2019occasion de battre les N\u00e9o-Z\u00e9landais pour la premi\u00e8re fois sur le sol argentin.<\/p>\n<p>Les Pumas ont surpris tout le monde en battant les Lions britanniques \u00e0 Dublin. Mais, ils ont ensuite \u00e9t\u00e9 battus deux fois sur deux \u00e0 domicile par l\u2019Angleterre amoindrie. Difficile d\u2019en tirer des conclusions tr\u00e8s claires, si ce n\u2019est que Tomas Albornoz (Tr\u00e9vise, annonc\u00e9 \u00e0 Toulon) \u00e9tait absent \u00e0 l\u2019ouverture. Il avait \u00e9t\u00e9 d\u00e9cisif face aux Lions. Marcos Kremer (Clermont) et les deux Toulousains Santiago Chocobares et Juan Cruz Mallia n\u2019\u00e9taient pas l\u00e0 non plus. Mais ils sont de retour. On les a sentis ultra-motiv\u00e9s pour apporter une nouvelle pierre \u00e0 la l\u00e9gende des Pumas.<\/p>\n<p>    Le calendrier<\/p>\n<p><strong>Journ\u00e9e 1 (16 ao\u00fbt)<\/strong><\/p>\n<p>Afrique du Sud \u2013 Australie (17 h 10 \u00e0 Johannesbourg)<\/p>\n<p>Argentine \u2013 Nouvelle-Z\u00e9lande (23 h 10 \u00e0 Cordoba)<\/p>\n<p><strong>Journ\u00e9e 2 (23 ao\u00fbt)<\/strong><\/p>\n<p>Afrique du Sud \u2013 Australie (17 h 10 au Cap)<\/p>\n<p>Argentine \u2013 Nouvelle-Z\u00e9lande (23 h 10 \u00e0 Cordoba)<\/p>\n<p><strong>Journ\u00e9e 3 (6 septembre)<\/strong><\/p>\n<p>Australie \u2013 Argentine (6 h 30 \u00e0 Townsville)<\/p>\n<p>Nouvelle-Z\u00e9lande \u2013 Afrique du Sud (9 h 05 \u00e0 Auckland)<\/p>\n<p><strong>Journ\u00e9e 4 (13 septembre)<\/strong><\/p>\n<p>Australie \u2013 Argentine (6 heures \u00e0 Sydney)<\/p>\n<p>Nouvelle-Z\u00e9lande \u2013 Afrique du Sud (9 h 05 \u00e0 Wellington)<\/p>\n<p><strong>Journ\u00e9e 5 (27 septembre)<\/strong><\/p>\n<p>Nouvelle-Z\u00e9lande \u2013 Australie (7 h 05 \u00e0 Auckland)<\/p>\n<p>Afrique du Sud \u2013 Argentine (17 h 10 \u00e0 Durban)<\/p>\n<p><strong>Journ\u00e9e 6 (4 octobre)<\/strong><\/p>\n<p>Australie \u2013 Nouvelle-Z\u00e9lande (11 h 45 \u00e0 Perth)<\/p>\n<p>Argentine \u2013 Afrique du Sud (15 heures \u00e0 Twickenham)<\/p>\n","protected":false},"excerpt":{"rendered":"Le tournoi des sudistes reprend ce samedi. Les Sud-Africains essaieront de garder leur troph\u00e9e, m\u00eame si cette ann\u00e9e,&hellip;\n","protected":false},"author":2,"featured_media":321250,"comment_status":"","ping_status":"","sticky":false,"template":"","format":"standard","meta":{"footnotes":""},"categories":[1416],"tags":[1011,27,479,1468,60],"class_list":{"0":"post-321249","1":"post","2":"type-post","3":"status-publish","4":"format-standard","5":"has-post-thumbnail","7":"category-rugby","8":"tag-fr","9":"tag-france","10":"tag-rugby","11":"tag-rugby-football","12":"tag-sports"},"share_on_mastodon":{"url":"https:\/\/pubeurope.com\/@fr\/115034015922718129","error":""},"_links":{"self":[{"href":"https:\/\/www.europesays.com\/fr\/wp-json\/wp\/v2\/posts\/321249","targetHints":{"allow":["GET"]}}],"collection":[{"href":"https:\/\/www.europesays.com\/fr\/wp-json\/wp\/v2\/posts"}],"about":[{"href":"https:\/\/www.europesays.com\/fr\/wp-json\/wp\/v2\/types\/post"}],"author":[{"embeddable":true,"href":"https:\/\/www.europesays.com\/fr\/wp-json\/wp\/v2\/users\/2"}],"replies":[{"embeddable":true,"href":"https:\/\/www.europesays.com\/fr\/wp-json\/wp\/v2\/comments?post=321249"}],"version-history":[{"count":0,"href":"https:\/\/www.europesays.com\/fr\/wp-json\/wp\/v2\/posts\/321249\/revisions"}],"wp:featuredmedia":[{"embeddable":true,"href":"https:\/\/www.europesays.com\/fr\/wp-json\/wp\/v2\/media\/321250"}],"wp:attachment":[{"href":"https:\/\/www.europesays.com\/fr\/wp-json\/wp\/v2\/media?parent=321249"}],"wp:term":[{"taxonomy":"category","embeddable":true,"href":"https:\/\/www.europesays.com\/fr\/wp-json\/wp\/v2\/categories?post=321249"},{"taxonomy":"post_tag","embeddable":true,"href":"https:\/\/www.europesays.com\/fr\/wp-json\/wp\/v2\/tags?post=321249"}],"curies":[{"name":"wp","href":"https:\/\/api.w.org\/{rel}","templated":true}]}}