{"id":321252,"date":"2025-08-15T17:44:09","date_gmt":"2025-08-15T17:44:09","guid":{"rendered":"https:\/\/www.europesays.com\/fr\/321252\/"},"modified":"2025-08-15T17:44:09","modified_gmt":"2025-08-15T17:44:09","slug":"motoe-ferrari-brille-en-qualifications","status":"publish","type":"post","link":"https:\/\/www.europesays.com\/fr\/321252\/","title":{"rendered":"MotoE\u2122\u00a0: Ferrari brille en qualifications\u00a0!"},"content":{"rendered":"<p>Le MotoE\u2122 est de retour ce week-end au Red Bull Ring ! Au bout du suspense, Matteo Ferrari (Felo Gresini MotoE\u2122) est all\u00e9 d\u00e9crocher sa premi\u00e8re pole position de la saison au Grand Prix BWIN d&rsquo;Autriche. D\u00e9couvre ci-dessous tout ce qu&rsquo;il s&rsquo;est pass\u00e9 !<\/p>\n<p>\n                                Eric Granado, LCR E-Team, BWIN Grand Prix of Austria\n                        <\/p>\n<p>\n                                Mattia Casadei, LCR E-Team, BWIN Grand Prix of Austria\n                        <\/p>\n<p>\n                                Eric Granado, LCR E-Team, BWIN Grand Prix of Austria\n                        <\/p>\n<p>\n                                Matteo Ferrari, Felo Gresini MotoE\u2122, BWIN Grand Prix of Austria\n                        <\/p>\n<p>\n                                Eric Granado, LCR E-Team, BWIN Grand Prix of Austria\n                        <\/p>\n<p>\n                                Matteo Ferrari, Felo Gresini MotoE\u2122, BWIN Grand Prix of Austria\n                        <\/p>\n<p>\n                                Mattia Casadei, Eric Granado, BWIN Grand Prix of Austria\n                        <\/p>\n<p>\n                                Matteo Ferrari, Felo Gresini MotoE\u2122, BWIN Grand Prix of Austria\n                        <\/p>\n<p>\n                                Mattia Casadei, Eric Granado, LCR E-Team, BWIN Grand Prix of Austria\n                        <\/p>\n<p>\n                                Mattia Casadei, LCR E-Team, BWIN Grand Prix of Austria\n                        <\/p>\n<p>\n                                Mattia Casadei, LCR E-Team, BWIN Grand Prix of Austria\n                        <\/p>\n","protected":false},"excerpt":{"rendered":"Le MotoE\u2122 est de retour ce week-end au Red Bull Ring ! Au bout du suspense, Matteo Ferrari&hellip;\n","protected":false},"author":2,"featured_media":321253,"comment_status":"","ping_status":"","sticky":false,"template":"","format":"standard","meta":{"footnotes":""},"categories":[1413],"tags":[1011,27,1457,1456,60,2032],"class_list":{"0":"post-321252","1":"post","2":"type-post","3":"status-publish","4":"format-standard","5":"has-post-thumbnail","7":"category-moto","8":"tag-fr","9":"tag-france","10":"tag-moto","11":"tag-motocycle","12":"tag-sports","13":"tag-text"},"share_on_mastodon":{"url":"https:\/\/pubeurope.com\/@fr\/115034027731138207","error":""},"_links":{"self":[{"href":"https:\/\/www.europesays.com\/fr\/wp-json\/wp\/v2\/posts\/321252","targetHints":{"allow":["GET"]}}],"collection":[{"href":"https:\/\/www.europesays.com\/fr\/wp-json\/wp\/v2\/posts"}],"about":[{"href":"https:\/\/www.europesays.com\/fr\/wp-json\/wp\/v2\/types\/post"}],"author":[{"embeddable":true,"href":"https:\/\/www.europesays.com\/fr\/wp-json\/wp\/v2\/users\/2"}],"replies":[{"embeddable":true,"href":"https:\/\/www.europesays.com\/fr\/wp-json\/wp\/v2\/comments?post=321252"}],"version-history":[{"count":0,"href":"https:\/\/www.europesays.com\/fr\/wp-json\/wp\/v2\/posts\/321252\/revisions"}],"wp:featuredmedia":[{"embeddable":true,"href":"https:\/\/www.europesays.com\/fr\/wp-json\/wp\/v2\/media\/321253"}],"wp:attachment":[{"href":"https:\/\/www.europesays.com\/fr\/wp-json\/wp\/v2\/media?parent=321252"}],"wp:term":[{"taxonomy":"category","embeddable":true,"href":"https:\/\/www.europesays.com\/fr\/wp-json\/wp\/v2\/categories?post=321252"},{"taxonomy":"post_tag","embeddable":true,"href":"https:\/\/www.europesays.com\/fr\/wp-json\/wp\/v2\/tags?post=321252"}],"curies":[{"name":"wp","href":"https:\/\/api.w.org\/{rel}","templated":true}]}}