{"id":321256,"date":"2025-08-15T17:46:14","date_gmt":"2025-08-15T17:46:14","guid":{"rendered":"https:\/\/www.europesays.com\/fr\/321256\/"},"modified":"2025-08-15T17:46:14","modified_gmt":"2025-08-15T17:46:14","slug":"la-famille-de-marion-rousse-et-julian-alaphilippe-sest-agrandie-avec-elliot-le-couple-profite-de-lapres-tour-de-france-en-famille","status":"publish","type":"post","link":"https:\/\/www.europesays.com\/fr\/321256\/","title":{"rendered":"La famille de Marion Rousse et Julian Alaphilippe s&rsquo;est agrandie avec Elliot, le couple profite de l&rsquo;apr\u00e8s Tour de France en famille"},"content":{"rendered":"<p>            <img loading=\"lazy\" decoding=\"async\" src=\"https:\/\/www.europesays.com\/fr\/wp-content\/uploads\/2025\/04\/4-656d937be89b8-35x35-1.jpg\" class=\"author-article-picture\" width=\"35\" height=\"35\"\/><\/p>\n<p>                Par<br \/>\n                                    <a class=\"author-article-bio-link\" href=\"https:\/\/www.purepeople.com\/auteur\/olivia-maunoury_a4\" rel=\"nofollow noopener\" target=\"_blank\">Olivia Maunoury<\/a><br \/>\n                                                    | R\u00e9dactrice en chef<\/p>\n<p>\n                Apr\u00e8s des \u00e9tudes de sciences politiques et une \u00e9cole de journalisme, le people s&rsquo;est invit\u00e9 dans son quotidien. Comment, pourquoi ? Elle ne le sait toujours pas vraiment&#8230; Mais une chose est s\u00fbre, suivre les p\u00e9rip\u00e9ties des stars est l&rsquo;assurance de ne jamais s&rsquo;ennuyer. Et on ne s\u2019ennuie jamais chez Purepeople !\n            <\/p>\n<p>\n    Tr\u00e8s occup\u00e9s en juillet avec le Tour de France, Marion Rousse et son compagnon Julian Alaphilippe profitent pleinement de leurs vacances. Le couple s&rsquo;offre des moments de d\u00e9tente avec leur fils Nino mais \u00e9galement l&rsquo;adorable petit Elliot qui a r\u00e9cemment rejoint la famille.\n<\/p>\n<p>                            <img loading=\"lazy\" decoding=\"async\" class=\"player-thumbnail\" src=\"https:\/\/www.europesays.com\/fr\/wp-content\/uploads\/2025\/08\/de6381f5218b57a9-580x326-1.jpg\" width=\"580\" height=\"326\"\/><\/p>\n<p>                    La famille de Marion Rousse et Julian Alaphilippe s&rsquo;est agrandie avec Elliot, le couple profite de l&rsquo;apr\u00e8s Tour de France en famille<\/p>\n<p>La suite apr\u00e8s la publicit\u00e9<\/p>\n<p>Le mois de juillet n&rsquo;est jamais reposant pour <a href=\"https:\/\/www.purepeople.com\/people\/marion-rousse_p552751\" rel=\"nofollow noopener\" target=\"_blank\">Marion Rousse<\/a> et Julian Alaphilippe. Comme tous les ans depuis quelques ann\u00e9es, le couple \u00e9tait sur les routes de l&rsquo;Hexagone pour le Tour de France. Lui sur le v\u00e9lo, elle aux commentaires pour France T\u00e9l\u00e9visions. Et \u00e7a, ce n&rsquo;\u00e9tait pas que pour la version masculine de la grande boucle. Directrice du Tour de France femmes, Marion Rousse a ensuite encha\u00een\u00e9 avec cette \u00e9preuve qui s&rsquo;est d\u00e9roul\u00e9e sur neuf jours et qui <a href=\"https:\/\/www.purepeople.com\/article\/apres-son-sacre-sur-le-tour-de-france-pauline-ferrand-prevot-savoure-sa-victoire-aux-cotes-de-son-compagnon-lui-aussi-cycliste-professionnel_a541113\/1\" rel=\"nofollow noopener\" target=\"_blank\">a \u00e9t\u00e9 remport\u00e9e cette ann\u00e9e par la Fran\u00e7aise Pauline Ferrand Prevot<\/a>. Une victoire que Marion Rousse a v\u00e9cue avec beaucoup d&rsquo;\u00e9motion. Retour maintenant au calme et \u00e0 la vie normale pour l&rsquo;ancienne cycliste professionnelle de 33 ans !\u00a0<\/p>\n<p>Ce vendredi 15 ao\u00fbt 2025, Marion Rousse a partag\u00e9 plusieurs photos dans sa story Instagram la montrant aupr\u00e8s de son compagnon et de leur fils Nino qui a f\u00eat\u00e9 ses 4 ans en juin dernier.<strong> Au programme du jour : randonn\u00e9e en for\u00eat et en famille et photos pour immortaliser cette sortie<\/strong>. Et c&rsquo;est \u00e0 1800m d&rsquo;altitude qu&rsquo;ils sont all\u00e9s marcher. Marion Rousse ne pr\u00e9cise pas si cette randonn\u00e9e s&rsquo;est d\u00e9roul\u00e9e dans les montagnes d&rsquo;<a href=\"https:\/\/www.purepeople.com\/article\/marion-rousse-nhabite-pas-en-france-sa-vie-paisible-avec-julian-alaphilippe-et-leur-fils-nino-dans-une-ville-a-1300-metres-daltitude_a539919\/1\" rel=\"nofollow noopener\" target=\"_blank\">Andorre o\u00f9 ils habitent<\/a> mais une chose est sure, Nino a bien profit\u00e9 avec ses parents. Habill\u00e9 d&rsquo;un tee-shirt d\u00e9cor\u00e9 de dinosaures, l&rsquo;adorable petite t\u00eate blonde s&rsquo;est r\u00e9gal\u00e9e avec ses parents au grand air.\u00a0<\/p>\n<p>Et depuis quelques jours, Nino n&rsquo;est plus le plus jeune membre de la famille. Cette semaine, sa maman a fait savoir aux 407 000 personnes qui la suivent sur Instagram que <a href=\"https:\/\/www.purepeople.com\/article\/apres-le-tour-de-france-marion-rousse-et-julian-alaphilippe-agrandissent-la-famille-presentation-du-nouveau-membre-aux-yeux-bleus_a541403\/1\" rel=\"nofollow noopener\" target=\"_blank\">la famille s&rsquo;est agrandie : Elliot, un adorable chiot aux magnifiques yeux bleus s&rsquo;est ajout\u00e9 \u00e0 leur heureux foyer<\/a>. Marion Rousse a partag\u00e9 une nouvelle photo de ce nouveau b\u00e9b\u00e9 hier sur Instagram.<\/p>\n<p>Quelle \u00e9ducation Marion Rousse donne-t-elle \u00e0 son fils Nino ?\u00a0<\/p>\n<p>\u00a0<\/p>\n<p>Bien que tr\u00e8s occup\u00e9e par ses activit\u00e9s professionnelles, <a href=\"https:\/\/www.purepeople.com\/article\/ma-priorite-avec-nino-cest-marion-rousse-se-confie-sur-leducation-de-son-fils-quelle-a-eu-avec-julian-alaphilippe_a533782\/1\" rel=\"nofollow noopener\" target=\"_blank\">Nino reste la plus grande priorit\u00e9 de Marion Rousse<\/a>. En janvier dernier, elle s&rsquo;\u00e9tait confi\u00e9e \u00e0 ce sujet aupr\u00e8s de T\u00e9l\u00e9 Star. \u00ab\u00a0<strong>Ma priorit\u00e9 avec Nino, c&rsquo;est qu&rsquo;il ait une enfance comme les autres, qu&rsquo;il puisse aller voir papa ou maman sur les courses de v\u00e9los ou assister au passage de la caravane du Tour [de France] s&rsquo;il en a envie<\/strong>. J&rsquo;ai de trop bons souvenirs, petit, d&rsquo;avoir chass\u00e9 les goodies pour emp\u00eacher mon fils de le faire. Pour l&rsquo;instant, c&rsquo;est assez simple. Plus tard, on fera en fonction de ses besoins\u00a0\u00bb, avait-elle d\u00e9clar\u00e9.\u00a0<\/p>\n<p>Nino a pu profiter du dernier Tour de France, pr\u00e9sent pour soutenir autant son papa que sa maman.<\/p>\n<p>De quoi se cr\u00e9\u00e9r des souvenirs en famille pour la vie !\u00a0<\/p>\n","protected":false},"excerpt":{"rendered":"Par Olivia Maunoury | R\u00e9dactrice en chef Apr\u00e8s des \u00e9tudes de sciences politiques et une \u00e9cole de journalisme,&hellip;\n","protected":false},"author":2,"featured_media":321257,"comment_status":"","ping_status":"","sticky":false,"template":"","format":"standard","meta":{"footnotes":""},"categories":[1411],"tags":[1154,207,1011,27,60],"class_list":{"0":"post-321256","1":"post","2":"type-post","3":"status-publish","4":"format-standard","5":"has-post-thumbnail","7":"category-cyclisme","8":"tag-cycling","9":"tag-cyclisme","10":"tag-fr","11":"tag-france","12":"tag-sports"},"share_on_mastodon":{"url":"https:\/\/pubeurope.com\/@fr\/115034035760730635","error":""},"_links":{"self":[{"href":"https:\/\/www.europesays.com\/fr\/wp-json\/wp\/v2\/posts\/321256","targetHints":{"allow":["GET"]}}],"collection":[{"href":"https:\/\/www.europesays.com\/fr\/wp-json\/wp\/v2\/posts"}],"about":[{"href":"https:\/\/www.europesays.com\/fr\/wp-json\/wp\/v2\/types\/post"}],"author":[{"embeddable":true,"href":"https:\/\/www.europesays.com\/fr\/wp-json\/wp\/v2\/users\/2"}],"replies":[{"embeddable":true,"href":"https:\/\/www.europesays.com\/fr\/wp-json\/wp\/v2\/comments?post=321256"}],"version-history":[{"count":0,"href":"https:\/\/www.europesays.com\/fr\/wp-json\/wp\/v2\/posts\/321256\/revisions"}],"wp:featuredmedia":[{"embeddable":true,"href":"https:\/\/www.europesays.com\/fr\/wp-json\/wp\/v2\/media\/321257"}],"wp:attachment":[{"href":"https:\/\/www.europesays.com\/fr\/wp-json\/wp\/v2\/media?parent=321256"}],"wp:term":[{"taxonomy":"category","embeddable":true,"href":"https:\/\/www.europesays.com\/fr\/wp-json\/wp\/v2\/categories?post=321256"},{"taxonomy":"post_tag","embeddable":true,"href":"https:\/\/www.europesays.com\/fr\/wp-json\/wp\/v2\/tags?post=321256"}],"curies":[{"name":"wp","href":"https:\/\/api.w.org\/{rel}","templated":true}]}}