{"id":321260,"date":"2025-08-15T17:48:11","date_gmt":"2025-08-15T17:48:11","guid":{"rendered":"https:\/\/www.europesays.com\/fr\/321260\/"},"modified":"2025-08-15T17:48:11","modified_gmt":"2025-08-15T17:48:11","slug":"pascal-praud-epingle-au-coeur-de-lete-une-sequence-dans","status":"publish","type":"post","link":"https:\/\/www.europesays.com\/fr\/321260\/","title":{"rendered":"Pascal Praud \u00e9pingl\u00e9 au coeur de l\u2019\u00e9t\u00e9, une s\u00e9quence dans &#8230;"},"content":{"rendered":"<p>EN BREF<\/p>\n<ul class=\"bloc_resume_post_list\">\n<li>Le 6 janvier, Pascal Praud a comment\u00e9 le proc\u00e8s de<br \/>\nNicolas Sarkozy sur CNews, critiquant la justice<br \/>\nfran\u00e7aise.<\/li>\n<li>L\u00a0\u00bbArcom a r\u00e9primand\u00e9 CNews pour manque de mesure et<br \/>\nrigueur dans le traitement des proc\u00e9dures judiciaires.<\/li>\n<li>CNews a re\u00e7u un rappel \u00e0 l&rsquo;ordre pour am\u00e9liorer la<br \/>\nma\u00eetrise de l&rsquo;antenne et respecter les obligations<br \/>\nl\u00e9gales.<\/li>\n<\/ul>\n<p>Le gendarme de l\u2019audiovisuel veille au grain. L\u2019autorit\u00e9 de<br \/>\nr\u00e9gulation de la communication audiovisuelle et num\u00e9rique a remont\u00e9<br \/>\nles bretelles de <a href=\"https:\/\/www.telestar.fr\/actu_tv\/dans-quelle-folie-senfonce-cnews-cette-sequence-polemique-na-pas-echappe-a-jean-michel-aphatie-1734975\" target=\"_blank\" rel=\"noopener\"><br \/>\nCNews<\/a> suite \u00e0 une s\u00e9quence survenue dans l\u2019\u00e9mission L\u2019heure des<br \/>\npros le 6 janvier dernier. Ce jour-l\u00e0, <a href=\"https:\/\/www.telestar.fr\/actu_tv\/cnews-pascal-praud-perd-deux-fideles-lieutenants-qui-voguent-vers-une-destination-mystere-1733828\" target=\"_blank\" rel=\"noopener\"><br \/>\nPascal Praud<\/a> s\u2019\u00e9tait exprim\u00e9 sur le proc\u00e8s alors en cours de<br \/>\n<a href=\"https:\/\/www.telestar.fr\/actu-tv\/mohamedbouhafsi-nicolas-sarkozy-a-ete-le-plus-racaille-de-nos-chefs-d-etat-794997\" target=\"_blank\" rel=\"noopener\"><br \/>\nNicolas Sarkozy<\/a> concernant le pr\u00e9sum\u00e9 \u201cfinancement libyen\u201d de<br \/>\nsa campagne pr\u00e9sidentielle en 2007. Le journaliste avait mis en<br \/>\ndoute les accusations \u00e0 l\u2019encontre de l\u2019ancien pr\u00e9sident, tout en<br \/>\n\u00e9voquant \u201c<strong>l\u2019acharnement de la justice<br \/>\nfran\u00e7aise<\/strong>\u201d.\u00a0<\/p>\n<p>Pascal Praud d\u00e9rape, l\u2019Arcom contre-attaque<\/p>\n<p>\u201cQue penser d\u2019un proc\u00e8s o\u00f9 <strong>les preuves<br \/>\nmanquent<\/strong> ? Que penser d\u2019une accusation qui, jusqu\u2019\u00e0 ce<br \/>\njour, n\u2019a pas apport\u00e9 des \u00e9l\u00e9ments tangibles pour une condamnation<br \/>\net s\u2019appuie sur les d\u00e9clarations changeantes d\u2019un homme qui refuse<br \/>\nde compara\u00eetre devant la justice fran\u00e7aise, monsieur Takieddine<br \/>\n?\u201d, s\u2019\u00e9tait exclam\u00e9 Pascal Praud. \u201cC\u2019est tout l\u2019enjeu d\u2019un<br \/>\nproc\u00e8s qui montre l\u2019ent\u00eatement, pour ne pas dire l\u2019acharnement de<br \/>\nla justice fran\u00e7aise \u00e0 d\u00e9signer Nicolas Sarkozy comme un coupable<br \/>\ndans de nombreuses affaires\u201d.<\/p>\n<p>Une s\u00e9quence \u00e0 laquelle n\u2019a que peu go\u00fbt\u00e9 l\u2019<a href=\"https:\/\/www.telestar.fr\/actu_tv\/cnews-en-pleine-polemique-larcom-sattaque-a-une-sequence-fake-news-sur-un-sujet-brulant-1733128\" target=\"_blank\" rel=\"noopener\">Arcom<\/a>,<br \/>\nqui estime que \u201cles propos tenus en plateau, d\u00e9nu\u00e9s de nuance \u00e0<br \/>\nl\u2019\u00e9gard du proc\u00e8s alors en cours, ne satisfaisaient pas aux<br \/>\nexigences de mesure, de rigueur et d\u2019honn\u00eatet\u00e9 dans <strong>le<br \/>\ntraitement des proc\u00e9dures judiciaires<\/strong>, en m\u00e9connaissance<br \/>\ndes dispositions de l\u2019article 3 de la d\u00e9lib\u00e9ration du 18 avril<br \/>\n2018\u201d.<\/p>\n<p>L\u2019Arcom intervient, simple rappel \u00e0<br \/>\nl\u2019ordre pour CNews<\/p>\n<p>Par ailleurs, le gendarme de l\u2019audiovisuel d\u00e9plore<br \/>\n\u201cqu\u2019aucune des personnes pr\u00e9sentes en plateau n\u2019ait<br \/>\n<strong>mod\u00e9r\u00e9 ou mis en perspective<\/strong> ces<br \/>\nd\u00e9clarations\u201d. Pour le gendarme de l\u2019audiovisuel, il s\u2019agit<br \/>\nd\u2019un \u201cd\u00e9faut de ma\u00eetrise de l\u2019antenne constitutif d\u2019un<br \/>\nmanquement aux stipulations de l\u2019article 2-2-1 de la convention de<br \/>\nla cha\u00eene\u201d. CNews s\u2019en sort avec un simple rappel \u00e0 l\u2019ordre, \u00e0<br \/>\nsavoir faire preuve d\u2019une \u201cvigilance accrue quant au respect de<br \/>\nces obligations\u201d.\u00a0<\/p>\n","protected":false},"excerpt":{"rendered":"EN BREF Le 6 janvier, Pascal Praud a comment\u00e9 le proc\u00e8s de Nicolas Sarkozy sur CNews, critiquant la&hellip;\n","protected":false},"author":2,"featured_media":321261,"comment_status":"","ping_status":"","sticky":false,"template":"","format":"standard","meta":{"footnotes":""},"categories":[1359],"tags":[548,9722,58,59,1011,27,10160,973],"class_list":{"0":"post-321260","1":"post","2":"type-post","3":"status-publish","4":"format-standard","5":"has-post-thumbnail","7":"category-people","8":"tag-article-simple","9":"tag-cnews","10":"tag-divertissement","11":"tag-entertainment","12":"tag-fr","13":"tag-france","14":"tag-pascal-praud","15":"tag-people"},"share_on_mastodon":{"url":"https:\/\/pubeurope.com\/@fr\/115034043496184595","error":""},"_links":{"self":[{"href":"https:\/\/www.europesays.com\/fr\/wp-json\/wp\/v2\/posts\/321260","targetHints":{"allow":["GET"]}}],"collection":[{"href":"https:\/\/www.europesays.com\/fr\/wp-json\/wp\/v2\/posts"}],"about":[{"href":"https:\/\/www.europesays.com\/fr\/wp-json\/wp\/v2\/types\/post"}],"author":[{"embeddable":true,"href":"https:\/\/www.europesays.com\/fr\/wp-json\/wp\/v2\/users\/2"}],"replies":[{"embeddable":true,"href":"https:\/\/www.europesays.com\/fr\/wp-json\/wp\/v2\/comments?post=321260"}],"version-history":[{"count":0,"href":"https:\/\/www.europesays.com\/fr\/wp-json\/wp\/v2\/posts\/321260\/revisions"}],"wp:featuredmedia":[{"embeddable":true,"href":"https:\/\/www.europesays.com\/fr\/wp-json\/wp\/v2\/media\/321261"}],"wp:attachment":[{"href":"https:\/\/www.europesays.com\/fr\/wp-json\/wp\/v2\/media?parent=321260"}],"wp:term":[{"taxonomy":"category","embeddable":true,"href":"https:\/\/www.europesays.com\/fr\/wp-json\/wp\/v2\/categories?post=321260"},{"taxonomy":"post_tag","embeddable":true,"href":"https:\/\/www.europesays.com\/fr\/wp-json\/wp\/v2\/tags?post=321260"}],"curies":[{"name":"wp","href":"https:\/\/api.w.org\/{rel}","templated":true}]}}