{"id":321262,"date":"2025-08-15T17:49:12","date_gmt":"2025-08-15T17:49:12","guid":{"rendered":"https:\/\/www.europesays.com\/fr\/321262\/"},"modified":"2025-08-15T17:49:12","modified_gmt":"2025-08-15T17:49:12","slug":"kodak-la-lente-agonie-dun-mythe-de-la-photographie","status":"publish","type":"post","link":"https:\/\/www.europesays.com\/fr\/321262\/","title":{"rendered":"Kodak : la lente agonie d\u2019un mythe de la photographie"},"content":{"rendered":"<p>\u00c0 133 ans, Kodak se retrouve de nouveau au bord du gouffre. Le groupe am\u00e9ricain, pionnier de la pellicule argentique et jadis synonyme de photographie grand public, a officiellement reconnu avoir \u00ab des doutes importants quant \u00e0 sa capacit\u00e9 \u00e0 poursuivre ses activit\u00e9s \u00bb. L\u2019aveu, gliss\u00e9 dans un document d\u00e9pos\u00e9 aupr\u00e8s du gendarme boursier am\u00e9ricain (la SEC), a accompagn\u00e9 la publication de ses r\u00e9sultats du deuxi\u00e8me trimestre 2025. Il marque une \u00e9tape d\u00e9cisive dans la lente agonie d\u2019une entreprise qui fut l\u2019un des embl\u00e8mes de l\u2019industrie am\u00e9ricaine du XXe si\u00e8cle.<\/p>\n<p><strong>A LIRE AUSSI<\/strong><br \/><a href=\"https:\/\/lessentieldeleco.fr\/337-apple-lhistoire-dune-marque-qui-a-change-le-monde\/\" target=\"_blank\" rel=\"noopener\">Apple : l\u2019histoire d\u2019une marque qui a chang\u00e9 le monde<\/a><\/p>\n<p>La situation financi\u00e8re est critique. Au deuxi\u00e8me trimestre, Kodak a enregistr\u00e9 un chiffre d\u2019affaires de 263 millions de dollars, en l\u00e9ger recul par rapport aux 267 millions de la m\u00eame p\u00e9riode en 2024. Plus pr\u00e9occupant, le groupe affiche une perte nette de 26 millions de dollars, l\u00e0 o\u00f9 il r\u00e9alisait encore un b\u00e9n\u00e9fice de 26 millions un an plus t\u00f4t. <\/p>\n<p>La liquidation du plan retraite : ultime recours de Kodak<\/p>\n<p>Face \u00e0 cette d\u00e9gradation, Kodak s\u2019appr\u00eate \u00e0 jouer sa derni\u00e8re carte. Pour faire face \u00e0 une dette de 500 millions de dollars arrivant \u00e0 \u00e9ch\u00e9ance d\u2019ici un an, l\u2019entreprise mise sur la liquidation de son r\u00e9gime de retraite am\u00e9ricain, le Kodak Retirement Income Plan (CRIP). Cette op\u00e9ration, d\u00e9j\u00e0 engag\u00e9e, pourrait permettre de d\u00e9gager un montant \u00e9quivalent, de quoi couvrir une partie significative de ses engagements \u00e0 court terme et refinancer le reste. Mais cette solution extr\u00eame ne garantit en rien la stabilit\u00e9 de l\u2019entreprise au-del\u00e0 de l\u2019\u00e9ch\u00e9ance imm\u00e9diate.<\/p>\n<p>Dans le jargon comptable am\u00e9ricain, le terme \u00ab going concern \u00bb d\u00e9signe la capacit\u00e9 d\u2019une entreprise \u00e0 poursuivre son activit\u00e9 de mani\u00e8re viable. Le fait que Kodak ait d\u00fb int\u00e9grer cette mention dans ses documents financiers signale un doute substantiel, d\u00e9sormais reconnu officiellement, sur sa p\u00e9rennit\u00e9. Dans un contexte de tension sur les march\u00e9s et de fragilisation du secteur industriel, cette alerte n\u2019a pas manqu\u00e9 d\u2019inqui\u00e9ter les cr\u00e9anciers.<\/p>\n<p>Le discours du PDG Jim Continenza se veut n\u00e9anmoins rassurant. Il affirme que Kodak \u00ab continue de progresser selon [son] plan \u00e0 long terme malgr\u00e9 les d\u00e9fis d\u2019un environnement commercial incertain \u00bb. Le contraste entre cette d\u00e9claration et la r\u00e9alit\u00e9 des chiffres est saisissant. En comparaison avec la faillite retentissante de 2012, lorsque Kodak croulait sous 6,75 milliards de dollars de dettes et comptait plus de 100 000 cr\u00e9anciers, la situation actuelle para\u00eet moins spectaculaire. Mais elle n\u2019en est pas moins p\u00e9rilleuse : c\u2019est d\u00e9sormais l\u2019urgence de liquidit\u00e9s, et non le poids de la dette \u00e0 long terme, qui menace la survie de l\u2019entreprise.<\/p>\n<p><strong>A LIRE AUSSI<\/strong><br \/><a href=\"https:\/\/lessentieldeleco.fr\/2990-luxe-pourquoi-hermes-surclasse-tous-ses-concurrents\/\" target=\"_blank\" rel=\"noopener\">Luxe : pourquoi Herm\u00e8s surclasse tous ses concurrents<\/a><\/p>\n<p>Une diversification vers la pharmacie aux r\u00e9sultats d\u00e9cevants<\/p>\n<p>Un \u00e9l\u00e9ment de stabilit\u00e9 subsiste n\u00e9anmoins dans ce paysage assombri. Gr\u00e2ce \u00e0 une large part de sa production localis\u00e9e aux \u00c9tats-Unis, Kodak reste relativement prot\u00e9g\u00e9e des tensions commerciales internationales. \u00ab Les droits de douane n\u2019ont pas eu d\u2019impact significatif sur nos activit\u00e9s au deuxi\u00e8me trimestre \u00bb, pr\u00e9cise la soci\u00e9t\u00e9, qui fabrique sur le territoire am\u00e9ricain ses plaques d\u2019impression lithographiques, ses pellicules photographiques ou encore certains compos\u00e9s pharmaceutiques. Dans un contexte de relocalisation industrielle port\u00e9e par les politiques publiques, cet ancrage pourrait repr\u00e9senter un avantage comp\u00e9titif non n\u00e9gligeable.<\/p>\n<p>L\u2019un des paris les plus audacieux du groupe r\u00e9side d\u2019ailleurs dans cette derni\u00e8re activit\u00e9. Depuis 2020, Kodak tente de se r\u00e9inventer dans les produits pharmaceutiques. \u00c0 la faveur de la pand\u00e9mie de Covid-19, l\u2019entreprise avait \u00e9t\u00e9 sollicit\u00e9e par le gouvernement am\u00e9ricain pour produire des ingr\u00e9dients pharmaceutiques critiques. Ce repositionnement, alors per\u00e7u comme temporaire, s\u2019est depuis inscrit dans une strat\u00e9gie plus large.<\/p>\n<p>La division Advanced Materials &amp; Chemicals (AM&amp;C) porte d\u00e9sormais les espoirs de diversification. Kodak y a investi 20 millions de dollars en mai 2025 pour moderniser une usine \u00e0 Rochester, certifi\u00e9e FDA, destin\u00e9e \u00e0 produire notamment du s\u00e9rum physiologique pour laboratoires (PBS), et \u00e0 terme, des solutions injectables. Mais les r\u00e9sultats peinent \u00e0 suivre : l\u2019EBITDA de la division reste bloqu\u00e9 \u00e0 8 millions de dollars, p\u00e9nalis\u00e9 par la hausse des co\u00fbts de production, notamment ceux de l\u2019aluminium. L\u2019initiative, bien que strat\u00e9gique, ne suffit pas encore \u00e0 compenser l\u2019\u00e9rosion des m\u00e9tiers historiques.<\/p>\n<p>Photographie argentique : un march\u00e9 en croissance ignor\u00e9 par Kodak<\/p>\n<p>Plus paradoxal encore : au moment o\u00f9 la photographie argentique conna\u00eet un regain d\u2019int\u00e9r\u00eat mondial, Kodak ne parvient pas \u00e0 transformer cet engouement en v\u00e9ritable levier \u00e9conomique. Ces derni\u00e8res ann\u00e9es, la demande pour les pellicules a doubl\u00e9, port\u00e9e par une nouvelle g\u00e9n\u00e9ration de photographes amateurs et professionnels, ainsi que par des cin\u00e9astes de renom comme Christopher Nolan. Le march\u00e9 mondial des appareils argentiques est en pleine expansion et pourrait atteindre 427 millions de dollars d\u2019ici 2032.<\/p>\n<p>Consciente de cette opportunit\u00e9, Kodak a lanc\u00e9 fin 2024 un programme de modernisation de son usine de Rochester, n\u00e9cessitant un investissement de 49 millions de dollars. La production de pellicules avait m\u00eame \u00e9t\u00e9 temporairement suspendue en novembre 2024 pour mener \u00e0 bien cette transformation. Malgr\u00e9 ces efforts, l\u2019entreprise peine \u00e0 tirer pleinement profit de cette renaissance. Elle reste domin\u00e9e par des concurrents mieux arm\u00e9s, comme Fujifilm, Canon ou Sony, qui captent l\u2019essentiel du march\u00e9 de l\u2019imagerie, y compris dans le segment analogique.<\/p>\n<p>Cette incapacit\u00e9 \u00e0 tirer parti de ses propres atouts n\u2019est pas sans rappeler les errements strat\u00e9giques du pass\u00e9. Dans les ann\u00e9es 1970, Kodak dominait 90 % du march\u00e9 des pellicules et 85 % de celui des appareils photo aux \u00c9tats-Unis. Son avance technologique dans les supports sensibles en faisait un acteur quasi h\u00e9g\u00e9monique. Mais l\u2019entreprise avait rat\u00e9 le virage du num\u00e9rique, laissant la voie libre \u00e0 ses concurrents. En 2012, elle avait d\u00fb d\u00e9poser le bilan, avant de sortir de la faillite l\u2019ann\u00e9e suivante, gr\u00e2ce \u00e0 la cession de brevets \u00e0 Apple et Google pour 525 millions de dollars, et \u00e0 la reprise de certaines activit\u00e9s par le fonds de pension britannique KPP.<\/p>\n<p>Kodak, affaiblie, endett\u00e9e, en qu\u00eate de nouveaux d\u00e9bouch\u00e9s, se retrouve \u00e0 nouveau menac\u00e9e de disparition. Cette fois, le d\u00e9fi n\u2019est plus seulement technologique mais syst\u00e9mique : survivre dans un environnement boulevers\u00e9 par l\u2019intelligence artificielle, les mutations industrielles et les imp\u00e9ratifs de relocalisation.<\/p>\n<p>La liquidation du plan de retraite CRIP, cens\u00e9e lib\u00e9rer 500 millions de dollars d\u2019ici d\u00e9cembre 2025, repr\u00e9sente \u00e0 la fois une planche de salut et une limite absolue. Si ce pari \u00e9choue, l\u2019entreprise pourrait se retrouver sans ressources ni recours.<\/p>\n<p>Kodak, qui a immortalis\u00e9 des g\u00e9n\u00e9rations enti\u00e8res, pourrait bien ne pas survivre \u00e0 son propre si\u00e8cle. Le mythe est d\u00e9j\u00e0 vacillant. Il ne tient d\u00e9sormais plus qu\u2019\u00e0 un fil.<\/p>\n","protected":false},"excerpt":{"rendered":"\u00c0 133 ans, Kodak se retrouve de nouveau au bord du gouffre. Le groupe am\u00e9ricain, pionnier de la&hellip;\n","protected":false},"author":2,"featured_media":321263,"comment_status":"","ping_status":"","sticky":false,"template":"","format":"standard","meta":{"footnotes":""},"categories":[1358],"tags":[1348,1384,1385,1386,58,59,1011,27],"class_list":{"0":"post-321262","1":"post","2":"type-post","3":"status-publish","4":"format-standard","5":"has-post-thumbnail","7":"category-arts-et-design","8":"tag-arts","9":"tag-arts-and-design","10":"tag-arts-et-design","11":"tag-design","12":"tag-divertissement","13":"tag-entertainment","14":"tag-fr","15":"tag-france"},"share_on_mastodon":{"url":"https:\/\/pubeurope.com\/@fr\/115034047452340960","error":""},"_links":{"self":[{"href":"https:\/\/www.europesays.com\/fr\/wp-json\/wp\/v2\/posts\/321262","targetHints":{"allow":["GET"]}}],"collection":[{"href":"https:\/\/www.europesays.com\/fr\/wp-json\/wp\/v2\/posts"}],"about":[{"href":"https:\/\/www.europesays.com\/fr\/wp-json\/wp\/v2\/types\/post"}],"author":[{"embeddable":true,"href":"https:\/\/www.europesays.com\/fr\/wp-json\/wp\/v2\/users\/2"}],"replies":[{"embeddable":true,"href":"https:\/\/www.europesays.com\/fr\/wp-json\/wp\/v2\/comments?post=321262"}],"version-history":[{"count":0,"href":"https:\/\/www.europesays.com\/fr\/wp-json\/wp\/v2\/posts\/321262\/revisions"}],"wp:featuredmedia":[{"embeddable":true,"href":"https:\/\/www.europesays.com\/fr\/wp-json\/wp\/v2\/media\/321263"}],"wp:attachment":[{"href":"https:\/\/www.europesays.com\/fr\/wp-json\/wp\/v2\/media?parent=321262"}],"wp:term":[{"taxonomy":"category","embeddable":true,"href":"https:\/\/www.europesays.com\/fr\/wp-json\/wp\/v2\/categories?post=321262"},{"taxonomy":"post_tag","embeddable":true,"href":"https:\/\/www.europesays.com\/fr\/wp-json\/wp\/v2\/tags?post=321262"}],"curies":[{"name":"wp","href":"https:\/\/api.w.org\/{rel}","templated":true}]}}