{"id":321264,"date":"2025-08-15T17:50:37","date_gmt":"2025-08-15T17:50:37","guid":{"rendered":"https:\/\/www.europesays.com\/fr\/321264\/"},"modified":"2025-08-15T17:50:37","modified_gmt":"2025-08-15T17:50:37","slug":"lyna-berry-et-cyndra-ohara-en-dedicace-a-la-fnac-morlaix","status":"publish","type":"post","link":"https:\/\/www.europesays.com\/fr\/321264\/","title":{"rendered":"Lyna Berry et Cyndra O&rsquo;Hara en d\u00e9dicace \u00e0 la Fnac Morlaix !"},"content":{"rendered":"<p>La Fnac Morlaix a le plaisir de recevoir Lyna Berry et Cyndra O\u2019Hara pour une s\u00e9ance de d\u00e9dicace autour de leurs livres \u00ab The Black Curse \u00bb et \u00ab V\u00e9n\u00e9neuse tome 2 \u00bb, suivie d\u2019un atelier d\u2019\u00e9criture (sur inscription) sur le th\u00e8me de la romance.<\/p>\n<ul>\n<li><strong>D\u00e9dicace gratuite<\/strong> et en libre acc\u00e8s*, dans la limite des places disponibles<\/li>\n<li><strong><strong>Atelier d\u2019\u00e9criture<\/strong><strong>\u00a0<\/strong><strong><a href=\"https:\/\/docs.google.com\/forms\/d\/e\/1FAIpQLSfN0eNUlLkiWK4_vNJikWPBkB3fPDbZqSf8EDvT0r5LIlx5Mg\/viewform?usp=header\" target=\"_blank\" rel=\"noopener\">sur inscription<\/a>\u00a0<\/strong><\/strong>(plus d\u2019infos ci-dessous)<\/li>\n<\/ul>\n<p><strong>Lyna Berry<\/strong> est une autrice passionn\u00e9e de romance, de romantasy et d\u2019histoires teint\u00e9es d\u2019une touche historique. Anim\u00e9e par la magie des rencontres et le frisson des premiers \u00e9mois, elle cr\u00e9e des univers o\u00f9 les c\u0153urs se cherchent, se d\u00e9fient et se trouvent au fil d\u2019intrigues captivantes.<\/p>\n<p>Chaque roman qu\u2019elle \u00e9crit est une invitation \u00e0 voyager \u00e0 travers le temps et les \u00e9motions, qu\u2019il s\u2019agisse d\u2019un amour envo\u00fbtant dans un monde imaginaire, d\u2019une passion interdite dans un cadre historique ou d\u2019une romance contemporaine empreinte d\u2019intensit\u00e9.<\/p>\n<p>Si vous aimez les histoires o\u00f9 l\u2019amour est le v\u00e9ritable h\u00e9ros, laissez-vous emporter par les r\u00e9cits de Lyna Berry.<\/p>\n<p><strong>The Black Curse <\/strong>(Dark Romantasy Soft)<\/p>\n<p>Rosalyne pensait sa vie toute trac\u00e9e depuis qu\u2019elle avait \u00e9t\u00e9 offerte au duc lors de l\u2019assassinat de ses parents. Une vie longue et soumise \u00e0 ses moindres fureurs. Cependant, une nuit, un \u00e9quipage de pirates envahit le port de Pretya \u00e0 Bretalynna et pille chacune des demeures, y compris celle du duc.<\/p>\n<p>Apr\u00e8s avoir tent\u00e9 de leur \u00e9chapper, Rosalyne se retrouve captive du capitaine sur le navire. Un capitaine dont les yeux lui font froid polaire dans le dos et qui n\u2019a pas l\u2019intention de la laisser filer. Mais pourquoi ? Qu\u2019est-ce qui l\u2019obs\u00e8de chez elle ? Elle n\u2019est qu\u2019une humaine alors qu\u2019il est un elfe d\u2019un si\u00e8cle de plus qu\u2019elle.<\/p>\n<p>R\u00e9quisitionn\u00e9 sur ordre du roi des Rois, Varykh, Khykan doit trouver une rose perdue, une rose unique dont un p\u00e9tale aurait le pouvoir de transformer un humain en elfe. Et il la veut, afin que sa reine ne perde pas la vie avec le temps. Qui \u00e9tait ce capitaine Trikyan, le plus craint des pirates de son \u00e9poque ? Pourquoi a-t-il cach\u00e9 cette rose ? Existe-t-elle vraiment ? Pourquoi le capitaine ne cesse de confronter Rosalyne chaque jour d\u2019une mani\u00e8re ou d\u2019une autre ? Rosalyne obtiendra-t-elle de nouveau sa libert\u00e9 ?<\/p>\n<p><strong>Cyndra O\u2019Hara<\/strong> est une autrice de romance originaire de Bretagne. D\u00e8s son plus \u00e2ge, elle baigne dans le monde des livres. Amoureuse des mots et de la litt\u00e9rature sous toutes ses formes, c\u2019est naturellement qu\u2019elle couche sur papier ses premi\u00e8res id\u00e9es \u00e0 l\u2019\u00e2ge de treize ans. \u00c0 vingt-cinq ans, elle commence l\u2019\u00e9criture de son premier roman,\u00a0V\u00e9n\u00e9neuse,\u00a0une romance abordant des sujets de soci\u00e9t\u00e9. \u00c9crire devient alors sa catharsis, sa tour d\u2019ivoire dans laquelle elle retrouve ses personnages, un moyen de s\u2019\u00e9vader, une porte laiss\u00e9e ouverte pour nouer un lien avec ses futur.e.s lecteur.ice.s.<\/p>\n<p>Du mat\u00e9riel sera mis \u00e0 votre disposition, mais n\u2019h\u00e9sitez pas \u00e0 emmener votre carnet d\u2019\u00e9criture pr\u00e9f\u00e9r\u00e9 !<\/p>\n<p>*D\u00e9dicace gratuite et en libre acc\u00e8s, atelier sur inscription (dans la limite des places disposnibles).<\/p>\n<p>        <img decoding=\"async\" src=\"https:\/\/www.europesays.com\/fr\/wp-content\/uploads\/2025\/04\/logo-rse.png\" alt=\"Logo RSE\" loading=\"lazy\" width=\"84\" height=\"116\"\/><\/p>\n<p>\n        La Fnac s\u2019engage activement dans les initiatives de responsabilit\u00e9 soci\u00e9tale des entreprises (RSE).\n    <\/p>\n<p>\n        Aidez-nous en choisissant la mobilit\u00e9 douce en privil\u00e9giant par exemple le v\u00e9lo (pistes cyclables et stationnements \u00e0 disposition), les transports en commun ou le covoiturage pour nous rejoindre. Ainsi, vous contribuez \u00e0 r\u00e9duire les \u00e9missions de gaz \u00e0 effet de serre et \u00e0 am\u00e9liorer notre qualit\u00e9 de l\u2019air. Pour plus d\u2019information, consultez la fiche du magasin.<br \/>Tous nos \u00e9v\u00e8nements sont en acc\u00e8s gratuit, dans la limite des places disponibles.\n    <\/p>\n","protected":false},"excerpt":{"rendered":"La Fnac Morlaix a le plaisir de recevoir Lyna Berry et Cyndra O\u2019Hara pour une s\u00e9ance de d\u00e9dicace&hellip;\n","protected":false},"author":2,"featured_media":321265,"comment_status":"","ping_status":"","sticky":false,"template":"","format":"standard","meta":{"footnotes":""},"categories":[1357],"tags":[4396,1379,21073,58,59,45915,45487,1011,27,326,1351,1380,19666,32118],"class_list":{"0":"post-321264","1":"post","2":"type-post","3":"status-publish","4":"format-standard","5":"has-post-thumbnail","7":"category-livres","8":"tag-atelier","9":"tag-books","10":"tag-dedicace","11":"tag-divertissement","12":"tag-entertainment","13":"tag-evenement-fnac","14":"tag-evenement-gratuit","15":"tag-fr","16":"tag-france","17":"tag-gratuit","18":"tag-litterature","19":"tag-livres","20":"tag-romance","21":"tag-romantasy"},"share_on_mastodon":{"url":"https:\/\/pubeurope.com\/@fr\/115034051846138156","error":""},"_links":{"self":[{"href":"https:\/\/www.europesays.com\/fr\/wp-json\/wp\/v2\/posts\/321264","targetHints":{"allow":["GET"]}}],"collection":[{"href":"https:\/\/www.europesays.com\/fr\/wp-json\/wp\/v2\/posts"}],"about":[{"href":"https:\/\/www.europesays.com\/fr\/wp-json\/wp\/v2\/types\/post"}],"author":[{"embeddable":true,"href":"https:\/\/www.europesays.com\/fr\/wp-json\/wp\/v2\/users\/2"}],"replies":[{"embeddable":true,"href":"https:\/\/www.europesays.com\/fr\/wp-json\/wp\/v2\/comments?post=321264"}],"version-history":[{"count":0,"href":"https:\/\/www.europesays.com\/fr\/wp-json\/wp\/v2\/posts\/321264\/revisions"}],"wp:featuredmedia":[{"embeddable":true,"href":"https:\/\/www.europesays.com\/fr\/wp-json\/wp\/v2\/media\/321265"}],"wp:attachment":[{"href":"https:\/\/www.europesays.com\/fr\/wp-json\/wp\/v2\/media?parent=321264"}],"wp:term":[{"taxonomy":"category","embeddable":true,"href":"https:\/\/www.europesays.com\/fr\/wp-json\/wp\/v2\/categories?post=321264"},{"taxonomy":"post_tag","embeddable":true,"href":"https:\/\/www.europesays.com\/fr\/wp-json\/wp\/v2\/tags?post=321264"}],"curies":[{"name":"wp","href":"https:\/\/api.w.org\/{rel}","templated":true}]}}