{"id":321268,"date":"2025-08-15T17:52:13","date_gmt":"2025-08-15T17:52:13","guid":{"rendered":"https:\/\/www.europesays.com\/fr\/321268\/"},"modified":"2025-08-15T17:52:13","modified_gmt":"2025-08-15T17:52:13","slug":"que-fait-il-de-sa-retraite-il-se-confie-sur-sa-vie-actuelle-avec-luana","status":"publish","type":"post","link":"https:\/\/www.europesays.com\/fr\/321268\/","title":{"rendered":"que fait-il de sa retraite\u00a0? Il se confie sur sa vie actuelle avec Luana"},"content":{"rendered":"<p>\n                \u00c0 82\u00a0ans, Serge Lama est enfin \u00ab\u00a0un homme heureux\u00a0\u00bb. Pourtant, la vie ne l&rsquo;a pas \u00e9pargn\u00e9. Il s&rsquo;est livr\u00e9 \u00e0 quelques profondes confidences.            <\/p>\n<p>C&rsquo;est \u00e0 l&rsquo;occasion du passage au Qu\u00e9bec de son show musical biographique, <a href=\"https:\/\/www.journaldesfemmes.fr\/people\/personnalites\/2847116-serge-lama-arrete-sa-carriere-accident-tragique-mort-de-sa-femme-luana-tout-savoir-sur-le-chanteur\/\" title=\"Serge Lama\" rel=\"nofollow noopener\" target=\"_blank\">Serge\u00a0Lama<\/a>\u00a0: D&rsquo;aventures en aventures, que le chanteur de 82\u00a0ans a accept\u00e9 de se livrer au quotidien 7\u00a0Jours. Cet amoureux du Qu\u00e9bec a fait des confidences sur sa nouvelle vie, loin de la sc\u00e8ne.\u00a0<\/p>\n<p>Serge Lama profite de la vie avec sa nouvelle femme<\/p>\n<p>Questionn\u00e9\u00a0sur son choix de se retirer peu \u00e0 peu de la sph\u00e8re m\u00e9diatique, Serge Lama a estim\u00e9 que \u00ab\u00a0c&rsquo;\u00e9tait le bon moment pour dire au revoir\u00a0\u00bb. Et\u00a0l&rsquo;interpr\u00e8te du mythique tube Je suis malade d&rsquo;ajouter\u00a0: \u00ab\u00a0J&rsquo;aurais d\u00fb faire une tourn\u00e9e quelques ann\u00e9es plus t\u00f4t, mais le Covid a tout stopp\u00e9. Trois ans apr\u00e8s, je n&rsquo;\u00e9tais plus le m\u00eame.\u00a0Je ne me voyais pas chanter assis dans un fauteuil. Alors j&rsquo;ai pris la d\u00e9cision de quitter la sc\u00e8ne.\u00a0\u00bb\u00a0<\/p>\n<p>Install\u00e9 dans un appartement \u00e0\u00a0Paris avec sa nouvelle \u00e9pouse, Luana Santonino,\u00a0l&rsquo;octog\u00e9naire coule des jours heureux. \u00ab\u00a0Luana et moi, on partage tout. On vit ensemble, on est heureux. C&rsquo;est un bonheur simple mais pr\u00e9cieux. La vie m&rsquo;a g\u00e2t\u00e9, surtout en amour. J&rsquo;ai eu des compagnes formidables\u00a0\u00bb, a-t-il d&rsquo;abord expliqu\u00e9. Avant de d\u00e9tailler\u00a0: \u00ab\u00a0J&rsquo;\u00e9coute des disques, je regarde de vieux films. Le soir, avec Luana, on \u00e9coute des classiques fran\u00e7ais en livre audio. Et j&rsquo;habite cette ville fabuleuse qu&rsquo;est Paris.\u00a0\u00bb<\/p>\n<p>Serge Lama : un retour en musique ?<\/p>\n<p>S&rsquo;il a fait ses adieux \u00e0 son public lors de la derni\u00e8re c\u00e9r\u00e9monie des Victoires de la Musique, Serge Lama n&rsquo;a pas dit son dernier mot\u00a0!\u00a0\u00ab\u00a0Nous pr\u00e9parons \u00e9galement un album avec toutes les chansons que j&rsquo;ai \u00e9crites pour <a href=\"https:\/\/www.journaldesfemmes.fr\/people\/personnalites\/2751267-nana-mouskouri-age-mari-enfants-fortune-chansons-2022\/\" title=\"Nana Mouskouri\" rel=\"nofollow noopener\" target=\"_blank\">Nana Mouskouri<\/a> qui sortira bient\u00f4t. Je suis un homme heureux\u00a0!\u00a0\u00bb, a ajout\u00e9 l&rsquo;artiste.<\/p>\n<p>Serge Lama peut aussi compter sur les visites, occasionnelles, de son fils\u00a0unique\u00a0Fr\u00e9d\u00e9ric ;\u00a0aujourd&rsquo;hui \u00e2g\u00e9 de 44\u00a0ans et qu&rsquo;il a eu avec sa d\u00e9funte \u00e9pouse\u00a0Michel Potier.\u00a0\u00ab\u00a0Ah, mon fils, c&rsquo;est un gar\u00e7on tr\u00e8s secret. Si je lui \u00e9cris un mot de 15\u00a0lignes, il me r\u00e9pond en deux lignes. Mais quand il vient \u00e0 la maison, l\u00e0, il parle beaucoup. Nous sommes tr\u00e8s diff\u00e9rents\u00a0\u00bb, a confi\u00e9 le chanteur. On imagine qu&rsquo;il aimerait le voir plus souvent.<\/p>\n","protected":false},"excerpt":{"rendered":"\u00c0 82\u00a0ans, Serge Lama est enfin \u00ab\u00a0un homme heureux\u00a0\u00bb. Pourtant, la vie ne l&rsquo;a pas \u00e9pargn\u00e9. Il s&rsquo;est&hellip;\n","protected":false},"author":2,"featured_media":321269,"comment_status":"","ping_status":"","sticky":false,"template":"","format":"standard","meta":{"footnotes":""},"categories":[1355],"tags":[58,59,1011,27,1361,873],"class_list":{"0":"post-321268","1":"post","2":"type-post","3":"status-publish","4":"format-standard","5":"has-post-thumbnail","7":"category-musique","8":"tag-divertissement","9":"tag-entertainment","10":"tag-fr","11":"tag-france","12":"tag-music","13":"tag-musique"},"share_on_mastodon":{"url":"https:\/\/pubeurope.com\/@fr\/115034059255524968","error":""},"_links":{"self":[{"href":"https:\/\/www.europesays.com\/fr\/wp-json\/wp\/v2\/posts\/321268","targetHints":{"allow":["GET"]}}],"collection":[{"href":"https:\/\/www.europesays.com\/fr\/wp-json\/wp\/v2\/posts"}],"about":[{"href":"https:\/\/www.europesays.com\/fr\/wp-json\/wp\/v2\/types\/post"}],"author":[{"embeddable":true,"href":"https:\/\/www.europesays.com\/fr\/wp-json\/wp\/v2\/users\/2"}],"replies":[{"embeddable":true,"href":"https:\/\/www.europesays.com\/fr\/wp-json\/wp\/v2\/comments?post=321268"}],"version-history":[{"count":0,"href":"https:\/\/www.europesays.com\/fr\/wp-json\/wp\/v2\/posts\/321268\/revisions"}],"wp:featuredmedia":[{"embeddable":true,"href":"https:\/\/www.europesays.com\/fr\/wp-json\/wp\/v2\/media\/321269"}],"wp:attachment":[{"href":"https:\/\/www.europesays.com\/fr\/wp-json\/wp\/v2\/media?parent=321268"}],"wp:term":[{"taxonomy":"category","embeddable":true,"href":"https:\/\/www.europesays.com\/fr\/wp-json\/wp\/v2\/categories?post=321268"},{"taxonomy":"post_tag","embeddable":true,"href":"https:\/\/www.europesays.com\/fr\/wp-json\/wp\/v2\/tags?post=321268"}],"curies":[{"name":"wp","href":"https:\/\/api.w.org\/{rel}","templated":true}]}}