{"id":321272,"date":"2025-08-15T17:54:11","date_gmt":"2025-08-15T17:54:11","guid":{"rendered":"https:\/\/www.europesays.com\/fr\/321272\/"},"modified":"2025-08-15T17:54:11","modified_gmt":"2025-08-15T17:54:11","slug":"face-au-moustique-tigre-les-ventes-de-repulsifs-et-pieges-explosent","status":"publish","type":"post","link":"https:\/\/www.europesays.com\/fr\/321272\/","title":{"rendered":"face au moustique-tigre, les ventes de r\u00e9pulsifs et pi\u00e8ges explosent"},"content":{"rendered":"<p>Tapettes, raquettes \u00e9lectriques, spirales, lampes, pi\u00e8ges plus ou moins imposants, recharges\u2026 Impossible de les manquer\u00a0: au magasin Castorama de Marsannay-la-C\u00f4te, les produits anti-moustiques sont bien en \u00e9vidence sur le grand pr\u00e9sentoir donnant sur l\u2019all\u00e9e des rayons consacr\u00e9s \u00e0 l\u2019ext\u00e9rieur. Cet espace, plus important qu\u2019une t\u00eate de gondole classique, a \u00e9t\u00e9 mis en place cette ann\u00e9e pour subvenir \u00e0 l\u2019importante demande.<\/p>\n<p>\u00ab\u00a0Les gens en ont vraiment ras-le-bol de ne pas pouvoir profiter de leur jardin ou terrasse sans se faire piquer, notamment par les moustiques-tigres. Ils sont en qu\u00eate de solutions efficaces pour eux, leurs enfants et animaux. On a observ\u00e9 une augmentation des ventes de plus de 80\u00a0% depuis le d\u00e9but de saison par rapport \u00e0 la m\u00eame p\u00e9riode l\u2019an dernier\u00a0\u00bb, observe Guillaume Reynier, conseiller pour les rayons ext\u00e9rieur. \u00c0 ce&#8230;<\/p>\n","protected":false},"excerpt":{"rendered":"Tapettes, raquettes \u00e9lectriques, spirales, lampes, pi\u00e8ges plus ou moins imposants, recharges\u2026 Impossible de les manquer\u00a0: au magasin Castorama&hellip;\n","protected":false},"author":2,"featured_media":321273,"comment_status":"","ping_status":"","sticky":false,"template":"","format":"standard","meta":{"footnotes":""},"categories":[10],"tags":[1867,18761,8588,107,1011,27,72,45916,71,104],"class_list":{"0":"post-321272","1":"post","2":"type-post","3":"status-publish","4":"format-standard","5":"has-post-thumbnail","7":"category-sante","8":"tag-animaux","9":"tag-chenove-bassin","10":"tag-edition-dijon-et-son-agglomeration","11":"tag-fil-info","12":"tag-fr","13":"tag-france","14":"tag-health","15":"tag-marsannay-la-cote","16":"tag-sante","17":"tag-societe"},"share_on_mastodon":{"url":"https:\/\/pubeurope.com\/@fr\/115034067098909505","error":""},"_links":{"self":[{"href":"https:\/\/www.europesays.com\/fr\/wp-json\/wp\/v2\/posts\/321272","targetHints":{"allow":["GET"]}}],"collection":[{"href":"https:\/\/www.europesays.com\/fr\/wp-json\/wp\/v2\/posts"}],"about":[{"href":"https:\/\/www.europesays.com\/fr\/wp-json\/wp\/v2\/types\/post"}],"author":[{"embeddable":true,"href":"https:\/\/www.europesays.com\/fr\/wp-json\/wp\/v2\/users\/2"}],"replies":[{"embeddable":true,"href":"https:\/\/www.europesays.com\/fr\/wp-json\/wp\/v2\/comments?post=321272"}],"version-history":[{"count":0,"href":"https:\/\/www.europesays.com\/fr\/wp-json\/wp\/v2\/posts\/321272\/revisions"}],"wp:featuredmedia":[{"embeddable":true,"href":"https:\/\/www.europesays.com\/fr\/wp-json\/wp\/v2\/media\/321273"}],"wp:attachment":[{"href":"https:\/\/www.europesays.com\/fr\/wp-json\/wp\/v2\/media?parent=321272"}],"wp:term":[{"taxonomy":"category","embeddable":true,"href":"https:\/\/www.europesays.com\/fr\/wp-json\/wp\/v2\/categories?post=321272"},{"taxonomy":"post_tag","embeddable":true,"href":"https:\/\/www.europesays.com\/fr\/wp-json\/wp\/v2\/tags?post=321272"}],"curies":[{"name":"wp","href":"https:\/\/api.w.org\/{rel}","templated":true}]}}