{"id":321280,"date":"2025-08-15T17:58:10","date_gmt":"2025-08-15T17:58:10","guid":{"rendered":"https:\/\/www.europesays.com\/fr\/321280\/"},"modified":"2025-08-15T17:58:10","modified_gmt":"2025-08-15T17:58:10","slug":"peugeot-ds-citroen-opel-fiat-rappel-massif-de-voitures-en-france-elles-peuvent-prendre-feu","status":"publish","type":"post","link":"https:\/\/www.europesays.com\/fr\/321280\/","title":{"rendered":"Peugeot, DS, Citro\u00ebn, Opel, Fiat&#8230; Rappel massif de voitures en France, elles peuvent prendre feu"},"content":{"rendered":"<p>            Par<br \/>\n        <strong><br \/>\n            <a href=\"https:\/\/actu.fr\/auteur\/johann-foucault\" title=\"Consulter tous les articles de Johann Foucault\" target=\"_blank\" rel=\"noopener\">Johann Foucault<\/a><br \/>\n        <\/strong><\/p>\n<p>        Publi\u00e9 le<\/p>\n<p>            15 ao\u00fbt 2025 \u00e0 18h06        <\/p>\n<p>D\u00e9cid\u00e9ment, les rappels de <a href=\"https:\/\/actu.fr\/tag\/automobile\" target=\"_blank\" rel=\"noopener\">voiture<\/a> sont devenus monnaie courante. Apr\u00e8s les multiples <a href=\"https:\/\/actu.fr\/societe\/airbags-takata-800-000-nouveaux-vehicules-immobilises-comment-savoir-si-votre-voiture-est-concernee_62822903.html\" target=\"_blank\" rel=\"noopener\">rappels de v\u00e9hicules en raison des Airbags Takata<\/a> d\u00e9fectueux et dangereux, un nouveau rappel de voitures est lanc\u00e9 ce vendredi 15 ao\u00fbt 2025. Le site gouvernemental Rappel Conso proc\u00e8de en effet au rappel de <strong>nombreux v\u00e9hicules, de plusieurs grandes marques<\/strong>, en raison <strong>d\u2019un risque d\u2019incendie<\/strong> qui pourrait survenir.<\/p>\n<p>Quel est le probl\u00e8me identifi\u00e9 dans les v\u00e9hicules concern\u00e9s ?<\/p>\n<p class=\" wall-content\">Toutes les nombreuses voitures qui sont rappel\u00e9es le sont pour la m\u00eame raison : \u00ab\u00a0un risque d\u2019incendie dans le v\u00e9hicule\u00a0\u00bb.\u00a0<\/p>\n<p class=\" wall-content\">Dans le d\u00e9tail, le site Rappel Conso pr\u00e9cise que \u00ab\u00a0le v\u00e9hicule peut pr\u00e9senter <strong>une fuite de carburant<\/strong> dans le tuyau \u00e0 haute pression\u00a0\u00bb. Cette fuite est localis\u00e9e \u00ab\u00a0entre la pompe \u00e0 haute pression et le rail\u00a0\u00bb.<\/p>\n<p class=\" wall-content\">Cette fuite est pr\u00e9sente \u00ab\u00a0en raison de l\u2019absence d\u2019\u00e9crou\u00a0\u00bb. Une telle fuite est susceptible d\u2019un grand danger, car \u00ab <strong>cela peut provoquer un <a href=\"https:\/\/actu.fr\/tag\/incendie\" target=\"_blank\" rel=\"noopener\">incendie<\/a> dans le v\u00e9hicule \u00bb<\/strong>.<\/p>\n<p>Quelles sont les marques concern\u00e9es par ce rappel ?<\/p>\n<p class=\" wall-content\">Ce risque d\u2019incendie n\u2019est donc pas \u00e0 prendre \u00e0 la l\u00e9g\u00e8re, il est d\u2019ailleurs consid\u00e9r\u00e9 comme \u00ab\u00a0un risque grave\u00a0\u00bb par <a href=\"https:\/\/public.opendatasoft.com\/explore\/dataset\/healthref-europe-rapex-fr\/table\/?flg=fr-fr&amp;disjunctive.alert_level&amp;disjunctive.alert_group&amp;disjunctive.alert_country&amp;disjunctive.product_country&amp;disjunctive.product_counterfeit&amp;disjunctive.alert_type&amp;disjunctive.product_type&amp;disjunctive.product_brand&amp;disjunctive.product_category&amp;disjunctive.oecd_portal_category&amp;disjunctive.technical_defect&amp;disjunctive.alert_other_countries&amp;disjunctive.alert_date&amp;disjunctive.measures_country&amp;disjunctive.modification_date&amp;sort=alert_date\" target=\"_blank\" rel=\"noopener\">RAPEX<\/a>, le Syst\u00e8me d\u2019information rapide pour les produits dangereux non alimentaires de l\u2019Union europ\u00e9enne.<\/p>\n<p class=\" wall-content\">Surtout que plusieurs marques sont concern\u00e9es, parmi lesquelles :\u00a0<\/p>\n<ul class=\" wall-content\">\n<li><strong>Peugeot<\/strong><\/li>\n<li><strong>Citro\u00ebn<\/strong><\/li>\n<li><strong>DS automobiles<\/strong><\/li>\n<li><strong>Opel<\/strong><\/li>\n<li><strong>Fiat<\/strong><\/li>\n<li><strong>Alfa Romeo<\/strong><\/li>\n<li><strong>Lancia<\/strong><\/li>\n<li><strong>Jeep<\/strong><\/li>\n<\/ul>\n<p>Les mod\u00e8les vis\u00e9s par le rappel<\/p>\n<p class=\" wall-content\">Concr\u00e8tement, vous \u00eates concern\u00e9 par ce rappel si vous poss\u00e9dez un v\u00e9hicule aux r\u00e9f\u00e9rences suivantes.<\/p>\n<p class=\" wall-content\">Pr\u00e9cision importante, les num\u00e9ros correspondants au <strong>mod\u00e8le et\/ou type de produit<\/strong> sont <strong>les num\u00e9ros de r\u00e9ception CE des v\u00e9hicules<\/strong>. Ils sont inscrits sur la plaque constructeur du v\u00e9hicule et <strong>peuvent \u00eatre retrouv\u00e9s sur la carte grise, en consultant la case K<\/strong>.<\/p>\n<p class=\" wall-content\"><strong>Chez Peugeot<\/strong><\/p>\n<ul class=\" wall-content\">\n<li><a href=\"https:\/\/rappel.conso.gouv.fr\/fiche-rappel\/29263\/Rapex\" target=\"_blank\" rel=\"noopener\">Les mod\u00e8les<\/a> : 208 V2, 308 V3, 408, 2008 V2, 3008 V2, 3008 V3, 5008 V2, 5008 V3<\/li>\n<li>Identification du produit dans RAPEX :<\/li>\n<\/ul>\n<p class=\" wall-content\">11.4.2023 \u2013 22.4.2025 208 V2<br \/>2.4.2024 \u2013 17.4.2025 308 V3<br \/>2.4.2024 \u2013 17.4.2025 408<br \/>26.10.2022 \u2013 23.5.2024 3008 V2<br \/>26.7.2023 \u2013 22.4.2025 3008 V3<br \/>4.4.2024 \u2013 22.4.2025 2008 V2<br \/>5.12.2023 \u2013 22.4.2025 5008 V3<br \/>7.11.2022 \u2013 9.10.2024 5008 V2<\/p>\n<ul class=\" wall-content\">\n<li>Mod\u00e8le et\/ou type du produit (num\u00e9ro \u00e0 retrouver sur la case K de la carte grise) :<\/li>\n<\/ul>\n<p class=\" wall-content\">e2*2007\/46*0628*29- *36 208 V2<br \/>e2*2007\/46*0639*26-*36 308 V3<br \/>e2*2007\/46*0628*29- *35 408<br \/>e2*2007\/46*0628*37 408<br \/>e2*2007\/46*0639*29- *35 2008 V2<br \/>e2*2007\/46*0534*25- *27 3008 V2<br \/>e2*2018\/858*00064*00- *08 3008 V3<br \/>g11*2018\/858*00524*00- *03 3008 V3<br \/>e2*2018\/858*00064*02- *07 5008 V3<br \/>e2*2007\/46*0534*25- *28 5008 V2<br \/>g11*2018\/858*00524*00- *03 5008 V3<\/p>\n<p class=\" wall-content\"><strong>Chez Citro\u00ebn<\/strong><\/p>\n<ul class=\" wall-content\">\n<li><a href=\"https:\/\/rappel.conso.gouv.fr\/fiche-rappel\/29264\/Rapex\" target=\"_blank\" rel=\"noopener\">Les mod\u00e8les<\/a> : C3 Aircross V3, C3 V5, C4 V3, C4X, C5 Aircross, C5 Aircross V2, C5X, Basalt<\/li>\n<li>Identification du produit dans RAPEX :\u00a0<\/li>\n<\/ul>\n<p class=\" wall-content\">11.1.2023 \u2013 22.4.2025 C5 Aircross<br \/>15.3.2024 \u2013 23.4.2025 C3 Aircross V3<br \/>19.2.2024 \u2013 20.5.2025 Basalt<br \/>25.10.2023 \u2013 23.4.2025 C4X<br \/>27.10.2022 \u2013 13.5.2025 C5X<br \/>4.10.2023 \u2013 23.4.2025 C4 V3<br \/>4.3.2024 \u2013 23.4.2025 C3 V5<br \/>5.3.2025 \u2013 14.4.2025 C5 Aircross V2<\/p>\n<ul class=\" wall-content\">\n<li>Mod\u00e8le et\/ou type du produit (num\u00e9ro \u00e0 retrouver sur la case K de la carte grise) :\u00a0<br \/>e2*2007\/46*0642*20- *24 C5 Aircross<br \/>e2*2018\/858*00035*01- *08 C3 V5<br \/>e2*2018\/858*00035*06- *09 C3 Aircross V3<br \/>e2*2018\/858*00064*09 C5 Aircross V2<br \/>e2*2018\/858*00096*01 C3 V5<br \/>e9*2007\/46*6816*20- *27 C4X<br \/>e9*2007\/46*6816*20-*27 C4 V3<br \/>e9*2018\/858*11066*07-*11 C5X<br \/>g11*2018\/858*00523*00 C3 Aircross V3<br \/>g11*2018\/858*00523*01 C3 V5<\/li>\n<\/ul>\n<p class=\" wall-content\"><strong>Chez DS automobiles<\/strong><\/p>\n<ul class=\" wall-content\">\n<li><a href=\"https:\/\/rappel.conso.gouv.fr\/fiche-rappel\/29262\/Rapex\" target=\"_blank\" rel=\"noopener\">Les mod\u00e8les<\/a> : DS3 Crossback, DS4 V2<\/li>\n<li>Identification du produit dans RAPEX :<\/li>\n<\/ul>\n<p class=\" wall-content\">13.3.2024 \u2013 22.4.2025 DS4 V2<br \/>8.11.2022 \u2013 17.4.2025 DS3 Crossback<\/p>\n<ul class=\" wall-content\">\n<li>Mod\u00e8le et\/ou type du produit (num\u00e9ro \u00e0 retrouver sur la case K de la carte grise) :<\/li>\n<\/ul>\n<p class=\" wall-content\">e2*2007\/46*0628*31- *35 DS4 V2<br \/>e2*2007\/46*0639*22-*23 DS3 Crossback<br \/>e2*2007\/46*0639*25-*37 DS3 Crossback<br \/>g11*2018\/858*00660*00 DS3 Crossback<\/p>\n<p class=\" wall-content\"><strong>Chez Fiat<\/strong><\/p>\n<ul class=\" wall-content\">\n<li><a href=\"https:\/\/rappel.conso.gouv.fr\/fiche-rappel\/29269\/Rapex\" target=\"_blank\" rel=\"noopener\">Mod\u00e8les 600, Grande Panda<\/a><\/li>\n<li>Identification du produit dans RAPEX :<\/li>\n<\/ul>\n<p class=\" wall-content\">28.2.2025 \u2013 28.4.2025 (Grande Panda)<br \/>9.2.2024 \u2013 17.5.2025 (600)<\/p>\n<ul class=\" wall-content\">\n<li>Mod\u00e8le et\/ou type du produit (num\u00e9ro \u00e0 retrouver sur la case K de la carte grise) :<\/li>\n<\/ul>\n<p class=\" wall-content\">e2*2018\/858*00035*08 (Grande Panda)<br \/>e3*2018\/858*00078*05- *06 (600)<br \/>e3*2018\/858*00078*12 (600)<\/p>\n<p class=\" wall-content\"><strong>Chez Opel\/Vauxhall<br \/><\/strong><\/p>\n<ul class=\" wall-content\">\n<li><a href=\"https:\/\/rappel.conso.gouv.fr\/fiche-rappel\/29260\/Rapex\" target=\"_blank\" rel=\"noopener\">Les mod\u00e8les<\/a> : Astra L, Corsa, Frontera, Grandland X, Grandland V2, Mokka<\/li>\n<li>Identification du produit dans RAPEX :<\/li>\n<\/ul>\n<p class=\" wall-content\">2.1.2024 \u2013 23.4.2025 Astra L<br \/>21.2.2023 \u2013 22.4.2025 Corsa<br \/>21.3.2024 \u2013 24.4.2025 Grandland V2<br \/>30.7.2024 \u2013 23.4.2025 Frontera<br \/>4.11.2022 \u2013 17.4.2025 Mokka<br \/>4.2.2023 \u2013 8.11.2024 Grandland X<\/p>\n<ul class=\" wall-content\">\n<li>Mod\u00e8le et\/ou type du produit (num\u00e9ro \u00e0 retrouver sur la case K de la carte grise) :<\/li>\n<\/ul>\n<p class=\" wall-content\">e2*2007\/46*0597*28- *31 Grandland X<br \/>e2*2007\/46*0628*28- *36 Astra L<br \/>e2*2007\/46*0639*21- *26 Mokka<br \/>e2*2007\/46*0639*26- *36 Corsa<br \/>e2*2007\/46*0639*28- *37 Mokka<br \/>e2*2018\/858*00035*06- *09 Frontera<br \/>e2*2018\/858*00064*04- *07 Grandland V2<br \/>g11*2018\/858*00524*01- *03 Grandland V2<\/p>\n<p class=\" wall-content\"><strong>Chez Alfa Romeo<\/strong><\/p>\n<ul class=\" wall-content\">\n<li><a href=\"https:\/\/rappel.conso.gouv.fr\/fiche-rappel\/29261\/Rapex\" target=\"_blank\" rel=\"noopener\">Mod\u00e8le Alfa Romeo Junior<\/a><\/li>\n<li>Identification du produit dans RAPEX : 11.7.2024 \u2013 22.4.2025<\/li>\n<li>Mod\u00e8le et\/ou type du produit (num\u00e9ro \u00e0 retrouver sur la case K de la carte grise) : e3*2018\/858*00078*08, e3*2018\/858*00078*11 \u2013 *13<\/li>\n<\/ul>\n<p class=\" wall-content\"><strong>Chez Lancia<\/strong><\/p>\n<ul class=\" wall-content\">\n<li><a href=\"https:\/\/rappel.conso.gouv.fr\/fiche-rappel\/29265\/Rapex\" target=\"_blank\" rel=\"noopener\">Mod\u00e8le Ypsilon<\/a><\/li>\n<li>Identification du produit dans RAPEX : 18.3.2024 \u2013 22.4.2025<\/li>\n<li>Mod\u00e8le et\/ou type du produit (num\u00e9ro \u00e0 retrouver sur la case K de la carte grise) : e2*2007\/46*0639*31- *37<\/li>\n<\/ul>\n<p class=\" wall-content\"><strong>Chez Jeep<\/strong><\/p>\n<ul class=\" wall-content\">\n<li><a href=\"https:\/\/rappel.conso.gouv.fr\/fiche-rappel\/29266\/Rapex\" target=\"_blank\" rel=\"noopener\">Mod\u00e8le Avenger<\/a><\/li>\n<li>Identification du produit dans RAPEX : 16.1.2024 \u2013 17.5.2025<\/li>\n<li>Mod\u00e8le et\/ou type du produit (num\u00e9ro \u00e0 retrouver sur la case K de la carte grise) :<br \/>e3*2018\/858*00078*04<br \/>e3*2018\/858*00078*06<br \/>e3*2018\/858*00078*07<br \/>e3*2018\/858*00078*09<br \/>e3*2018\/858*00078*11<br \/>e3*2018\/858*00078*12<br \/>e3*2018\/858*00078*13<\/li>\n<\/ul>\n<p>Pour toute question, il est conseill\u00e9 de <strong>contacter votre concessionnaire<\/strong> dans les plus brefs d\u00e9lais.<\/p>\n<p class=\" wall-content\">Suivez toute l\u2019actualit\u00e9 de vos villes et m\u00e9dias favoris en vous inscrivant \u00e0 <a href=\"https:\/\/moncompte.actu.fr\" title=\"D\u00e9couvez Mon Actu\" rel=\"nofollow noopener\" data-trk=\"{&quot;cta&quot;:{&quot;action&quot;:&quot;https:\\\/\\\/moncompte.actu.fr&quot;,&quot;category&quot;:&quot;mon compte&quot;,&quot;from&quot;:&quot;article footer&quot;,&quot;name&quot;:&quot;Mon actu&quot;,&quot;type&quot;:&quot;cta&quot;}}\" target=\"_blank\">Mon Actu<\/a>.<\/p>\n","protected":false},"excerpt":{"rendered":"Par Johann Foucault Publi\u00e9 le 15 ao\u00fbt 2025 \u00e0 18h06 D\u00e9cid\u00e9ment, les rappels de voiture sont devenus monnaie&hellip;\n","protected":false},"author":2,"featured_media":321281,"comment_status":"","ping_status":"","sticky":false,"template":"","format":"standard","meta":{"footnotes":""},"categories":[6],"tags":[646,35,33,34,1011,27,1310,1720],"class_list":{"0":"post-321280","1":"post","2":"type-post","3":"status-publish","4":"format-standard","5":"has-post-thumbnail","7":"category-economie","8":"tag-automobile","9":"tag-business","10":"tag-economie","11":"tag-economy","12":"tag-fr","13":"tag-france","14":"tag-incendie","15":"tag-rappel-de-produits"},"share_on_mastodon":{"url":"https:\/\/pubeurope.com\/@fr\/115034082677474825","error":""},"_links":{"self":[{"href":"https:\/\/www.europesays.com\/fr\/wp-json\/wp\/v2\/posts\/321280","targetHints":{"allow":["GET"]}}],"collection":[{"href":"https:\/\/www.europesays.com\/fr\/wp-json\/wp\/v2\/posts"}],"about":[{"href":"https:\/\/www.europesays.com\/fr\/wp-json\/wp\/v2\/types\/post"}],"author":[{"embeddable":true,"href":"https:\/\/www.europesays.com\/fr\/wp-json\/wp\/v2\/users\/2"}],"replies":[{"embeddable":true,"href":"https:\/\/www.europesays.com\/fr\/wp-json\/wp\/v2\/comments?post=321280"}],"version-history":[{"count":0,"href":"https:\/\/www.europesays.com\/fr\/wp-json\/wp\/v2\/posts\/321280\/revisions"}],"wp:featuredmedia":[{"embeddable":true,"href":"https:\/\/www.europesays.com\/fr\/wp-json\/wp\/v2\/media\/321281"}],"wp:attachment":[{"href":"https:\/\/www.europesays.com\/fr\/wp-json\/wp\/v2\/media?parent=321280"}],"wp:term":[{"taxonomy":"category","embeddable":true,"href":"https:\/\/www.europesays.com\/fr\/wp-json\/wp\/v2\/categories?post=321280"},{"taxonomy":"post_tag","embeddable":true,"href":"https:\/\/www.europesays.com\/fr\/wp-json\/wp\/v2\/tags?post=321280"}],"curies":[{"name":"wp","href":"https:\/\/api.w.org\/{rel}","templated":true}]}}