{"id":321282,"date":"2025-08-15T18:00:10","date_gmt":"2025-08-15T18:00:10","guid":{"rendered":"https:\/\/www.europesays.com\/fr\/321282\/"},"modified":"2025-08-15T18:00:10","modified_gmt":"2025-08-15T18:00:10","slug":"indignation-apres-labattage-dun-arbre-plante-en-hommage-a-ilan-halimi","status":"publish","type":"post","link":"https:\/\/www.europesays.com\/fr\/321282\/","title":{"rendered":"Indignation apr\u00e8s l\u2019abattage d\u2019un arbre plant\u00e9 en hommage \u00e0 Ilan Halimi"},"content":{"rendered":"<p>Une enqu\u00eate a \u00e9t\u00e9 ouverte \u00e0 \u00c9pinay-sur-Seine, en Seine-Saint-Denis, pour retrouver l\u2019auteur de cet acte \u00e0 caract\u00e8re antis\u00e9mite.<\/p>\n<p class=\"fig-paragraph\">De l\u2019olivier plant\u00e9 dans le jardin communal d\u2019Alcobendas, \u00e0 \u00c9pinay-sur-Seine (Seine-Saint-Denis), il ne reste plus qu\u2019un tronc de quelques dizaines de centim\u00e8tres de haut. Le reste de l\u2019arbre, mis en terre en hommage \u00e0\u00a0<a href=\"https:\/\/www.lefigaro.fr\/vox\/societe\/barbara-lefebvre-il-y-a-quinze-ans-mourait-ilan-halimi-enleve-sequestre-et-torture-par-des-barbares-20210212\" data-fig-type=\"Article\" data-gtm-custom-categorie=\"navigation\" data-gtm-custom-action=\"crossclick\" data-gtm-custom-label=\"Contextuel\" data-gtm-event=\"customEventSPE\" data-fig-domain=\"LEFIGARO\" rel=\"nofollow noopener\" target=\"_blank\">Ilan Halimi<\/a>\u00a0il y a presque quinze ans, g\u00eet \u00e0 proximit\u00e9 de la plaque comm\u00e9morative. \u00ab\u00a0Aucune autre d\u00e9gradation n\u2019a \u00e9t\u00e9 constat\u00e9e\u00a0\u00bb sur ce lieu, situ\u00e9 au-dessus des berges de la\u00a0<a href=\"http:\/\/www.lefigaro.fr\/actualite-france\/baignade-dans-la-seine-quelle-est-vraiment-la-qualite-de-l-eau-dans-le-fleuve-parisien-20250805\" data-fig-type=\"NewsFlash\" data-gtm-custom-categorie=\"navigation\" data-gtm-custom-action=\"crossclick\" data-gtm-custom-label=\"Contextuel\" data-gtm-event=\"customEventSPE\" data-fig-domain=\"LEFIGARO\" rel=\"nofollow noopener\" target=\"_blank\">Seine<\/a>, tout pr\u00e8s de l\u2019h\u00f4tel de ville, indique une source polici\u00e8re.<\/p>\n<p class=\"fig-paragraph\">La sc\u00e8ne a \u00e9t\u00e9 d\u00e9couverte jeudi matin, \u00e0 9\u00a0heures, par des agents de l\u2019\u00e9tablissement public territorial Plaine Commune, dont \u00c9pinay-sur-Seine fait partie. Imm\u00e9diatement, Herv\u00e9 Chevreau, le maire sans \u00e9tiquette de cette ville d\u2019un peu plus de 50.000\u00a0habitants, a port\u00e9 plainte pour d\u00e9gradation de bien public. Pour l\u2019\u00e9dile, il ne fait aucun doute que cet acte de vandalisme rev\u00eat un caract\u00e8re antis\u00e9mite.<\/p>\n<p class=\"fig-body-link\">\n            \u00c0 lire aussi<br \/>\n        <a class=\"fig-body-link__link fig-premium-mark\" href=\"http:\/\/www.lefigaro.fr\/politique\/aurore-berge-la-memoire-ne-s-abat-pas-ils-peuvent-abattre-un-arbre-nous-replanterons-20250815\" data-fig-type=\"Article\" data-gtm-custom-categorie=\"navigation\" data-gtm-custom-action=\"crossclick\" data-gtm-custom-label=\"Contextuel\" data-gtm-event=\"customEventSPE\" data-fig-domain=\"LEFIGARO\" rel=\"nofollow noopener\" target=\"_blank\">Olivier d\u2019Ilan Halimi coup\u00e9\u00a0: \u00abIls peuvent abattre un arbre, nous replanterons\u00bb, condamne Aurore Berg\u00e9<br \/>\n    <\/a>\n<\/p>\n<p>                                    <a class=\"fig-a11y-skip a11y-hidden\" href=\"#fig-a11y-skip-main-inarticle\"><br \/>\n        Passer la publicit\u00e9<br \/>\n    <\/a><\/p>\n<p class=\"fig-paragraph\">L\u2019olivier, symbole de paix et d\u2019espoir, avait \u00e9t\u00e9 plant\u00e9 en 2011 pour rendre hommage \u00e0 Ilan Halimi, jeune Fran\u00e7ais juif de 23\u00a0ans, cibl\u00e9 parce qu\u2019il \u00e9tait \u00ab\u00a0juif, donc riche\u00a0\u00bb, selon les pr\u00e9jug\u00e9s antis\u00e9mites de\u00a0<a href=\"https:\/\/www.lefigaro.fr\/actualite-france\/2016\/02\/12\/01016-20160212ARTFIG00359-youssouf-fofana-le-bourreau-d-ilan-halimiest-devenu-un-islamiste-radical.php\" data-fig-type=\"Article\" data-gtm-custom-categorie=\"navigation\" data-gtm-custom-action=\"crossclick\" data-gtm-custom-label=\"Contextuel\" data-gtm-event=\"customEventSPE\" data-fig-domain=\"LEFIGARO\" rel=\"nofollow noopener\" target=\"_blank\">Youssouf Fofana<\/a>\u00a0et de son \u00ab\u00a0gang des barbares\u00a0\u00bb. Il avait \u00e9t\u00e9 s\u00e9questr\u00e9 et tortur\u00e9 pendant 24\u00a0jours en janvier 2006 dans une cit\u00e9 de Bagneux (Hauts-de-Seine) par une vingtaine de tortionnaires qui comptait obtenir une ran\u00e7on. D\u00e9couvert un peu moins d\u2019un mois plus tard nu, b\u00e2illonn\u00e9 et menott\u00e9 au bord d\u2019une voie ferr\u00e9e de Sainte-Genevi\u00e8ve-des-Bois, dans l\u2019Essonne, o\u00f9 l\u2019avaient abandonn\u00e9 ses bourreaux apr\u00e8s l\u2019avoir poignard\u00e9 et br\u00fbl\u00e9 \u00e0 l\u2019essence, le jeune homme \u00e9tait mort pendant son transfert \u00e0 l\u2019h\u00f4pital. Pr\u00e9sent\u00e9 comme le \u00ab\u00a0cerveau\u00a0\u00bb de ce meurtre antis\u00e9mite, Youssouf Fofana a \u00e9t\u00e9 condamn\u00e9 en juillet 2009 \u00e0 la r\u00e9clusion criminelle \u00e0 perp\u00e9tuit\u00e9 assortie de 22\u00a0ans de s\u00fbret\u00e9.<\/p>\n<p>\u00abC\u2019est le tuer une deuxi\u00e8me fois\u00bb<\/p>\n<p class=\"fig-paragraph\">\u00c0 l\u2019\u00e9poque, le calvaire d\u2019Ilan Halimi avait suscit\u00e9 une vive \u00e9motion dans toute la France. Pr\u00e8s de vingt ans plus tard, l\u2019abattage de cet arbre, plant\u00e9 pour lui rendre hommage, r\u00e9sonne comme une volont\u00e9 de \u00ab\u00a0le tuer une deuxi\u00e8me fois\u00a0\u00bb, a r\u00e9agi le chef de l\u2019\u00c9tat, Emmanuel Macron, sur X. Le parquet de Bobigny a ouvert une enqu\u00eate pour \u00ab\u00a0destruction de bien destin\u00e9 \u00e0 l\u2019utilit\u00e9 ou la d\u00e9coration publique\u00a0\u00bb, confi\u00e9e \u00e0 la s\u00fbret\u00e9 territoriale du 93, pour faire la lumi\u00e8re sur cette profanation qui a eu lieu vers 2\u00a0heures du matin. \u00c0 cette heure-l\u00e0, la pr\u00e9sence de t\u00e9moins oculaires est peu probable. Des voisins ou des passants auraient-ils pu entendre le bruit d\u2019une tron\u00e7onneuse\u00a0? Aucun outil n\u2019a \u00e9t\u00e9 retrouv\u00e9 pr\u00e8s de l\u2019arbre abattu, indique le parquet. \u00ab\u00a0Le parc est d\u00e9pourvu de cam\u00e9ra de surveillance, mais le parking situ\u00e9 \u00e0 proximit\u00e9 imm\u00e9diate en compte trois\u00a0\u00bb, pr\u00e9cise une source polici\u00e8re. Selon nos informations, les images enregistr\u00e9es ont d\u00e9j\u00e0 pu \u00eatre consult\u00e9es par un officier de police judiciaire. \u00ab\u00a0Au milieu de la nuit, on aper\u00e7oit une silhouette avec un sac escalader les grilles, mais le lieu est tr\u00e8s v\u00e9g\u00e9talis\u00e9, tr\u00e8s bois\u00e9, l\u2019identification formelle pourrait \u00eatre compliqu\u00e9e\u00a0\u00bb, a comment\u00e9 le maire, contact\u00e9 par nos confr\u00e8res du\u00a0<a href=\"https:\/\/www.leparisien.fr\/seine-saint-denis-93\/un-acte-antisemite-selon-le-maire-a-epinay-lolivier-dedie-a-ilan-halimi-a-ete-tronconne-pendant-la-nuit-14-08-2025-F6A7OHZF25HTJMKKOYO53PW5KQ.php\" target=\"_blank\" rel=\"sponsored noopener nofollow\" data-gtm-custom-categorie=\"navigation\" data-gtm-custom-action=\"crossclick\" data-gtm-custom-label=\"Contextuel\" data-gtm-event=\"customEventSPE\">Parisien,<\/a> \u00a0qui ont r\u00e9v\u00e9l\u00e9 l\u2019affaire.<\/p>\n<p class=\"fig-paragraph\">En attendant les suites de l\u2019enqu\u00eate pour identifier l\u2019auteur et conna\u00eetre les raisons qui l\u2019ont pouss\u00e9 \u00e0 commettre cet acte de vandalisme, le pr\u00e9sident de Plaine Commune, Mathieu Hanotin, s\u2019est \u00ab\u00a0d\u2019ores et d\u00e9j\u00e0 engag\u00e9 \u00e0 ce qu\u2019un nouvel arbre comm\u00e9moratif soit replant\u00e9 dans les meilleurs d\u00e9lais\u00a0\u00bb. La ville de Sainte-Genevi\u00e8ve-des-Bois, o\u00f9 Ilan Halimi avait \u00e9t\u00e9 retrouv\u00e9 agonisant, en avait fait de m\u00eame apr\u00e8s que deux arbres plant\u00e9s en sa m\u00e9moire, dont l\u2019un portait sa photo, avaient \u00e9t\u00e9 vandalis\u00e9s et sci\u00e9s le 11\u00a0f\u00e9vrier 2019.<\/p>\n<blockquote class=\"fig-quote&#10;    \">\n<p class=\"fig-quote__text\">L\u2019arbre pour Ilan Halimi, vivant rempart contre l\u2019oubli, a \u00e9t\u00e9 fauch\u00e9 par la haine antis\u00e9mite<\/p>\n<p>            Fran\u00e7ois Bayrou, premier ministre\n    <\/p><\/blockquote>\n<p class=\"fig-paragraph\">Les r\u00e9actions politiques n\u2019ont pas tard\u00e9 \u00e0 affluer pour d\u00e9noncer l\u2019abattage de l\u2019arbre d\u2019\u00c9pinay-sur-Seine, alors que la haine antis\u00e9mite a explos\u00e9 en France depuis\u00a0<a href=\"http:\/\/www.lefigaro.fr\/vox\/monde\/ran-halevi-la-journee-sans-fin-du-7-octobre-20250730\" data-fig-type=\"Article\" data-gtm-custom-categorie=\"navigation\" data-gtm-custom-action=\"crossclick\" data-gtm-custom-label=\"Contextuel\" data-gtm-event=\"customEventSPE\" data-fig-domain=\"LEFIGARO\" rel=\"nofollow noopener\" target=\"_blank\">l\u2019attaque du Hamas contre Isra\u00ebl, le 7\u00a0octobre 2023<\/a>. \u00ab\u00a0La nation n\u2019oubliera pas cet enfant de France mort parce que juif. Tous les moyens sont d\u00e9ploy\u00e9s pour punir cet acte de haine. Face \u00e0 l\u2019antis\u00e9mitisme\u00a0: la R\u00e9publique, toujours intransigeante\u00a0\u00bb, a affirm\u00e9 Emmanuel Macron sur X. \u00ab\u00a0L\u2019arbre pour Ilan Halimi, vivant rempart contre l\u2019oubli, a \u00e9t\u00e9 fauch\u00e9 par la haine antis\u00e9mite, a accus\u00e9 le premier ministre,\u00a0<a href=\"http:\/\/www.lefigaro.fr\/politique\/nous-sommes-arrives-a-la-falaise-francois-bayrou-un-ete-pour-dejouer-la-censure-20250810\" data-fig-type=\"Article\" data-gtm-custom-categorie=\"navigation\" data-gtm-custom-action=\"crossclick\" data-gtm-custom-label=\"Contextuel\" data-gtm-event=\"customEventSPE\" data-fig-domain=\"LEFIGARO\" rel=\"nofollow noopener\" target=\"_blank\">Fran\u00e7ois Bayrou<\/a>. Nul crime ne peut d\u00e9raciner la m\u00e9moire. La lutte jamais achev\u00e9e contre le mortel poison de la haine est notre devoir premier.\u00a0\u00bb<\/p>\n<p>Une condamnation unanime<\/p>\n<p class=\"fig-paragraph\">La ministre de l\u2019\u00c9ducation nationale, \u00c9lisabeth Borne, a regrett\u00e9 l\u2019abattage d\u2019un \u00ab\u00a0symbole d\u2019espoir face \u00e0 la barbarie\u00a0\u00bb. \u00ab\u00a0Le d\u00e9truire est un acte inf\u00e2me de haine et d\u2019antis\u00e9mitisme d\u2019une l\u00e2chet\u00e9 absolue. Nous sommes face \u00e0 un affront \u00e0 notre m\u00e9moire collective et aux valeurs de la R\u00e9publique. Les auteurs devront r\u00e9pondre de leurs actes.\u00a0\u00bb Le pr\u00e9sident de l\u2019UDR,\u00a0<a href=\"http:\/\/www.lefigaro.fr\/nice\/soupcons-de-fichage-des-equipes-d-eric-ciotti-a-nice-christian-estrosi-denonce-une-pratique-ignoble-et-dangereuse-20250814\" data-fig-type=\"NewsFlash\" data-gtm-custom-categorie=\"navigation\" data-gtm-custom-action=\"crossclick\" data-gtm-custom-label=\"Contextuel\" data-gtm-event=\"customEventSPE\" data-fig-domain=\"LEFIGARO\" rel=\"nofollow noopener\" target=\"_blank\">\u00c9ric Ciotti<\/a>, a de son c\u00f4t\u00e9 fustig\u00e9 \u00ab\u00a0un abominable symbole de l\u2019explosion de l\u2019antis\u00e9mitisme dans notre pays autant qu\u2019une inf\u00e2me attaque contre la m\u00e9moire du martyr d\u2019Ilan Halimi\u00a0\u00bb.<\/p>\n<p>                                    <a class=\"fig-a11y-skip a11y-hidden\" href=\"#fig-a11y-skip-main-inarticle_mtf\"><br \/>\n        Passer la publicit\u00e9<br \/>\n    <\/a><\/p>\n<p class=\"fig-paragraph\">\u00c0 gauche, l\u2019eurod\u00e9put\u00e9\u00a0<a href=\"http:\/\/www.lefigaro.fr\/vox\/politique\/demontons-le-mythe-d-un-raphael-glucksmann-qui-serait-gentiment-social-democrate-20250718\" data-fig-type=\"Article\" data-gtm-custom-categorie=\"navigation\" data-gtm-custom-action=\"crossclick\" data-gtm-custom-label=\"Contextuel\" data-gtm-event=\"customEventSPE\" data-fig-domain=\"LEFIGARO\" rel=\"nofollow noopener\" target=\"_blank\">Rapha\u00ebl Glucksmann<\/a>, copr\u00e9sident de Place publique, a rendu hommage \u00e0 \u00ab\u00a0Ilan Halimi, victime perp\u00e9tuelle des barbares\u00a0\u00bb, \u00ab\u00a0pourchass\u00e9 d\u00e9sormais par-del\u00e0 la mort\u00a0\u00bb. \u00ab\u00a0Paix \u00e0 son \u00e2me et lutte sans rel\u00e2che contre les ordures antis\u00e9mites, ceux qui les excusent et leur pavent la voie\u00a0\u00bb, a-t-il ass\u00e9n\u00e9. Quant \u00e0\u00a0<a href=\"http:\/\/www.lefigaro.fr\/politique\/l-espagne-de-pedro-sanchez-un-modele-pour-olivier-faure-et-les-socialistes-20250801\" data-fig-type=\"Article\" data-gtm-custom-categorie=\"navigation\" data-gtm-custom-action=\"crossclick\" data-gtm-custom-label=\"Contextuel\" data-gtm-event=\"customEventSPE\" data-fig-domain=\"LEFIGARO\" rel=\"nofollow noopener\" target=\"_blank\">Olivier Faure<\/a>, le premier secr\u00e9taire du Parti socialiste, il a d\u00e9clar\u00e9\u00a0: \u00ab\u00a0Honte au profanateur antis\u00e9mite qui a d\u00fb penser que cet acte \u00e9tait d\u2019un courage infini\u2026\u00a0\u00bb<\/p>\n<blockquote class=\"fig-quote&#10;    \">\n<p class=\"fig-quote__text\">C\u2019est \u00e9mouvant que l\u2019\u00c9tat, la mairie, les citoyens se mobilisent pour dire que ce n\u2019est pas juste un arbre qui a \u00e9t\u00e9 coup\u00e9, c\u2019est une esp\u00e9rance qu\u2019on a cherch\u00e9 \u00e0 saboter<\/p>\n<p>            Ha\u00efm Korsia, grand rabbin de France\n    <\/p><\/blockquote>\n<p class=\"fig-paragraph\">Pr\u00e9sent \u00e0 \u00c9pinay-sur-Seine apr\u00e8s la d\u00e9couverte de l\u2019olivier tron\u00e7onn\u00e9, le grand rabbin de France, Ha\u00efm Korsia, a dit trouver \u00ab\u00a0\u00e9mouvant que l\u2019\u00c9tat, la mairie, les citoyens se mobilisent pour dire que ce n\u2019est pas juste un arbre qui a \u00e9t\u00e9 coup\u00e9, c\u2019est une esp\u00e9rance qu\u2019on a cherch\u00e9 \u00e0 saboter\u00a0\u00bb. Il a ensuite pri\u00e9 avec d\u2019autres membres de la communaut\u00e9 juive devant la st\u00e8le en hommage \u00e0 Ilan Halimi.<\/p>\n<p class=\"fig-paragraph\">Quelque 504\u00a0actes antis\u00e9mites ont \u00e9t\u00e9 relev\u00e9s en France entre janvier et mai 2025, soit une augmentation de 134\u00a0% par rapport \u00e0 la m\u00eame p\u00e9riode deux ans plus t\u00f4t, selon des chiffres diffus\u00e9s d\u00e9but juillet par le minist\u00e8re de l\u2019Int\u00e9rieur. Malgr\u00e9 une baisse de 24\u00a0% par rapport \u00e0 2024, le niveau reste \u00ab\u00a0tr\u00e8s \u00e9lev\u00e9\u00a0\u00bb.<\/p>\n","protected":false},"excerpt":{"rendered":"Une enqu\u00eate a \u00e9t\u00e9 ouverte \u00e0 \u00c9pinay-sur-Seine, en Seine-Saint-Denis, pour retrouver l\u2019auteur de cet acte \u00e0 caract\u00e8re antis\u00e9mite.&hellip;\n","protected":false},"author":2,"featured_media":321283,"comment_status":"","ping_status":"","sticky":false,"template":"","format":"standard","meta":{"footnotes":""},"categories":[4],"tags":[11,6155,1011,27,12,25],"class_list":{"0":"post-321282","1":"post","2":"type-post","3":"status-publish","4":"format-standard","5":"has-post-thumbnail","7":"category-france","8":"tag-actualites","9":"tag-antisemitisme","10":"tag-fr","11":"tag-france","12":"tag-news","13":"tag-republique-francaise"},"share_on_mastodon":{"url":"https:\/\/pubeurope.com\/@fr\/115034090624091270","error":""},"_links":{"self":[{"href":"https:\/\/www.europesays.com\/fr\/wp-json\/wp\/v2\/posts\/321282","targetHints":{"allow":["GET"]}}],"collection":[{"href":"https:\/\/www.europesays.com\/fr\/wp-json\/wp\/v2\/posts"}],"about":[{"href":"https:\/\/www.europesays.com\/fr\/wp-json\/wp\/v2\/types\/post"}],"author":[{"embeddable":true,"href":"https:\/\/www.europesays.com\/fr\/wp-json\/wp\/v2\/users\/2"}],"replies":[{"embeddable":true,"href":"https:\/\/www.europesays.com\/fr\/wp-json\/wp\/v2\/comments?post=321282"}],"version-history":[{"count":0,"href":"https:\/\/www.europesays.com\/fr\/wp-json\/wp\/v2\/posts\/321282\/revisions"}],"wp:featuredmedia":[{"embeddable":true,"href":"https:\/\/www.europesays.com\/fr\/wp-json\/wp\/v2\/media\/321283"}],"wp:attachment":[{"href":"https:\/\/www.europesays.com\/fr\/wp-json\/wp\/v2\/media?parent=321282"}],"wp:term":[{"taxonomy":"category","embeddable":true,"href":"https:\/\/www.europesays.com\/fr\/wp-json\/wp\/v2\/categories?post=321282"},{"taxonomy":"post_tag","embeddable":true,"href":"https:\/\/www.europesays.com\/fr\/wp-json\/wp\/v2\/tags?post=321282"}],"curies":[{"name":"wp","href":"https:\/\/api.w.org\/{rel}","templated":true}]}}