{"id":321292,"date":"2025-08-15T18:05:17","date_gmt":"2025-08-15T18:05:17","guid":{"rendered":"https:\/\/www.europesays.com\/fr\/321292\/"},"modified":"2025-08-15T18:05:17","modified_gmt":"2025-08-15T18:05:17","slug":"retrouver-de-la-fierte-acquerir-des-competences-selon-nanou-bouillet","status":"publish","type":"post","link":"https:\/\/www.europesays.com\/fr\/321292\/","title":{"rendered":"\u00ab Retrouver de la fiert\u00e9, acqu\u00e9rir des comp\u00e9tences \u00bb, selon Nanou Bouillet"},"content":{"rendered":"<p>\u00c7a bouge pour le patrimoine. Nanou Bouillet, historienne de l\u2019art, est pr\u00e9sidente fondatrice de l\u2019association L <a href=\"https:\/\/www.estrepublicain.fr\/culture-loisirs\/2024\/12\/06\/les-jeunes-ambassadeurs-du-patrimoine-tracent-leur-route\" target=\"_blank\" rel=\"nofollow noopener\">es Jeunes Ambassadeurs du Patrimoine<\/a> (\u00a0\u00ab\u00a0les Jap\u00a0\u00bb, ndlr)\u00a0\u00bb. Le si\u00e8ge social de la structure est situ\u00e9 cours L\u00e9opold \u00e0 Nancy dans des locaux de la Chambre de commerce et d\u2019industrie de Meurthe-et-Moselle. Elle permet de faire revivre le patrimoine gr\u00e2ce \u00e0 l\u2019implication des jeunes d\u2019un territoire qui le font visiter au public. Commenc\u00e9e en Meuse, l\u2019aventure prend de l\u2019ampleur et commence \u00e0 irriguer la France enti\u00e8re.<\/p>\n<blockquote class=\"question\"><p>Quand l\u2019association a-t-elle vu le jour et quel est son but\u00a0?<\/p><\/blockquote>\n<p><strong>Nanou Bouillet :<\/strong> \u00ab\u00a0Elle a \u00e9t\u00e9 cr\u00e9\u00e9e en juin\u00a02024, mais les Jap existent depuis 2004-2005. Son but est de former des jeunes de 12 \u00e0 18 ans sur le territoire et <a href=\"https:\/\/www.estrepublicain.fr\/culture-loisirs\/2023\/12\/29\/jeunes-ambassadeurs-du-patrimoine-chaque-enfant-a-un-potentiel-affirme-nanou-bouillet\" target=\"_blank\" rel=\"nofollow noopener\">leur permettre de se r\u00e9approprier leur patrimoine<\/a> , de le faire conna\u00eetre, de retrouver la fiert\u00e9 d\u2019eux-m\u00eames et de leur secteur. Mais aussi d\u2019acqu\u00e9rir des comp\u00e9tences qu\u2019ils peuvent valoriser par la suite dans leur parcours professionnel et&#8230;<\/p>\n","protected":false},"excerpt":{"rendered":"\u00c7a bouge pour le patrimoine. Nanou Bouillet, historienne de l\u2019art, est pr\u00e9sidente fondatrice de l\u2019association L es Jeunes&hellip;\n","protected":false},"author":2,"featured_media":321291,"comment_status":"","ping_status":"","sticky":false,"template":"","format":"standard","meta":{"footnotes":""},"categories":[9635],"tags":[1111,11,1687,1777,674,1011,27,775,937,1702,12,2661,3456,25,104],"class_list":{"0":"post-321292","1":"post","2":"type-post","3":"status-publish","4":"format-standard","5":"has-post-thumbnail","7":"category-nancy","8":"tag-actu","9":"tag-actualites","10":"tag-culture-loisirs","11":"tag-eu","12":"tag-europe","13":"tag-fr","14":"tag-france","15":"tag-grand-est","16":"tag-histoire","17":"tag-nancy","18":"tag-news","19":"tag-patrimoine-culturel","20":"tag-region-lorraine","21":"tag-republique-francaise","22":"tag-societe"},"share_on_mastodon":{"url":"https:\/\/pubeurope.com\/@fr\/115034110196962788","error":""},"_links":{"self":[{"href":"https:\/\/www.europesays.com\/fr\/wp-json\/wp\/v2\/posts\/321292","targetHints":{"allow":["GET"]}}],"collection":[{"href":"https:\/\/www.europesays.com\/fr\/wp-json\/wp\/v2\/posts"}],"about":[{"href":"https:\/\/www.europesays.com\/fr\/wp-json\/wp\/v2\/types\/post"}],"author":[{"embeddable":true,"href":"https:\/\/www.europesays.com\/fr\/wp-json\/wp\/v2\/users\/2"}],"replies":[{"embeddable":true,"href":"https:\/\/www.europesays.com\/fr\/wp-json\/wp\/v2\/comments?post=321292"}],"version-history":[{"count":0,"href":"https:\/\/www.europesays.com\/fr\/wp-json\/wp\/v2\/posts\/321292\/revisions"}],"wp:featuredmedia":[{"embeddable":true,"href":"https:\/\/www.europesays.com\/fr\/wp-json\/wp\/v2\/media\/321291"}],"wp:attachment":[{"href":"https:\/\/www.europesays.com\/fr\/wp-json\/wp\/v2\/media?parent=321292"}],"wp:term":[{"taxonomy":"category","embeddable":true,"href":"https:\/\/www.europesays.com\/fr\/wp-json\/wp\/v2\/categories?post=321292"},{"taxonomy":"post_tag","embeddable":true,"href":"https:\/\/www.europesays.com\/fr\/wp-json\/wp\/v2\/tags?post=321292"}],"curies":[{"name":"wp","href":"https:\/\/api.w.org\/{rel}","templated":true}]}}