{"id":321313,"date":"2025-08-15T18:24:15","date_gmt":"2025-08-15T18:24:15","guid":{"rendered":"https:\/\/www.europesays.com\/fr\/321313\/"},"modified":"2025-08-15T18:24:15","modified_gmt":"2025-08-15T18:24:15","slug":"national-2-a-bordeaux-face-a-une-meute-de-pretendants","status":"publish","type":"post","link":"https:\/\/www.europesays.com\/fr\/321313\/","title":{"rendered":"National 2 A. Bordeaux face \u00e0 une meute de pr\u00e9tendants !"},"content":{"rendered":"<p><img loading=\"lazy\" decoding=\"async\" width=\"696\" height=\"464\" class=\"lazyload entry-thumb\" src=\"https:\/\/www.europesays.com\/fr\/wp-content\/uploads\/2025\/08\/ABC_0470-696x464.jpg\" alt=\"Bruno Irles, l'entra\u00eeneur bordelais.\" title=\"Bordeaux - Blois\"\/>Bruno Irles, l&rsquo;entra\u00eeneur bordelais. (Photo Philippe Le Brech)<\/p>\n<p style=\"font-size:20px\"><strong>Apr\u00e8s une saison d\u00e9cevante, les Girondins de Bordeaux ont (presque) tout chang\u00e9 ! Mais les pr\u00e9tendants \u00e0 la mont\u00e9e sont nombreux dans le groupe A.<\/strong><\/p>\n<p>Quatri\u00e8mes la saison derni\u00e8re, les Girondins de Bordeaux ont un peu la pression \u00e0 l\u2019aube de cette nouvelle saison. Afin de respecter le plan mis en place par G\u00e9rard Lopez dans le cadre du redressement judiciaire, la mont\u00e9e en National est obligatoire ! L\u2019effectif a beaucoup boug\u00e9 avec quinze arriv\u00e9es. Seulement cinq joueurs de l\u2019effectif de l\u2019an dernier restent dans le groupe. Il y a donc forc\u00e9ment des interrogations.<\/p>\n<p>Si les Girondins sont un favori par obligation, de nombreux clubs sont ambitieux dans ce groupe A. Les deux premiers sont forc\u00e9ment le Vend\u00e9e Les Herbiers Football et l\u2019US Saint-Malo, respectivement deuxi\u00e8me et troisi\u00e8me la saison derni\u00e8re. Les deux clubs ont un effectif rest\u00e9 stables, tout en cherchant \u00e0 se bonifier. Mais attention \u00e0 Angoul\u00eame Charente FC, qui change de groupe, mais avec un recrutement de qualit\u00e9. Affamah (FC Nantes), Dasquet (Chambly), Escarpit (Beauvais), Kamissoko (Cannes) vont apporter de la profondeur au groupe de David Giguel.<\/p>\n<p><strong>Des promus qui peuvent cr\u00e9er la surprise ?<\/strong><\/p>\n<p>l\u2019US Avranches Mont Saint-Michel, Le Roche Vend\u00e9e sont de s\u00e9rieux outsiders. Mais attention aux promus, et notamment l\u2019Aviron Bayonnais qui a gard\u00e9 ses forces vives tout en recrutant quelques joueurs habitu\u00e9s \u00e0 l\u2019\u00e9tage sup\u00e9rieur comme Bardy, Philippon, De Lima. Le FC Chauray sera toujours aussi costaud et le FC Montlouis s\u2019est bonifi\u00e9 mais est-ce que \u00e7a suffira en National 2 ? Enfin la r\u00e9serve du FC Lorient sera la seule \u00e0 ce niveau cette saison\u2026 il faudra donc cravacher pour se maintenir.<\/p>\n<p>L\u2019Olympique Saumur, les Voltigeurs Ch\u00e2teaubriant, la Saint-Colomban Locmin\u00e9, Dinan L\u00e9hon FC, le Stade Poitevin et l\u2019US Granville peuvent-ils cr\u00e9er la surpise ? En tout cas, ils vont tenter de s\u2019imiscer rapidement dans la premi\u00e8re partie de tableau pour rester loin de la zone rouge.<br \/><strong><a href=\"https:\/\/footamateur.ouest-france.fr\/national-2-le-programme-complet-de-la-premiere-journee-2025\/\" target=\"_blank\" rel=\"noreferrer noopener nofollow\">&gt;&gt;&gt; National 2. Le programme complet de la premi\u00e8re journ\u00e9e<\/a><\/strong><\/p>\n<p><a href=\"https:\/\/footamateur.ouest-france.fr\/author\/jerome\/\" class=\"url\" title=\"J\u00e9rome Bouchacourt\" rel=\"nofollow noopener\" target=\"_blank\"> <img decoding=\"async\" src=\"https:\/\/www.europesays.com\/fr\/wp-content\/uploads\/2025\/04\/moi.jpg\" class=\"lazyload photo\" width=\"250\" alt=\"J\u00e9rome Bouchacourt\"\/><\/a><\/p>\n<p>SEO et r\u00e9dacteur en chef chez Sports M\u00e9dia<\/p>\n<p>Petit Suisse originaire de Lausanne, au bord du Lac L\u00e9man, biberonn\u00e9 au Beaujolais depuis ses deux ans, J\u00e9r\u00f4me a migr\u00e9 dans la r\u00e9gion nantaise au d\u00e9but des ann\u00e9es 2000. Fan de football amateur, de ses rencontres, ses terrains bossel\u00e9s, ses buvettes conviviales, il est aussi un bon vivant qui adore la cuisine lyonnaise ! Fondateur de Footamateur.fr en mai 2014.<\/p>\n<p><a href=\"https:\/\/footamateur.ouest-france.fr\/author\/jerome\/\" class=\"url\" title=\"J\u00e9rome Bouchacourt\" rel=\"nofollow noopener\" target=\"_blank\"><img decoding=\"async\" src=\"https:\/\/www.europesays.com\/fr\/wp-content\/uploads\/2025\/04\/moi.jpg\" class=\"lazyload photo\" width=\"250\" alt=\"J\u00e9rome Bouchacourt\"\/><\/a>Les derniers articles par J\u00e9rome Bouchacourt (<a href=\"https:\/\/footamateur.ouest-france.fr\/author\/jerome\/\" rel=\"nofollow noopener\" target=\"_blank\">tout voir<\/a>)<\/p>\n","protected":false},"excerpt":{"rendered":"Bruno Irles, l&rsquo;entra\u00eeneur bordelais. (Photo Philippe Le Brech) Apr\u00e8s une saison d\u00e9cevante, les Girondins de Bordeaux ont (presque)&hellip;\n","protected":false},"author":2,"featured_media":321314,"comment_status":"","ping_status":"","sticky":false,"template":"","format":"standard","meta":{"footnotes":""},"categories":[2817],"tags":[1111,11,1997,1777,674,1011,27,12,2219,25],"class_list":{"0":"post-321313","1":"post","2":"type-post","3":"status-publish","4":"format-standard","5":"has-post-thumbnail","7":"category-bordeaux","8":"tag-actu","9":"tag-actualites","10":"tag-bordeaux","11":"tag-eu","12":"tag-europe","13":"tag-fr","14":"tag-france","15":"tag-news","16":"tag-nouvelle-aquitaine","17":"tag-republique-francaise"},"share_on_mastodon":{"url":"https:\/\/pubeurope.com\/@fr\/115034185621489356","error":""},"_links":{"self":[{"href":"https:\/\/www.europesays.com\/fr\/wp-json\/wp\/v2\/posts\/321313","targetHints":{"allow":["GET"]}}],"collection":[{"href":"https:\/\/www.europesays.com\/fr\/wp-json\/wp\/v2\/posts"}],"about":[{"href":"https:\/\/www.europesays.com\/fr\/wp-json\/wp\/v2\/types\/post"}],"author":[{"embeddable":true,"href":"https:\/\/www.europesays.com\/fr\/wp-json\/wp\/v2\/users\/2"}],"replies":[{"embeddable":true,"href":"https:\/\/www.europesays.com\/fr\/wp-json\/wp\/v2\/comments?post=321313"}],"version-history":[{"count":0,"href":"https:\/\/www.europesays.com\/fr\/wp-json\/wp\/v2\/posts\/321313\/revisions"}],"wp:featuredmedia":[{"embeddable":true,"href":"https:\/\/www.europesays.com\/fr\/wp-json\/wp\/v2\/media\/321314"}],"wp:attachment":[{"href":"https:\/\/www.europesays.com\/fr\/wp-json\/wp\/v2\/media?parent=321313"}],"wp:term":[{"taxonomy":"category","embeddable":true,"href":"https:\/\/www.europesays.com\/fr\/wp-json\/wp\/v2\/categories?post=321313"},{"taxonomy":"post_tag","embeddable":true,"href":"https:\/\/www.europesays.com\/fr\/wp-json\/wp\/v2\/tags?post=321313"}],"curies":[{"name":"wp","href":"https:\/\/api.w.org\/{rel}","templated":true}]}}