{"id":321315,"date":"2025-08-15T18:25:17","date_gmt":"2025-08-15T18:25:17","guid":{"rendered":"https:\/\/www.europesays.com\/fr\/321315\/"},"modified":"2025-08-15T18:25:17","modified_gmt":"2025-08-15T18:25:17","slug":"quel-temps-fera-t-il-a-toulouse-et-en-occitanie-ce-week-end","status":"publish","type":"post","link":"https:\/\/www.europesays.com\/fr\/321315\/","title":{"rendered":"quel temps fera-t-il \u00e0 Toulouse et en Occitanie ce week-end\u00a0?"},"content":{"rendered":"<p>            Par<br \/>\n        <strong><br \/>\n            <a href=\"https:\/\/actu.fr\/auteur\/nina-hossein-zadeh\" title=\"Consulter tous les articles de Nina Hossein-Zadeh\" target=\"_blank\" rel=\"noopener\">Nina Hossein-Zadeh<\/a><br \/>\n        <\/strong><\/p>\n<p>        Publi\u00e9 le<\/p>\n<p>            15 ao\u00fbt 2025 \u00e0 7h02        <\/p>\n<p>Deux jours d\u2019alerte rouge canicule. <a href=\"https:\/\/actu.fr\/toulouse\/\" target=\"_blank\" rel=\"noopener\"><strong>Toulouse<\/strong><\/a> a suffoqu\u00e9 cette semaine sous un soleil de plomb et <a href=\"https:\/\/actu.fr\/occitanie\/toulouse_31555\/l-une-des-journees-les-plus-chaudes-de-l-histoire-a-toulouse-quels-sont-les-records-meteo_63025825.html\" target=\"_blank\" rel=\"noopener\"><strong>des temp\u00e9ratures d\u00e9passant les 40\u00b0C en d\u00e9but de semaine.<\/strong> <\/a>Depuis mercredi 13\u00a0ao\u00fbt, le d\u00e9partement est repass\u00e9 en alerte orange canicule et <strong>la pluie s\u2019est tr\u00e8s largement abattue sur la Ville rose dans la nuit de mercredi \u00e0 jeudi.<\/strong> Mais le mercure ne va pas descendre pour autant en ce week-end de l\u2019Assomption. Voici les pr\u00e9visions de M\u00e9t\u00e9o France de vendredi 15 \u00e0 dimanche 17 ao\u00fbt 2025 \u00e0 Toulouse et en Occitanie.<\/p>\n<p>Plus de 30\u00b0C en matin\u00e9e, presque 40\u00b0C dans l\u2019apr\u00e8s-midi \u00e0 Toulouse<\/p>\n<p class=\" wall-content\">Vendredi, le soleil n\u2019aura pas quitt\u00e9 la Ville rose et d\u00e8s le matin, les temp\u00e9ratures seront \u00e9lev\u00e9es. Selon M\u00e9t\u00e9o France, il fera 31\u00b0C dans la matin\u00e9e,<strong> avec un ressenti de 37\u00b0C<\/strong>. Dans l\u2019apr\u00e8s-midi du vendredi,<strong> le mercure devrait atteindre les 38\u00b0C avec un ressenti de 40\u00b0C<\/strong>. Une l\u00e9g\u00e8re brise de 10km\/h est tout de m\u00eame attendue.<\/p>\n<p class=\" wall-content\">Dans la nuit de vendredi \u00e0 samedi, il fera chaud, avec une temp\u00e9rature de 25\u00b0C pour un ressenti de 31\u00b0C\u2026 La nuit risque d\u2019\u00eatre agit\u00e9e avant la journ\u00e9e de samedi, toujours caniculaire.<\/p>\n<p class=\" wall-content\">Toujours sous un gros soleil, il devrait faire 31\u00b0C dans la matin\u00e9e \u00e0 Toulouse et 38\u00b0C dans l\u2019apr\u00e8s-midi. Est attendu \u00e9galement un petit vent de 15km\/h<strong>, avant d\u2019avoir une nuit un peu plus fra\u00eeche \u00e0 24\u00b0C.<\/strong><\/p>\n<p class=\" wall-content\">Dimanche, les Toulousains devraient respirer davantage. Si le soleil continuera de briller dans le ciel, les temp\u00e9ratures vont l\u00e9g\u00e8rement baisser. <strong>28\u00b0C sont attendus dans la matin\u00e9e, contre 34\u00b0C dans l\u2019apr\u00e8s-midi.<\/strong><\/p>\n<p>Vid\u00e9os : en ce moment sur Actu<br \/>\n    <img   decoding=\"async\" loading=\"lazy\" src=\"https:\/\/www.europesays.com\/fr\/wp-content\/uploads\/2025\/08\/capture-decran-2025-08-14-104234-960x640.png\" alt=\"Les pr\u00e9visions M\u00e9t\u00e9o France pour le week-end de l'Assomption \u00e0 Toulouse.\" width=\"960\" height=\"640\"\/><br \/>\n    Les pr\u00e9visions M\u00e9t\u00e9o France pour le week-end de l\u2019Assomption \u00e0 Toulouse. (\u00a9M\u00e9t\u00e9o France)Soleil, chaleur et rafales de vent en Occitanie<\/p>\n<p class=\" wall-content\">Dans la r\u00e9gion Occitanie, le soleil va \u00e9galement \u00eatre au rendez-vous sur l\u2019ensemble du territoire. Vendredi matin, il fera au plus frais 22\u00b0C \u00e0 Font-Romeu-Odeillo-Via et au plus chaud 34\u00b0C \u00e0 Montpellier. Dans l\u2019apr\u00e8s-midi,<strong> le mercure devrait atteindre les 39\u00b0C \u00e0 Montpellier<\/strong>\u2009: c\u2019est l\u00e0 o\u00f9 il fera le plus chaud. La ville est suivie de pr\u00e8s par les 38\u00b0C \u00e0 Auch, 36\u00b0C \u00e0 B\u00e9zier ou encore 32\u00b0C \u00e0 Mende.<\/p>\n<p class=\" wall-content\">Dans la journ\u00e9e de samedi, l\u2019\u00e9cart se maintient entre<strong> Font-Romeu-Odeillo-Via o\u00f9 il fera 22\u00b0C<\/strong> et Montpellier qui atteindra les 35\u00b0C dans la matin\u00e9e. 29\u00b0C sont attendus \u00e0 Tarbes et 26\u00b0C \u00e0 Rodez. Dans l\u2019apr\u00e8s-midi, il fera toujours aussi chaud\u2009: 39\u00b0C \u00e0 Montpellier, 36\u00b0C \u00e0 Saint-C\u00e9r\u00e9 et 37\u00b0C \u00e0 Montauban. Des rafales de vent comprises <strong>entre 10 et 50km\/h sont attendues sur le pourtour m\u00e9diterran\u00e9en.<\/strong><\/p>\n<p>    <img   decoding=\"async\" loading=\"lazy\" src=\"https:\/\/www.europesays.com\/fr\/wp-content\/uploads\/2025\/08\/capture-decran-2025-08-14-113114-960x640.png\" alt=\"Les pr\u00e9visions M\u00e9t\u00e9o France en Occitanie.\" width=\"960\" height=\"640\"\/><br \/>\n    Les pr\u00e9visions M\u00e9t\u00e9o France en Occitanie. (\u00a9M\u00e9t\u00e9o France)<\/p>\n<p class=\" wall-content\">Dimanche matin, il fera 23\u00b0C \u00e0 Font-Romeu-Odeillo-Via, 25\u00b0C \u00e0 Saint-Affrique, et 33\u00b0C \u00e0 Montpellier et Perpignan. Dans l\u2019apr\u00e8s-midi, les temp\u00e9ratures devraient grimper jusqu\u2019\u00e0 37\u00b0C \u00e0 Montpellier, 25 \u00e0 Laguiole, 35\u00b0C \u00e0 Al\u00e8s ou encore 32\u00b0C \u00e0 Saint-Gaudens. Les rafales de vent vont s\u2019\u00e9tendre sur le territoire jusque Rodez, Castres et Font-Romeu-Odeillo-Via.<\/p>\n<p class=\" wall-content\">Suivez toute l\u2019actualit\u00e9 de vos villes et m\u00e9dias favoris en vous inscrivant \u00e0 <a href=\"https:\/\/moncompte.actu.fr\" title=\"D\u00e9couvez Mon Actu\" rel=\"nofollow noopener\" data-trk=\"{&quot;cta&quot;:{&quot;action&quot;:&quot;https:\\\/\\\/moncompte.actu.fr&quot;,&quot;category&quot;:&quot;mon compte&quot;,&quot;from&quot;:&quot;article footer&quot;,&quot;name&quot;:&quot;Mon actu&quot;,&quot;type&quot;:&quot;cta&quot;}}\" target=\"_blank\">Mon Actu<\/a>.<\/p>\n<ul class=\"ac-article-tag wall-content\">\n<li><a href=\"https:\/\/actu.fr\/tag\/meteo-france\" data-trk=\"{&quot;cta&quot;:{&quot;action&quot;:&quot;M\\u00e9t\\u00e9o France&quot;,&quot;category&quot;:&quot;tag&quot;,&quot;from&quot;:&quot;article footer&quot;,&quot;name&quot;:&quot;M\\u00e9t\\u00e9o France&quot;,&quot;type&quot;:&quot;cta&quot;}}\" target=\"_blank\" rel=\"noopener\">#M\u00e9t\u00e9o France<\/a><\/li>\n<li><a href=\"https:\/\/actu.fr\/tag\/vague-de-chaleur\" data-trk=\"{&quot;cta&quot;:{&quot;action&quot;:&quot;Vague de chaleur&quot;,&quot;category&quot;:&quot;tag&quot;,&quot;from&quot;:&quot;article footer&quot;,&quot;name&quot;:&quot;Vague de chaleur&quot;,&quot;type&quot;:&quot;cta&quot;}}\" target=\"_blank\" rel=\"noopener\">#Vague de chaleur<\/a><\/li>\n<\/ul>\n","protected":false},"excerpt":{"rendered":"Par Nina Hossein-Zadeh Publi\u00e9 le 15 ao\u00fbt 2025 \u00e0 7h02 Deux jours d\u2019alerte rouge canicule. Toulouse a suffoqu\u00e9&hellip;\n","protected":false},"author":2,"featured_media":321316,"comment_status":"","ping_status":"","sticky":false,"template":"","format":"standard","meta":{"footnotes":""},"categories":[2816],"tags":[1111,11,1777,674,1011,27,2357,12,2680,25,104,2312,15637],"class_list":{"0":"post-321315","1":"post","2":"type-post","3":"status-publish","4":"format-standard","5":"has-post-thumbnail","7":"category-toulouse","8":"tag-actu","9":"tag-actualites","10":"tag-eu","11":"tag-europe","12":"tag-fr","13":"tag-france","14":"tag-meteo-france","15":"tag-news","16":"tag-occitanie","17":"tag-republique-francaise","18":"tag-societe","19":"tag-toulouse","20":"tag-vague-de-chaleur"},"share_on_mastodon":{"url":"https:\/\/pubeurope.com\/@fr\/115034189060675636","error":""},"_links":{"self":[{"href":"https:\/\/www.europesays.com\/fr\/wp-json\/wp\/v2\/posts\/321315","targetHints":{"allow":["GET"]}}],"collection":[{"href":"https:\/\/www.europesays.com\/fr\/wp-json\/wp\/v2\/posts"}],"about":[{"href":"https:\/\/www.europesays.com\/fr\/wp-json\/wp\/v2\/types\/post"}],"author":[{"embeddable":true,"href":"https:\/\/www.europesays.com\/fr\/wp-json\/wp\/v2\/users\/2"}],"replies":[{"embeddable":true,"href":"https:\/\/www.europesays.com\/fr\/wp-json\/wp\/v2\/comments?post=321315"}],"version-history":[{"count":0,"href":"https:\/\/www.europesays.com\/fr\/wp-json\/wp\/v2\/posts\/321315\/revisions"}],"wp:featuredmedia":[{"embeddable":true,"href":"https:\/\/www.europesays.com\/fr\/wp-json\/wp\/v2\/media\/321316"}],"wp:attachment":[{"href":"https:\/\/www.europesays.com\/fr\/wp-json\/wp\/v2\/media?parent=321315"}],"wp:term":[{"taxonomy":"category","embeddable":true,"href":"https:\/\/www.europesays.com\/fr\/wp-json\/wp\/v2\/categories?post=321315"},{"taxonomy":"post_tag","embeddable":true,"href":"https:\/\/www.europesays.com\/fr\/wp-json\/wp\/v2\/tags?post=321315"}],"curies":[{"name":"wp","href":"https:\/\/api.w.org\/{rel}","templated":true}]}}