{"id":321319,"date":"2025-08-15T18:28:21","date_gmt":"2025-08-15T18:28:21","guid":{"rendered":"https:\/\/www.europesays.com\/fr\/321319\/"},"modified":"2025-08-15T18:28:21","modified_gmt":"2025-08-15T18:28:21","slug":"du-18-septembre-2025-au-05-janvier-2026-le-palais-des-beaux-arts-de-lille-propose-lexposition-petite-histoire-de-geants","status":"publish","type":"post","link":"https:\/\/www.europesays.com\/fr\/321319\/","title":{"rendered":"Du 18 septembre 2025 au 05 janvier 2026, le Palais des Beaux-Arts de Lille propose l&rsquo;exposition \u00ab\u00a0Petite histoire de g\u00e9ants\u00a0\u00bb"},"content":{"rendered":"<p style=\"text-align: justify;\">Pour les <strong>20 ans de leur reconnaissance <\/strong>au <strong>patrimoine culturel immat\u00e9riel de l\u2019humanit\u00e9<\/strong> par <strong>l\u2019UNESCO,<\/strong>\u00a0le <strong>Palais des Beaux-Arts de Lille<\/strong> consacre une <strong>exposition aux g\u00e9ants,<\/strong> <strong>embl\u00e9matiques du Nord de la France<\/strong> et de <strong>Belgique.<\/strong><\/p>\n<p style=\"text-align: justify;\">On les appelle <strong>Reuze<\/strong> (g\u00e9ant en flamand) \u00e0 <strong>Dunkerque<\/strong> ou<strong> Cassel,<\/strong> <strong>Gayant<\/strong> (g\u00e9ant en picard) \u00e0 <strong>Douai, <\/strong>ou encore<strong> Jehan, forme ancienne du nom Jean. <\/strong>Pouvant <strong>mesurer jusqu\u2019\u00e0 7 m\u00e8tres de haut,<\/strong> les<strong> G\u00e9ants <\/strong>perp\u00e9tuent une <strong>tradition vieille de pr\u00e8s de 500 ans.<\/strong><\/p>\n<p style=\"text-align: justify;\">D\u2019o\u00f9 viennent-ils ? Comment sont-ils con\u00e7us ? \u00c0 quelles occasions sortent-ils ? Comment s\u2019est d\u00e9roul\u00e9e leur inscription \u00e0 l\u2019UNESCO ?<\/p>\n<p><img loading=\"lazy\" decoding=\"async\" width=\"819\" height=\"1024\" src=\"https:\/\/www.europesays.com\/fr\/wp-content\/uploads\/2025\/08\/pba_petite_histoire_geants_02-819x1024.jpg\" alt=\"\" class=\"wp-image-86526\" style=\"aspect-ratio:0.7998046875;width:400px\"  \/><\/p>\n<p style=\"text-align: justify;\"><strong>D\u00e9couvrez <\/strong>ou <strong>red\u00e9couvrez leur fabuleuse histoire<\/strong> \u00e0 travers les <strong>collections \u00e9tonnantes du Mus\u00e9e de l\u2019Hospice Comtesse de Lille <\/strong>(photographies, cartes postales, gravures, enseigne\u2026) mais aussi <strong>un ensemble de planches, dessins<\/strong> et<strong> film <\/strong>du <strong>Palais des Beaux-Arts<\/strong> sign\u00e9s<strong> Fran\u00e7ois Boucq<\/strong> autour de <strong>Lyd\u00e9ric<\/strong> et <strong>Phinaert,<\/strong> les <strong>c\u00e9l\u00e8bres g\u00e9ants de Lille.<\/strong> <strong>Une t\u00eate de g\u00e9ant en papier m\u00e2ch\u00e9<\/strong> et <strong>un corps en osier <\/strong>permettront aussi de <strong>r\u00e9v\u00e9ler tous leurs secrets de fabrication.<\/strong><\/p>\n<p style=\"text-align: justify;\"><strong>Un \u00ab petit \u00bb Lyd\u00e9ric de 3,70 m\u00e8tres,<\/strong> <strong>invit\u00e9 surprise<\/strong> de la <strong>Maison des G\u00e9ants d\u2019Ath<\/strong> (Belgique), sera<strong> aussi de la partie !<\/strong><\/p>\n<p style=\"text-align: justify;\">Cette <strong>exposition <\/strong>sera <strong>assortie de plusieurs \u00e9v\u00e9nements,<\/strong> <strong>orchestr\u00e9s <\/strong>par <strong>Dorian Demar<\/strong><strong>cq<\/strong> (artisan d\u2019art, facteur de g\u00e9ants) : vernissage festif avec fanfare et r\u00e9union de g\u00e9ants, journ\u00e9e du patrimoine les 20 et 21 septembre et Nuit terrible d\u2019Halloween le 31 octobre 2025.<\/p>\n<p><img loading=\"lazy\" decoding=\"async\" width=\"9\" height=\"9\" class=\"size-full wp-image-45 tie-appear\" src=\"https:\/\/www.europesays.com\/fr\/wp-content\/uploads\/2025\/04\/arrow.png\" alt=\"\"\/> <strong>Vernissage ouvert \u00e0 tous<\/strong> le <strong>mercredi 17 septembre 2025 \u00e0 18h30<\/strong><\/p>\n<p><img loading=\"lazy\" decoding=\"async\" width=\"9\" height=\"9\" class=\"size-full wp-image-45 tie-appear\" src=\"https:\/\/www.europesays.com\/fr\/wp-content\/uploads\/2025\/04\/arrow.png\" alt=\"\"\/> <strong>Week-end G\u00e9ant<\/strong> \u00e0 l\u2019occasion des <strong>Journ\u00e9es europ\u00e9ennes du patrimoine<\/strong> les<strong> 20 et 21 septembre 2025<\/strong><\/p>\n<p style=\"text-align: justify;\">Cette exposition est organis\u00e9e par le Palais des Beaux-Arts et le mus\u00e9e de l\u2019Hospice Comtesse \/ Ville de Lille dans le cadre de Fiesta, 7\u00e8me \u00e9dition de lille3000, avec le concours de la D\u00e9l\u00e9gation de la Flandre en France, en partenariat avec les Archives municipales de Lille et la Biblioth\u00e8que municipale de Lille.<\/p>\n<p><strong>Infos pratiques<\/strong><br \/><strong><img decoding=\"async\" loading=\"lazy\" class=\"size-full wp-image-45 lazyloaded tie-appear\" src=\"https:\/\/www.europesays.com\/fr\/wp-content\/uploads\/2025\/04\/arrow.png\" alt=\"\" width=\"9\" height=\"9\" data-lazy-src=\"https:\/\/www.europesays.com\/fr\/wp-content\/uploads\/2025\/04\/arrow.png\"\/><\/strong> <strong>Palais des Beaux-Arts<\/strong><br \/>Place de la R\u00e9publique<\/p>\n<p><strong><img decoding=\"async\" loading=\"lazy\" class=\"size-full wp-image-45 lazyloaded tie-appear\" src=\"https:\/\/www.europesays.com\/fr\/wp-content\/uploads\/2025\/04\/arrow.png\" alt=\"\" width=\"9\" height=\"9\" data-lazy-src=\"https:\/\/www.europesays.com\/fr\/wp-content\/uploads\/2025\/04\/arrow.png\"\/> Horaires :<\/strong><br \/>\u2013 lundi de 14h \u00e0 18h<br \/>\u2013 mercredi au dimanche de 10h \u00e0 18h<br \/>\u2013 ferm\u00e9 le mardi, le 14 juillet 2025<\/p>\n<p><strong><img decoding=\"async\" loading=\"lazy\" class=\"size-full wp-image-45 lazyloaded tie-appear\" src=\"https:\/\/www.europesays.com\/fr\/wp-content\/uploads\/2025\/04\/arrow.png\" alt=\"\" width=\"9\" height=\"9\" data-lazy-src=\"https:\/\/www.europesays.com\/fr\/wp-content\/uploads\/2025\/04\/arrow.png\"\/> Tarifs* : <br \/><\/strong>\u2013 7\u20ac \/ 4\u20ac (pour tous, du lundi au vendredi \u00e0 partir de 16h30) <br \/>\u2013 Gratuit pour tous chaque premier dimanche du mois<br \/>\u2013 Gratuit pour les lillois, lommois et hellemmois chaque dimanche<\/p>\n<p><strong><img decoding=\"async\" loading=\"lazy\" class=\"size-full wp-image-45 lazyloaded tie-appear\" src=\"https:\/\/www.europesays.com\/fr\/wp-content\/uploads\/2025\/04\/arrow.png\" alt=\"\" width=\"9\" height=\"9\" data-lazy-src=\"https:\/\/www.europesays.com\/fr\/wp-content\/uploads\/2025\/04\/arrow.png\"\/><\/strong> <a href=\"http:\/\/www.pba-lille.fr\/\" target=\"_blank\" rel=\"noopener noreferrer nofollow\">Site internet du Palais des Beaux Arts<\/a><\/p>\n<p><strong><b><img decoding=\"async\" loading=\"lazy\" class=\"size-full wp-image-45 lazyloaded tie-appear\" src=\"https:\/\/www.europesays.com\/fr\/wp-content\/uploads\/2025\/04\/1743937991_452_arrow.png\" alt=\"\" width=\"9\" height=\"9\" data-lazy-src=\"https:\/\/www.europesays.com\/fr\/wp-content\/uploads\/2025\/04\/1743937991_452_arrow.png\"\/><\/b><\/strong> <a href=\"https:\/\/lille3000.com\/\" target=\"_blank\" rel=\"noopener nofollow\">Site internet de lille3000<\/a><\/p>\n<p><strong><b><img decoding=\"async\" loading=\"lazy\" class=\"size-full wp-image-45 lazyloaded tie-appear\" src=\"https:\/\/www.europesays.com\/fr\/wp-content\/uploads\/2025\/04\/1743937991_452_arrow.png\" alt=\"\" width=\"9\" height=\"9\" data-lazy-src=\"https:\/\/www.europesays.com\/fr\/wp-content\/uploads\/2025\/04\/1743937991_452_arrow.png\"\/><\/b><\/strong> <a href=\"https:\/\/www.zoomsurlille.fr\/tag\/fiesta\" target=\"_blank\" rel=\"noreferrer noopener nofollow\">D\u00e9couvrez nos articles sur FIESTA<\/a><\/p>\n<p>\u00a0<\/p>\n<p class=\"has-text-align-right\">Source &amp; images : DR \u2013 \u00a9 Ville de Lille<\/p>\n","protected":false},"excerpt":{"rendered":"Pour les 20 ans de leur reconnaissance au patrimoine culturel immat\u00e9riel de l\u2019humanit\u00e9 par l\u2019UNESCO,\u00a0le Palais des Beaux-Arts&hellip;\n","protected":false},"author":2,"featured_media":321320,"comment_status":"","ping_status":"","sticky":false,"template":"","format":"standard","meta":{"footnotes":""},"categories":[2815],"tags":[1111,11,1777,674,3274,1011,27,4926,811,1307,3276,12,3182,45919,25],"class_list":{"0":"post-321319","1":"post","2":"type-post","3":"status-publish","4":"format-standard","5":"has-post-thumbnail","7":"category-lille","8":"tag-actu","9":"tag-actualites","10":"tag-eu","11":"tag-europe","12":"tag-fiesta","13":"tag-fr","14":"tag-france","15":"tag-geants","16":"tag-hauts-de-france","17":"tag-lille","18":"tag-lille3000","19":"tag-news","20":"tag-palais-des-beaux-arts","21":"tag-petite-histoire-de-geants","22":"tag-republique-francaise"},"share_on_mastodon":{"url":"https:\/\/pubeurope.com\/@fr\/115034202486387025","error":""},"_links":{"self":[{"href":"https:\/\/www.europesays.com\/fr\/wp-json\/wp\/v2\/posts\/321319","targetHints":{"allow":["GET"]}}],"collection":[{"href":"https:\/\/www.europesays.com\/fr\/wp-json\/wp\/v2\/posts"}],"about":[{"href":"https:\/\/www.europesays.com\/fr\/wp-json\/wp\/v2\/types\/post"}],"author":[{"embeddable":true,"href":"https:\/\/www.europesays.com\/fr\/wp-json\/wp\/v2\/users\/2"}],"replies":[{"embeddable":true,"href":"https:\/\/www.europesays.com\/fr\/wp-json\/wp\/v2\/comments?post=321319"}],"version-history":[{"count":0,"href":"https:\/\/www.europesays.com\/fr\/wp-json\/wp\/v2\/posts\/321319\/revisions"}],"wp:featuredmedia":[{"embeddable":true,"href":"https:\/\/www.europesays.com\/fr\/wp-json\/wp\/v2\/media\/321320"}],"wp:attachment":[{"href":"https:\/\/www.europesays.com\/fr\/wp-json\/wp\/v2\/media?parent=321319"}],"wp:term":[{"taxonomy":"category","embeddable":true,"href":"https:\/\/www.europesays.com\/fr\/wp-json\/wp\/v2\/categories?post=321319"},{"taxonomy":"post_tag","embeddable":true,"href":"https:\/\/www.europesays.com\/fr\/wp-json\/wp\/v2\/tags?post=321319"}],"curies":[{"name":"wp","href":"https:\/\/api.w.org\/{rel}","templated":true}]}}